{"id":135325,"date":"2020-07-31T16:21:05","date_gmt":"2020-07-31T14:21:05","guid":{"rendered":"https:\/\/kulturbloggen.com\/?p=135325"},"modified":"2020-07-31T16:21:06","modified_gmt":"2020-07-31T14:21:06","slug":"lyssna-laleh-vatten","status":"publish","type":"post","link":"https:\/\/kulturbloggen.com\/?p=135325","title":{"rendered":"Lyssna: Laleh &#8211; Vatten"},"content":{"rendered":"<figure id=\"attachment_135327\" aria-describedby=\"caption-attachment-135327\" style=\"width: 337px\" class=\"wp-caption aligncenter\"><img loading=\"lazy\" decoding=\"async\" class=\"size-full wp-image-135327\" src=\"https:\/\/kulturbloggen.com\/wp-content\/uploads\/2020\/07\/unnamed-3.jpg\" alt=\"\" width=\"337\" height=\"337\" srcset=\"https:\/\/kulturbloggen.com\/wp-content\/uploads\/2020\/07\/unnamed-3.jpg 337w, https:\/\/kulturbloggen.com\/wp-content\/uploads\/2020\/07\/unnamed-3-300x300.jpg 300w, https:\/\/kulturbloggen.com\/wp-content\/uploads\/2020\/07\/unnamed-3-150x150.jpg 150w\" sizes=\"auto, (max-width: 337px) 100vw, 337px\" \/><figcaption id=\"caption-attachment-135327\" class=\"wp-caption-text\">Foto: Lost Army<\/figcaption><\/figure>\n<p>Laleh sl\u00e4ppte en ny singel den 30 juli, \u201dVATTEN\u201d.<\/p>\n<p>Ett pressmeddelande ber\u00e4ttar:<\/p>\n<p>Laleh har ett s\u00e4tt att sk\u00e4nka oss hopp, gl\u00e4dje och k\u00e4rlek med sina l\u00e5tar.<\/p>\n<p>F\u00f6rsta singeln \u201dDet Kommer Bli Bra\u201d fr\u00e5n kommande albumet har redan visat att Laleh bef\u00e4st sin styrka, som en av v\u00e5ra st\u00f6rsta artister. \u201dDet kommer Bli Bra\u201d har dominerat spellistorna under v\u00e5ren och sommaren och ligger fortfarande efter tre m\u00e5nader topp 20 p\u00e5 Spotify. Nu p\u00e5 fredag den 31 juli kommer det \u00e4ntligen ny musik ifr\u00e5n artisten med titeln \u201dVatten\u201d.<\/p>\n<p>\u201dL\u00e5ten g\u00f6r mig glad och hj\u00e4lper mig att komma ih\u00e5g att se saker f\u00f6r vad dom \u00e4r, ibland g\u00f6r man det sv\u00e5rt f\u00f6r sig sj\u00e4lv, vi kallar det t\u00e5rar och regn men det \u00e4r bara vatten. L\u00e5ter p\u00e5minner mig om att ofta g\u00e5r saker \u00f6ver, om det nu \u00e4r \u00e5ngest eller s\u00e5, att \u00e4nd\u00e5 h\u00e5lla ut, att se saker ur ett annat perspektiv.\u201d &#8211; Laleh<\/p>\n<p>Singeln Vatten har ocks\u00e5 f\u00e5tt 2 bonussp\u00e5r med l\u00e5tarna \u201dS\u00e4g N\u00e5nting\u201d och \u201dEtt Slag\u201d, en sommarpresent och kanske \u00e4r dessa tre l\u00e5tar en f\u00f6raning om vad sommarpratet kan komma att handla om.<\/p>\n<p>Laleh har f\u00e5tt den stora \u00e4ran att avrunda \u00e5rets Sommar i P1 den 16 augusti.<\/p>\n<p>\u201dVatten\u201d \u00e4r h\u00e4mtad fr\u00e5n ett album som \u00e4r planerat till v\u00e5ren 2021.<\/p>\n<p><iframe loading=\"lazy\" src=\"https:\/\/open.spotify.com\/embed\/album\/6iIc36ZNFwWv7Y0QhLFcmN\" width=\"300\" height=\"380\" frameborder=\"0\"><\/iframe><\/p>\n","protected":false},"excerpt":{"rendered":"<p>Laleh sl\u00e4ppte en ny singel den 30 juli, \u201dVATTEN\u201d. Ett pressmeddelande ber\u00e4ttar: Laleh har ett s\u00e4tt att sk\u00e4nka oss hopp, gl\u00e4dje och k\u00e4rlek med sina l\u00e5tar. F\u00f6rsta singeln \u201dDet Kommer Bli Bra\u201d fr\u00e5n kommande albumet har redan visat att Laleh bef\u00e4st sin styrka, som en av v\u00e5ra st\u00f6rsta artister. \u201dDet kommer Bli Bra\u201d har dominerat [&hellip;]<\/p>\n","protected":false},"author":13,"featured_media":0,"comment_status":"closed","ping_status":"closed","sticky":false,"template":"","format":"standard","meta":{"_genesis_hide_title":false,"_genesis_hide_breadcrumbs":false,"_genesis_hide_singular_image":false,"_genesis_hide_footer_widgets":false,"_genesis_custom_body_class":"","_genesis_custom_post_class":"","_genesis_layout":"","footnotes":""},"categories":[7,13624],"tags":[],"class_list":{"0":"post-135325","1":"post","2":"type-post","3":"status-publish","4":"format-standard","6":"category-musik","7":"category-toppnytt","8":"entry"},"_links":{"self":[{"href":"https:\/\/kulturbloggen.com\/index.php?rest_route=\/wp\/v2\/posts\/135325","targetHints":{"allow":["GET"]}}],"collection":[{"href":"https:\/\/kulturbloggen.com\/index.php?rest_route=\/wp\/v2\/posts"}],"about":[{"href":"https:\/\/kulturbloggen.com\/index.php?rest_route=\/wp\/v2\/types\/post"}],"author":[{"embeddable":true,"href":"https:\/\/kulturbloggen.com\/index.php?rest_route=\/wp\/v2\/users\/13"}],"replies":[{"embeddable":true,"href":"https:\/\/kulturbloggen.com\/index.php?rest_route=%2Fwp%2Fv2%2Fcomments&post=135325"}],"version-history":[{"count":2,"href":"https:\/\/kulturbloggen.com\/index.php?rest_route=\/wp\/v2\/posts\/135325\/revisions"}],"predecessor-version":[{"id":135328,"href":"https:\/\/kulturbloggen.com\/index.php?rest_route=\/wp\/v2\/posts\/135325\/revisions\/135328"}],"wp:attachment":[{"href":"https:\/\/kulturbloggen.com\/index.php?rest_route=%2Fwp%2Fv2%2Fmedia&parent=135325"}],"wp:term":[{"taxonomy":"category","embeddable":true,"href":"https:\/\/kulturbloggen.com\/index.php?rest_route=%2Fwp%2Fv2%2Fcategories&post=135325"},{"taxonomy":"post_tag","embeddable":true,"href":"https:\/\/kulturbloggen.com\/index.php?rest_route=%2Fwp%2Fv2%2Ftags&post=135325"}],"curies":[{"name":"wp","href":"https:\/\/api.w.org\/{rel}","templated":true}]}}