{"id":135298,"date":"2020-07-29T20:31:18","date_gmt":"2020-07-29T18:31:18","guid":{"rendered":"https:\/\/kulturbloggen.com\/?p=135298"},"modified":"2020-07-29T20:31:19","modified_gmt":"2020-07-29T18:31:19","slug":"lyssna-staffan-hellstrand-du-gar-aldrig-ensam","status":"publish","type":"post","link":"https:\/\/kulturbloggen.com\/?p=135298","title":{"rendered":"Lyssna: Staffan Hellstrand &#8211; Du g\u00e5r aldrig ensam"},"content":{"rendered":"<figure id=\"attachment_135307\" aria-describedby=\"caption-attachment-135307\" style=\"width: 650px\" class=\"wp-caption aligncenter\"><img loading=\"lazy\" decoding=\"async\" class=\"size-full wp-image-135307\" src=\"https:\/\/kulturbloggen.com\/wp-content\/uploads\/2020\/07\/staffanhellstrang.jpg\" alt=\"\" width=\"650\" height=\"650\" srcset=\"https:\/\/kulturbloggen.com\/wp-content\/uploads\/2020\/07\/staffanhellstrang.jpg 650w, https:\/\/kulturbloggen.com\/wp-content\/uploads\/2020\/07\/staffanhellstrang-300x300.jpg 300w, https:\/\/kulturbloggen.com\/wp-content\/uploads\/2020\/07\/staffanhellstrang-150x150.jpg 150w\" sizes=\"auto, (max-width: 650px) 100vw, 650px\" \/><figcaption id=\"caption-attachment-135307\" class=\"wp-caption-text\">Foto: Carina Hedlund<\/figcaption><\/figure>\n<p>Staffan Hellstrand har sl\u00e4ppt sitt f\u00f6rsta livealbum, Du g\u00e5r aldrig ensam. Albumet sl\u00e4pptes den 24 juli.<\/p>\n<p>Staffan Hellstrand ber\u00e4ttar om albumet:<br \/>\n&#8211; Jag har turnerat som soloartist i n\u00e4stan 30 \u00e5r och m\u00e5nga av konserterna har spelats in. Nu har jag samlat 14 l\u00e5tar fr\u00e5n fem olika konserter till ett livealbum, som jag hoppas ska f\u00e5nga den nerv som jag sj\u00e4lv upplevt p\u00e5 scenen s\u00e5 m\u00e5nga g\u00e5nger.<\/p>\n<p>P\u00e5 albumet finns inspelningar med Staffans egna bandkonstellationer, Staffan solo och ocks\u00e5 tre l\u00e5tar d\u00e4r han kompas av svenska garagerockarna The Nomads i en inspelning fr\u00e5n klassiska Studion i Stockholm 1996. Dessutom en \u201dny\u201d l\u00e5t som bara funnits som singelbaksida tidigare.<\/p>\n<p>Fakta om inspelningarna:<\/p>\n<p>NALEN 2018<br \/>\nFanfar, Kromad svart, Mekhong Whiskey, Bilder av dig, Romeo i Stocksund, Precis som du \u00e4r, Lilla F\u00e5gel Bl\u00e5<br \/>\nStaffan Hellstrand &#8211; akgitarr, s\u00e5ng<br \/>\nFredrik Blank &#8211; elgitarr, k\u00f6r<br \/>\nJens Back &#8211; keyboard<br \/>\nAnders Lennartsson &#8211; bas, k\u00f6r<br \/>\nMikael H\u00e4ggstr\u00f6m &#8211; trummor<br \/>\nLisa L\u00e5ngbacka &#8211; dragspel<br \/>\nLisa Rydberg &#8211; fiol<br \/>\nCajsa Siik &#8211; k\u00f6r<\/p>\n<p>STUDION 1996<br \/>\nDu g\u00e5r aldrig ensam, Din m\u00e4stares r\u00f6st, Klockan sl\u00e5r 7 i Sofia<br \/>\nStaffan Hellstrand &#8211; elgitarr, s\u00e5ng<br \/>\nThe Nomads:<br \/>\nBj\u00f6rne Fr\u00f6berg &#8211; bas, k\u00f6r<br \/>\nHans \u00d6stlund &#8211; elgitarr<br \/>\nNicklas Wahlberg &#8211; elgitarr, k\u00f6r<br \/>\nJocke Ericson &#8211; trummor<\/p>\n<p>S\u00c4VSJ\u00d6FESTIVALEN 2000:<br \/>\nExplodera<br \/>\nStaffan Hellstrand &#8211; elgitarr, s\u00e5ng<br \/>\nFredrik Blank, elgitarr, k\u00f6r<br \/>\nMagnus B\u00f6rjeson &#8211; bas, k\u00f6r<br \/>\nConny St\u00e4de &#8211; trummor<\/p>\n<p>SKOTTV\u00c5NGS GRUFVA 2015<br \/>\nLiten pojk som alltid kraschar, Spelmannen<br \/>\nStaffan Hellstrand &#8211; piano, s\u00e5ng<br \/>\nFredrik Blank &#8211; akustisk gitarr<\/p>\n<p>TRAPPAN, V\u00c4LLINGBY 1990<br \/>\nDet \u00e4r n\u00e5t konstigt \u00f6ver Stockholm idag<\/p>\n<p><iframe loading=\"lazy\" src=\"https:\/\/open.spotify.com\/embed\/album\/4S3o2iiWvcohpdIbOwQ7gc\" width=\"300\" height=\"380\" frameborder=\"0\"><\/iframe><\/p>\n","protected":false},"excerpt":{"rendered":"<p>Staffan Hellstrand har sl\u00e4ppt sitt f\u00f6rsta livealbum, Du g\u00e5r aldrig ensam. Albumet sl\u00e4pptes den 24 juli. Staffan Hellstrand ber\u00e4ttar om albumet: &#8211; Jag har turnerat som soloartist i n\u00e4stan 30 \u00e5r och m\u00e5nga av konserterna har spelats in. Nu har jag samlat 14 l\u00e5tar fr\u00e5n fem olika konserter till ett livealbum, som jag hoppas ska [&hellip;]<\/p>\n","protected":false},"author":13,"featured_media":0,"comment_status":"closed","ping_status":"closed","sticky":false,"template":"","format":"standard","meta":{"_genesis_hide_title":false,"_genesis_hide_breadcrumbs":false,"_genesis_hide_singular_image":false,"_genesis_hide_footer_widgets":false,"_genesis_custom_body_class":"","_genesis_custom_post_class":"","_genesis_layout":"","footnotes":""},"categories":[7,13624],"tags":[],"class_list":{"0":"post-135298","1":"post","2":"type-post","3":"status-publish","4":"format-standard","6":"category-musik","7":"category-toppnytt","8":"entry"},"_links":{"self":[{"href":"https:\/\/kulturbloggen.com\/index.php?rest_route=\/wp\/v2\/posts\/135298","targetHints":{"allow":["GET"]}}],"collection":[{"href":"https:\/\/kulturbloggen.com\/index.php?rest_route=\/wp\/v2\/posts"}],"about":[{"href":"https:\/\/kulturbloggen.com\/index.php?rest_route=\/wp\/v2\/types\/post"}],"author":[{"embeddable":true,"href":"https:\/\/kulturbloggen.com\/index.php?rest_route=\/wp\/v2\/users\/13"}],"replies":[{"embeddable":true,"href":"https:\/\/kulturbloggen.com\/index.php?rest_route=%2Fwp%2Fv2%2Fcomments&post=135298"}],"version-history":[{"count":7,"href":"https:\/\/kulturbloggen.com\/index.php?rest_route=\/wp\/v2\/posts\/135298\/revisions"}],"predecessor-version":[{"id":135309,"href":"https:\/\/kulturbloggen.com\/index.php?rest_route=\/wp\/v2\/posts\/135298\/revisions\/135309"}],"wp:attachment":[{"href":"https:\/\/kulturbloggen.com\/index.php?rest_route=%2Fwp%2Fv2%2Fmedia&parent=135298"}],"wp:term":[{"taxonomy":"category","embeddable":true,"href":"https:\/\/kulturbloggen.com\/index.php?rest_route=%2Fwp%2Fv2%2Fcategories&post=135298"},{"taxonomy":"post_tag","embeddable":true,"href":"https:\/\/kulturbloggen.com\/index.php?rest_route=%2Fwp%2Fv2%2Ftags&post=135298"}],"curies":[{"name":"wp","href":"https:\/\/api.w.org\/{rel}","templated":true}]}}