{"id":135247,"date":"2020-07-17T16:11:36","date_gmt":"2020-07-17T14:11:36","guid":{"rendered":"https:\/\/kulturbloggen.com\/?p=135247"},"modified":"2020-07-17T16:11:37","modified_gmt":"2020-07-17T14:11:37","slug":"mando-dia-ger-konsert-online-20-juli-och-har-nu-slappt-epn-all-the-people-lyssna-har","status":"publish","type":"post","link":"https:\/\/kulturbloggen.com\/?p=135247","title":{"rendered":"Mando Dia ger konsert online 20 juli och har nu sl\u00e4ppt EP:n All the People &#8211; lyssna h\u00e4r"},"content":{"rendered":"<p><img loading=\"lazy\" decoding=\"async\" class=\"aligncenter size-full wp-image-135252\" src=\"https:\/\/kulturbloggen.com\/wp-content\/uploads\/2020\/07\/unnamed-2.jpg\" alt=\"\" width=\"650\" height=\"433\" srcset=\"https:\/\/kulturbloggen.com\/wp-content\/uploads\/2020\/07\/unnamed-2.jpg 650w, https:\/\/kulturbloggen.com\/wp-content\/uploads\/2020\/07\/unnamed-2-300x200.jpg 300w\" sizes=\"auto, (max-width: 650px) 100vw, 650px\" \/><\/p>\n<p>Mando Diao sl\u00e4ppte en sprillans ny femsp\u00e5rs-EP, All The People den 17 juli.<br \/>\nDen 20 juli kommer bandet dessutom att spela en exklusiv konsert online f\u00f6r alla sina fans v\u00e4rlden \u00f6ver.<\/p>\n<p>Ett pressmail:<\/p>\n<p>Som m\u00e5nga andra s\u00e5g Mando Diao sina sommarturn\u00e9planer g\u00e5 i st\u00f6pet p\u00e5 grund av coronapandemin. Frustrationen f\u00f6r detta band som lever p\u00e5 den energi de mottar fr\u00e5n fansen blev stor n\u00e4r mer \u00e4n 30 konserter i \u00f6ver 10 l\u00e4nder st\u00e4lldes in, och n\u00e4r de nu missar att f\u00e5 spela f\u00f6r drygt en halv miljon m\u00e4nniskor. Ist\u00e4llet har bandet stannat hemma och fokuserat p\u00e5 att spela in och sl\u00e4ppa sitt andra album p\u00e5 svenska, I solnedg\u00e5ngen, det f\u00f6rsta p\u00e5 \u00e5tta \u00e5r. Men nu vill de ge n\u00e5gonting mer tillbaka.<\/p>\n<p>Idag sl\u00e4pper de d\u00e4rf\u00f6r en ny EP, All The People, och nu p\u00e5 m\u00e5ndag den 20 juli vankas det onlinekonsert som s\u00e4nds fr\u00e5n Nalen i Stockholm med start 21:15. Biljetten kostar 120 kr. K\u00f6p biljett och se konserten H\u00c4R.<\/p>\n<p>Bandet ber\u00e4ttar om All The People:<\/p>\n<p>\u201dEP:n \u00e4r till\u00e4gnad alla de m\u00e4nniskor vi har tr\u00e4ffat varje sommar i Europa sedan vi b\u00f6rjade. Vi har arbetat p\u00e5 mycket nytt material, och vi \u00e4r glada att f\u00e5 dela med oss av detta, och vi ser fram emot en \u00e4nnu b\u00e4ttre festivalsommar 2021 ist\u00e4llet.\u201d<\/p>\n<p><iframe loading=\"lazy\" src=\"https:\/\/open.spotify.com\/embed\/album\/5R1XPElAfsEcQBPHmmxHbg\" width=\"300\" height=\"380\" frameborder=\"0\"><\/iframe><\/p>\n","protected":false},"excerpt":{"rendered":"<p>Mando Diao sl\u00e4ppte en sprillans ny femsp\u00e5rs-EP, All The People den 17 juli. Den 20 juli kommer bandet dessutom att spela en exklusiv konsert online f\u00f6r alla sina fans v\u00e4rlden \u00f6ver. Ett pressmail: Som m\u00e5nga andra s\u00e5g Mando Diao sina sommarturn\u00e9planer g\u00e5 i st\u00f6pet p\u00e5 grund av coronapandemin. Frustrationen f\u00f6r detta band som lever p\u00e5 [&hellip;]<\/p>\n","protected":false},"author":13,"featured_media":0,"comment_status":"closed","ping_status":"closed","sticky":false,"template":"","format":"standard","meta":{"_genesis_hide_title":false,"_genesis_hide_breadcrumbs":false,"_genesis_hide_singular_image":false,"_genesis_hide_footer_widgets":false,"_genesis_custom_body_class":"","_genesis_custom_post_class":"","_genesis_layout":"","footnotes":""},"categories":[7,13624],"tags":[],"class_list":{"0":"post-135247","1":"post","2":"type-post","3":"status-publish","4":"format-standard","6":"category-musik","7":"category-toppnytt","8":"entry"},"_links":{"self":[{"href":"https:\/\/kulturbloggen.com\/index.php?rest_route=\/wp\/v2\/posts\/135247","targetHints":{"allow":["GET"]}}],"collection":[{"href":"https:\/\/kulturbloggen.com\/index.php?rest_route=\/wp\/v2\/posts"}],"about":[{"href":"https:\/\/kulturbloggen.com\/index.php?rest_route=\/wp\/v2\/types\/post"}],"author":[{"embeddable":true,"href":"https:\/\/kulturbloggen.com\/index.php?rest_route=\/wp\/v2\/users\/13"}],"replies":[{"embeddable":true,"href":"https:\/\/kulturbloggen.com\/index.php?rest_route=%2Fwp%2Fv2%2Fcomments&post=135247"}],"version-history":[{"count":5,"href":"https:\/\/kulturbloggen.com\/index.php?rest_route=\/wp\/v2\/posts\/135247\/revisions"}],"predecessor-version":[{"id":135253,"href":"https:\/\/kulturbloggen.com\/index.php?rest_route=\/wp\/v2\/posts\/135247\/revisions\/135253"}],"wp:attachment":[{"href":"https:\/\/kulturbloggen.com\/index.php?rest_route=%2Fwp%2Fv2%2Fmedia&parent=135247"}],"wp:term":[{"taxonomy":"category","embeddable":true,"href":"https:\/\/kulturbloggen.com\/index.php?rest_route=%2Fwp%2Fv2%2Fcategories&post=135247"},{"taxonomy":"post_tag","embeddable":true,"href":"https:\/\/kulturbloggen.com\/index.php?rest_route=%2Fwp%2Fv2%2Ftags&post=135247"}],"curies":[{"name":"wp","href":"https:\/\/api.w.org\/{rel}","templated":true}]}}