{"id":135233,"date":"2020-07-16T17:22:23","date_gmt":"2020-07-16T15:22:23","guid":{"rendered":"https:\/\/kulturbloggen.com\/?p=135233"},"modified":"2020-07-16T17:22:24","modified_gmt":"2020-07-16T15:22:24","slug":"lyssna-hurts-redemption","status":"publish","type":"post","link":"https:\/\/kulturbloggen.com\/?p=135233","title":{"rendered":"Lyssna: Hurts &#8211; Redemption"},"content":{"rendered":"<p><img loading=\"lazy\" decoding=\"async\" class=\"aligncenter size-full wp-image-135237\" src=\"https:\/\/kulturbloggen.com\/wp-content\/uploads\/2020\/07\/unnamed.jpg\" alt=\"\" width=\"337\" height=\"337\" srcset=\"https:\/\/kulturbloggen.com\/wp-content\/uploads\/2020\/07\/unnamed.jpg 337w, https:\/\/kulturbloggen.com\/wp-content\/uploads\/2020\/07\/unnamed-300x300.jpg 300w, https:\/\/kulturbloggen.com\/wp-content\/uploads\/2020\/07\/unnamed-150x150.jpg 150w\" sizes=\"auto, (max-width: 337px) 100vw, 337px\" \/><\/p>\n<p>Hurts sl\u00e4ppte st\u00e4mningsfulla &#8221;Redemption&#8221; 16 juli 2020.<\/p>\n<p>Ett pressmail ber\u00e4ttar:<\/p>\n<p>Avantgarde-popduon Hurts sl\u00e4ppte i v\u00e5ras ny musik f\u00f6r f\u00f6rsta g\u00e5ngen p\u00e5 tre \u00e5r, i form av den storslagna elektroniska &#8221;Voices&#8221; och kort d\u00e4refter den klaustrofobiskt intensiva &#8221;Suffer&#8221;.<\/p>\n<p>Hurts sound \u00f6verraskar \u00e5terigen och deras passion f\u00f6r innovation kommer definitivt att h\u00f6ras p\u00e5 \u201cFaith\u201d, albumet som sl\u00e4pps 4 september 2020.<\/p>\n<p>Idag kommer ytterligare ett smakprov i form av \u2018&#8217;Redemption\u201d, en bitterljuv glimt fr\u00e5n Hurts musikaliska v\u00e4rld.<\/p>\n<p>\u2018&#8217;Redemption\u201d beskrivs av gruppens instrumentalist, Adam Anderson, som &#8221;en perfekt storm av allt vi g\u00f6r bra individuellt, samlat i ett gemensamt \u00f6gonblick&#8221;, \u2018&#8217;Redemption\u201d tar ett instrumentalparti, skrivet av Anderson p\u00e5 juldagen f\u00f6r ett par \u00e5r sedan, och kombinerar det med en Theo Hutchcraft-vers som talar till den tomhet m\u00e4n i trettio\u00e5rs\u00e5ldern kan k\u00e4nna idag. \u00d6dsligt och personligt kulminerar det i vad som utan tvekan \u00e4r det vackraste arrangemanget i bandets karri\u00e4r: tv\u00e5 musiker som h\u00e4mtar inspiration ur f\u00f6rtvivlan.<\/p>\n<p>Visuellt \u00e5terspeglas denna speciella atmosf\u00e4r oerh\u00f6rt st\u00e4mningsfullt och vackert, med Theo och Adam som framf\u00f6r sina respektive delar av l\u00e5ten i motsatta \u00e4ndar av ett stort utrymme under en str\u00e5lkastare i n\u00e4stan kompakt m\u00f6rker. Varje bild f\u00f6rstorar k\u00e4nslouttrycket och tydligg\u00f6r den ensamhet som l\u00e5ten f\u00f6rmedlar. Videon avslutas i ett orkestralt crescendo, ett symboliskt br\u00e4nnande av d\u00e5tiden och att stiga ur askan fr\u00e5n sina forna jag.<\/p>\n<p>Theo Hutchcraft ber\u00e4ttar: &#8221;Redemption\u201d \u00e4r ytterligare en f\u00f6reg\u00e5ngare till vad som kommer att h\u00f6ras p\u00e5 det nya albumet \u201cFaith\u201d. Det \u00e4r en l\u00e5t om r\u00e4dsla och tvivel. L\u00e5ten kom till i ett vackert \u00f6gonblick av klarhet under en av de mest oroliga perioderna i samband med albumproduktionen&#8221;.<\/p>\n<p>\u201dRedemption\u201d \u00e4r en bra sammanfattning av det Hurts lyckas s\u00e5 bra med. Att ta ett relaterbart \u00e4mne, g\u00f6ra det abstrakt, v\u00e4va in det i m\u00e4nniskans mest obeskrivbara tillst\u00e5nd och servera det i ljudform. Hurts h\u00f6jer \u00e5terigen ribban och visar varf\u00f6r de \u00e4r en av de viktigaste grupperna som dykt upp fr\u00e5n Storbritannien under 2000-talet.<\/p>\n<p><iframe loading=\"lazy\" src=\"https:\/\/open.spotify.com\/embed\/album\/5k5ANhi4o97Gb26ZFKD5Qy\" width=\"300\" height=\"380\" frameborder=\"0\"><\/iframe><\/p>\n","protected":false},"excerpt":{"rendered":"<p>Hurts sl\u00e4ppte st\u00e4mningsfulla &#8221;Redemption&#8221; 16 juli 2020. Ett pressmail ber\u00e4ttar: Avantgarde-popduon Hurts sl\u00e4ppte i v\u00e5ras ny musik f\u00f6r f\u00f6rsta g\u00e5ngen p\u00e5 tre \u00e5r, i form av den storslagna elektroniska &#8221;Voices&#8221; och kort d\u00e4refter den klaustrofobiskt intensiva &#8221;Suffer&#8221;. Hurts sound \u00f6verraskar \u00e5terigen och deras passion f\u00f6r innovation kommer definitivt att h\u00f6ras p\u00e5 \u201cFaith\u201d, albumet som sl\u00e4pps [&hellip;]<\/p>\n","protected":false},"author":13,"featured_media":0,"comment_status":"closed","ping_status":"closed","sticky":false,"template":"","format":"standard","meta":{"_genesis_hide_title":false,"_genesis_hide_breadcrumbs":false,"_genesis_hide_singular_image":false,"_genesis_hide_footer_widgets":false,"_genesis_custom_body_class":"","_genesis_custom_post_class":"","_genesis_layout":"","footnotes":""},"categories":[7,13624],"tags":[],"class_list":{"0":"post-135233","1":"post","2":"type-post","3":"status-publish","4":"format-standard","6":"category-musik","7":"category-toppnytt","8":"entry"},"_links":{"self":[{"href":"https:\/\/kulturbloggen.com\/index.php?rest_route=\/wp\/v2\/posts\/135233","targetHints":{"allow":["GET"]}}],"collection":[{"href":"https:\/\/kulturbloggen.com\/index.php?rest_route=\/wp\/v2\/posts"}],"about":[{"href":"https:\/\/kulturbloggen.com\/index.php?rest_route=\/wp\/v2\/types\/post"}],"author":[{"embeddable":true,"href":"https:\/\/kulturbloggen.com\/index.php?rest_route=\/wp\/v2\/users\/13"}],"replies":[{"embeddable":true,"href":"https:\/\/kulturbloggen.com\/index.php?rest_route=%2Fwp%2Fv2%2Fcomments&post=135233"}],"version-history":[{"count":4,"href":"https:\/\/kulturbloggen.com\/index.php?rest_route=\/wp\/v2\/posts\/135233\/revisions"}],"predecessor-version":[{"id":135238,"href":"https:\/\/kulturbloggen.com\/index.php?rest_route=\/wp\/v2\/posts\/135233\/revisions\/135238"}],"wp:attachment":[{"href":"https:\/\/kulturbloggen.com\/index.php?rest_route=%2Fwp%2Fv2%2Fmedia&parent=135233"}],"wp:term":[{"taxonomy":"category","embeddable":true,"href":"https:\/\/kulturbloggen.com\/index.php?rest_route=%2Fwp%2Fv2%2Fcategories&post=135233"},{"taxonomy":"post_tag","embeddable":true,"href":"https:\/\/kulturbloggen.com\/index.php?rest_route=%2Fwp%2Fv2%2Ftags&post=135233"}],"curies":[{"name":"wp","href":"https:\/\/api.w.org\/{rel}","templated":true}]}}