{"id":134916,"date":"2020-06-13T16:08:19","date_gmt":"2020-06-13T14:08:19","guid":{"rendered":"https:\/\/kulturbloggen.com\/?p=134916"},"modified":"2020-06-13T16:08:20","modified_gmt":"2020-06-13T14:08:20","slug":"lyssna-linnea-henriksson-det-kommer-en-tid","status":"publish","type":"post","link":"https:\/\/kulturbloggen.com\/?p=134916","title":{"rendered":"Lyssna: Linnea Henriksson &#8211; Det kommer en tid"},"content":{"rendered":"<p><img loading=\"lazy\" decoding=\"async\" class=\"aligncenter size-full wp-image-134957\" src=\"https:\/\/kulturbloggen.com\/wp-content\/uploads\/2020\/06\/unnamed-3.jpg\" alt=\"\" width=\"337\" height=\"337\" srcset=\"https:\/\/kulturbloggen.com\/wp-content\/uploads\/2020\/06\/unnamed-3.jpg 337w, https:\/\/kulturbloggen.com\/wp-content\/uploads\/2020\/06\/unnamed-3-300x300.jpg 300w, https:\/\/kulturbloggen.com\/wp-content\/uploads\/2020\/06\/unnamed-3-150x150.jpg 150w\" sizes=\"auto, (max-width: 337px) 100vw, 337px\" \/><\/p>\n<p>Linnea Henriksson har sl\u00e4ppt en ny singel \u201dDet kommer en tid\u201d.<\/p>\n<p>Linnea Henriksson hade precis landat i sommarstugan efter jobbet med Melodifestivalen 2020 n\u00e4r hela v\u00e4rlden stannade upp. Det som var t\u00e4nkt att bli n\u00e5gon veckas semester blev ist\u00e4llet ett nytt hem och alla tankar och k\u00e4nslor som v\u00e4xte ikapp med pandemin beh\u00f6vde f\u00e5 komma ut. Resultatet blev l\u00e5ten \u201dDet kommer en tid\u201d.<\/p>\n<p>I ett pressmeddelande ber\u00e4ttar hon:<br \/>\n<em>&#8211; Det var faktiskt inte meningen att sl\u00e4ppa musik nu, men n\u00e4r hela v\u00e4rlden pl\u00f6tsligt tvingades trycka p\u00e5 paus kom behovet att skriva. Tramporgeln, som jag bytte till mig mot en soffa mest f\u00f6r kul, blev min tr\u00f6st n\u00e4r ovissheten och oron blev f\u00f6r stor och ljudet fr\u00e5n den p\u00e5minde mig om mormor, skolavslutning och den d\u00e4r spralliga hoppfullheten f\u00f6rsta dagen p\u00e5 ett sommarlov. Det gav mig ett lugn och jag hoppas den som lyssnar f\u00e5r k\u00e4nna det ocks\u00e5. \u201dDet kommer en tid\u201d \u00e4r en l\u00e5t om tiden vi \u00e4r i, men ocks\u00e5 en k\u00e4rleksfull p\u00e5minnelse om tiden som kommer. En tid v\u00e4rd att v\u00e4nta p\u00e5. En tid v\u00e4rd att h\u00e5lla i.<\/em><\/p>\n<p>Linnea Henriksson \u00e4r en av Sveriges mest uppskattade artister med tre soloalbum i ryggen som b\u00e5de genererat pris p\u00e5 P3 Guld-galan (\u00c5rets artist 2013 &amp; \u00c5rets Pop 2019) och Grammis-nomineringar (\u00c5rets pop och \u00c5rets artist, 2018). Vid sidan av sin artistkarri\u00e4r har hon gjort sig popul\u00e4r som programledare f\u00f6r bland annat Musikhj\u00e4lpen (2014, 2015 samt resande reporter 2017) och f\u00f6r sitt arbete med Spotifys f\u00f6rsta egenproducerade svenska podcast \u201dEqualizer&#8221;. 2018 var hon aktuell i TV4\u2019s popul\u00e4ra \u201dS\u00e5 mycket b\u00e4ttre\u201d och nyligen avlutade hon sitt programledarskap f\u00f6r Melodifestivalen 2020 tillsammans med David Sundin och Lina Hedlund.<\/p>\n<p><iframe loading=\"lazy\" src=\"https:\/\/open.spotify.com\/embed\/album\/1mEgXQRmmA37xy8Ehv8i5V\" width=\"300\" height=\"380\" frameborder=\"0\"><\/iframe><\/p>\n<p><iframe loading=\"lazy\" src=\"https:\/\/open.spotify.com\/embed\/album\/1mEgXQRmmA37xy8Ehv8i5V\" width=\"300\" height=\"380\" frameborder=\"0\"><\/iframe><\/p>\n","protected":false},"excerpt":{"rendered":"<p>Linnea Henriksson har sl\u00e4ppt en ny singel \u201dDet kommer en tid\u201d. Linnea Henriksson hade precis landat i sommarstugan efter jobbet med Melodifestivalen 2020 n\u00e4r hela v\u00e4rlden stannade upp. Det som var t\u00e4nkt att bli n\u00e5gon veckas semester blev ist\u00e4llet ett nytt hem och alla tankar och k\u00e4nslor som v\u00e4xte ikapp med pandemin beh\u00f6vde f\u00e5 komma [&hellip;]<\/p>\n","protected":false},"author":13,"featured_media":0,"comment_status":"closed","ping_status":"closed","sticky":false,"template":"","format":"standard","meta":{"_genesis_hide_title":false,"_genesis_hide_breadcrumbs":false,"_genesis_hide_singular_image":false,"_genesis_hide_footer_widgets":false,"_genesis_custom_body_class":"","_genesis_custom_post_class":"","_genesis_layout":"","footnotes":""},"categories":[7,13624],"tags":[],"class_list":{"0":"post-134916","1":"post","2":"type-post","3":"status-publish","4":"format-standard","6":"category-musik","7":"category-toppnytt","8":"entry"},"_links":{"self":[{"href":"https:\/\/kulturbloggen.com\/index.php?rest_route=\/wp\/v2\/posts\/134916","targetHints":{"allow":["GET"]}}],"collection":[{"href":"https:\/\/kulturbloggen.com\/index.php?rest_route=\/wp\/v2\/posts"}],"about":[{"href":"https:\/\/kulturbloggen.com\/index.php?rest_route=\/wp\/v2\/types\/post"}],"author":[{"embeddable":true,"href":"https:\/\/kulturbloggen.com\/index.php?rest_route=\/wp\/v2\/users\/13"}],"replies":[{"embeddable":true,"href":"https:\/\/kulturbloggen.com\/index.php?rest_route=%2Fwp%2Fv2%2Fcomments&post=134916"}],"version-history":[{"count":6,"href":"https:\/\/kulturbloggen.com\/index.php?rest_route=\/wp\/v2\/posts\/134916\/revisions"}],"predecessor-version":[{"id":134959,"href":"https:\/\/kulturbloggen.com\/index.php?rest_route=\/wp\/v2\/posts\/134916\/revisions\/134959"}],"wp:attachment":[{"href":"https:\/\/kulturbloggen.com\/index.php?rest_route=%2Fwp%2Fv2%2Fmedia&parent=134916"}],"wp:term":[{"taxonomy":"category","embeddable":true,"href":"https:\/\/kulturbloggen.com\/index.php?rest_route=%2Fwp%2Fv2%2Fcategories&post=134916"},{"taxonomy":"post_tag","embeddable":true,"href":"https:\/\/kulturbloggen.com\/index.php?rest_route=%2Fwp%2Fv2%2Ftags&post=134916"}],"curies":[{"name":"wp","href":"https:\/\/api.w.org\/{rel}","templated":true}]}}