{"id":134826,"date":"2020-06-05T12:51:35","date_gmt":"2020-06-05T10:51:35","guid":{"rendered":"https:\/\/kulturbloggen.com\/?p=134826"},"modified":"2020-06-05T12:51:36","modified_gmt":"2020-06-05T10:51:36","slug":"lyssna-ane-brun-honey","status":"publish","type":"post","link":"https:\/\/kulturbloggen.com\/?p=134826","title":{"rendered":"Lyssna: Ane Brun &#8211; Honey"},"content":{"rendered":"<p><img loading=\"lazy\" decoding=\"async\" class=\"aligncenter size-full wp-image-134831\" src=\"https:\/\/kulturbloggen.com\/wp-content\/uploads\/2020\/06\/anebrun.jpg\" alt=\"\" width=\"650\" height=\"650\" srcset=\"https:\/\/kulturbloggen.com\/wp-content\/uploads\/2020\/06\/anebrun.jpg 650w, https:\/\/kulturbloggen.com\/wp-content\/uploads\/2020\/06\/anebrun-300x300.jpg 300w, https:\/\/kulturbloggen.com\/wp-content\/uploads\/2020\/06\/anebrun-150x150.jpg 150w\" sizes=\"auto, (max-width: 650px) 100vw, 650px\" \/><\/p>\n<p>Ane Brun sl\u00e4pper sitt nya album med nyskrivna s\u00e5nger h\u00f6st 2020 och ska sedan ut p\u00e5 en l\u00e5ng Europaturn\u00e9.<br \/>\nDen 5 juni sl\u00e4pptes albumsingeln \u201dHoney\u201d som \u00e4r en k\u00e4rlekss\u00e5ng till hennes unga, ljusa, energistarka \u2013 och lite oskyldiga \u2013 jag.<\/p>\n<p>Ane Brun ber\u00e4ttar om l\u00e5ten:<br \/>\n\u201dJag \u00e4r s\u00e5 stolt \u00f6ver att ber\u00e4tta om mitt femte singelsl\u00e4pp fr\u00e5n mitt kommande album!<\/p>\n<p>Jag hade en brevv\u00e4n i m\u00e5nga \u00e5r. V b\u00f6rjade skriva till varandra i 13-\u00e5rs\u00e5ldern och fortsatte med det i \u00f6ver ett decennium. Breven bleknade bort n\u00e4r den digitala eran och epost tog \u00f6ver allt mer, men de d\u00e4r handskrivna raderna fr\u00e5n v\u00e5r ton\u00e5rstid var l\u00e5nga, starka och v\u00e4ldigt personliga.<br \/>\nN\u00e4r vi sedan var i 30-\u00e5rs\u00e5ldern best\u00e4mde vi oss f\u00f6r att samla ihop breven och skicka tillbaka till varandra f\u00f6r att se vad vi sj\u00e4lva hade skrivit. Att l\u00e4sa igenom mina egna ord \u00f6ppnade d\u00f6rrar till minnen som jag sedan l\u00e4nge hade gl\u00f6mt bort. I samma l\u00e5da med alla brev fanns ocks\u00e5 ett kassettband. Som tur var hade jag beh\u00e5llit min gamla Walkman, satte i kassetten och tryckte p\u00e5 \u201dPlay\u201d\u2026<\/p>\n<p>D\u00e4r var den! Min klara ljusa st\u00e4mma som 18-\u00e5ring. Hakan \u00e5kte i marken n\u00e4r jag lyssnade. Jag slogs av hennes stora energi och jag fylldes med k\u00e4rlek f\u00f6r den h\u00e4r unga, och p\u00e5 m\u00e5nga s\u00e4tt oskyldiga, versionen av mig sj\u00e4lv \u2013 en tjej med aldrig sinande str\u00f6m av ord och k\u00e4nslor. Jag p\u00e5mindes om hur jag var d\u00e5, hur jag k\u00e4mpade med olika saker och hur jag l\u00e4rde mig att g\u00f6ra saker annorlunda. Men det p\u00e5minde mig ocks\u00e5 om det ljusa och fnittriga som var en s\u00e5 stor del av mig under den tiden och som jag sedan saknade i m\u00e5nga \u00e5r n\u00e4r jag f\u00f6rs\u00f6kte hitta fram i livet som vuxen.<\/p>\n<p>N\u00e4r jag lyssnade ins\u00e5g jag att kvinnan jag \u00e4r idag har \u00e5terkopplat till den d\u00e4r tjejen p\u00e5 kassettbandet och den enkla handlingen gjorde att jag k\u00e4nde mig mer hel som m\u00e4nniska. Jag best\u00e4mde mig d\u00e5 f\u00f6r att skriva en k\u00e4rlekss\u00e5ng till mitt unga jag den dagen. H\u00e4r \u00e4r \u201dHoney\u201d.<\/p>\n<p>Text och musik: Ane Brun<br \/>\nInspelad: Atlantis Studios, Studio Bruket, Ingrid Studios<br \/>\nProducerad av: Ane Brun, Anton Sundell, Martin Hederos<br \/>\nMixad av: Engine Earz<br \/>\nMastrad av: Engine Earz<\/p>\n<p>Musiker:<br \/>\nS\u00e5ng: Ane Brun<br \/>\nTrummor och percussion: Per Eklund, Anna Lund<br \/>\nPercussion: John Ericsson, Ane Brun<br \/>\nBas: Felisia Westberg<br \/>\nKeyboards: Martin Hederos, Johan Lindstr\u00f6m, Samuel Stark<br \/>\nFl\u00f6jt: Nils Berg and Per Texas Johansson<br \/>\nK\u00f6r: Linnea Olsson, Ane Brun<\/p>\n<p>Europaturn\u00e9 2020 Ane Brun:<\/p>\n<p>1 oktober \u2013 Helsingfors, Savoy Teater<br \/>\n3 oktober \u2013 V\u00e4ster\u00e5s, Konserthuset<br \/>\n9 oktober \u2013 \u00d6rebro, Konserhuset<br \/>\n10 oktober \u2013 Malm\u00f6, Konserthuset<br \/>\n14 oktober \u2013 Stockholm, Cirkus<br \/>\n16 oktober \u2013 Uppsala, UKK<br \/>\n20 oktober \u2013 Bergen, Grieghallen-Peer Gynt<br \/>\n21 oktober \u2013 Stavanger, Stavanger Konserthus-Zetlitz<br \/>\n23 oktober \u2013 Oslo, Sentrum Scene<br \/>\n24 oktober \u2013 Oslo, Sentrum Scene<br \/>\n25 oktober \u2013 Trondheim, Olavhallen<br \/>\n4 november \u2013 Vienna, VUK<br \/>\n5 november \u2013 Munich, Technikum<br \/>\n6 november \u2013 Zurich, Rote Fabrik<br \/>\n8 november \u2013 Bern, Bierh\u00fcbeli<br \/>\n9 november \u2013 Frankfurt, Capitol<br \/>\n10 november \u2013 Cologne, Carlswerk<br \/>\n12 november \u2013 Berlin, Metropol<br \/>\n13 november \u2013 Hamburg, Fabrik<br \/>\n20 november \u2013 K\u00f6penhamn, Store Vega<br \/>\n22 november \u2013 The Hague, Paard<br \/>\n23 november \u2013 Groningen, Oosterport<br \/>\n25 november \u2013 Nijmegen, Doornroosje<br \/>\n26 november \u2013 Amsterdam, Melkweg<br \/>\n27 november \u2013 Bryssel, Orangerie<br \/>\n28 november \u2013 Paris, Alhambra<br \/>\n6 december \u2013 Dublin, Vicar St<br \/>\n8 december \u2013 Glasgow, St Luke\u2019s<br \/>\n9 december \u2013 Manchester, Academy 2<br \/>\n10 december \u2013 London, Shepherds Bush Empire<\/p>\n<p><iframe loading=\"lazy\" src=\"https:\/\/open.spotify.com\/embed\/album\/1k0HbBtn1CyQDvwZQygtSL\" width=\"300\" height=\"380\" frameborder=\"0\"><\/iframe><\/p>\n","protected":false},"excerpt":{"rendered":"<p>Ane Brun sl\u00e4pper sitt nya album med nyskrivna s\u00e5nger h\u00f6st 2020 och ska sedan ut p\u00e5 en l\u00e5ng Europaturn\u00e9. Den 5 juni sl\u00e4pptes albumsingeln \u201dHoney\u201d som \u00e4r en k\u00e4rlekss\u00e5ng till hennes unga, ljusa, energistarka \u2013 och lite oskyldiga \u2013 jag. Ane Brun ber\u00e4ttar om l\u00e5ten: \u201dJag \u00e4r s\u00e5 stolt \u00f6ver att ber\u00e4tta om mitt femte [&hellip;]<\/p>\n","protected":false},"author":13,"featured_media":0,"comment_status":"closed","ping_status":"closed","sticky":false,"template":"","format":"standard","meta":{"_genesis_hide_title":false,"_genesis_hide_breadcrumbs":false,"_genesis_hide_singular_image":false,"_genesis_hide_footer_widgets":false,"_genesis_custom_body_class":"","_genesis_custom_post_class":"","_genesis_layout":"","footnotes":""},"categories":[7,13624],"tags":[],"class_list":{"0":"post-134826","1":"post","2":"type-post","3":"status-publish","4":"format-standard","6":"category-musik","7":"category-toppnytt","8":"entry"},"_links":{"self":[{"href":"https:\/\/kulturbloggen.com\/index.php?rest_route=\/wp\/v2\/posts\/134826","targetHints":{"allow":["GET"]}}],"collection":[{"href":"https:\/\/kulturbloggen.com\/index.php?rest_route=\/wp\/v2\/posts"}],"about":[{"href":"https:\/\/kulturbloggen.com\/index.php?rest_route=\/wp\/v2\/types\/post"}],"author":[{"embeddable":true,"href":"https:\/\/kulturbloggen.com\/index.php?rest_route=\/wp\/v2\/users\/13"}],"replies":[{"embeddable":true,"href":"https:\/\/kulturbloggen.com\/index.php?rest_route=%2Fwp%2Fv2%2Fcomments&post=134826"}],"version-history":[{"count":5,"href":"https:\/\/kulturbloggen.com\/index.php?rest_route=\/wp\/v2\/posts\/134826\/revisions"}],"predecessor-version":[{"id":134832,"href":"https:\/\/kulturbloggen.com\/index.php?rest_route=\/wp\/v2\/posts\/134826\/revisions\/134832"}],"wp:attachment":[{"href":"https:\/\/kulturbloggen.com\/index.php?rest_route=%2Fwp%2Fv2%2Fmedia&parent=134826"}],"wp:term":[{"taxonomy":"category","embeddable":true,"href":"https:\/\/kulturbloggen.com\/index.php?rest_route=%2Fwp%2Fv2%2Fcategories&post=134826"},{"taxonomy":"post_tag","embeddable":true,"href":"https:\/\/kulturbloggen.com\/index.php?rest_route=%2Fwp%2Fv2%2Ftags&post=134826"}],"curies":[{"name":"wp","href":"https:\/\/api.w.org\/{rel}","templated":true}]}}