{"id":134808,"date":"2020-06-05T13:26:13","date_gmt":"2020-06-05T11:26:13","guid":{"rendered":"https:\/\/kulturbloggen.com\/?p=134808"},"modified":"2020-06-05T13:26:14","modified_gmt":"2020-06-05T11:26:14","slug":"nedbantad-ensemble-kanns-igen-unepidemic-sound-pt-1-flaskkvartetten","status":"publish","type":"post","link":"https:\/\/kulturbloggen.com\/?p=134808","title":{"rendered":"Nedbantad ensemble k\u00e4nns igen &#8211; Unepidemic Sound Pt.1 &#8211; Fl\u00e4skkvartetten"},"content":{"rendered":"\n<figure class=\"wp-block-gallery columns-1 is-cropped wp-block-gallery-1 is-layout-flex wp-block-gallery-is-layout-flex\"><ul class=\"blocks-gallery-grid\"><li class=\"blocks-gallery-item\"><figure><img decoding=\"async\" src=\"https:\/\/kulturbloggen.com\/wp-content\/uploads\/2020\/06\/PastedGraphic-1.tiff\" alt=\"\" data-id=\"134809\" data-link=\"https:\/\/kulturbloggen.com\/?attachment_id=134809\" class=\"wp-image-134809\" \/><figcaption class=\"blocks-gallery-item__caption\">foto Tobias Regell<\/figcaption><\/figure><\/li><\/ul><\/figure>\n\n\n\n<p>Fl\u00e4skkvartetten<\/p>\n\n\n\n<p>Unepidemic Sound Pt.1<\/p>\n\n\n\n<p>4<\/p>\n\n\n\n<p>Universal<\/p>\n\n\n\n<p>C:a 16 min<\/p>\n\n\n\n<p>Release: 5\/6 2020<\/p>\n\n\n\n<p>Senaste skivan med originalmusik sl\u00e4pptes 2007. Sedan dess har man mestadels sysslat med att skriva f\u00f6r film, teater och balett. T\u00e4ndande gnistan denna g\u00e5ng utl\u00f6stes av  Mats Ek. Han bad dem bearbeta en gammal l\u00e5t fr\u00e5n hans f\u00f6rest\u00e4llning <em>\u00d6verbord <\/em>f\u00f6r Stockholmsoperan i februari. &#8221;Var kul att b\u00f6rja jobba igen, gick av bara farten&#8221; s\u00e4ger Fl\u00e4skkvartetten i ett pressmeddelande. Av praktiska sk\u00e4l har namnet de fick fr\u00e5n Th\u00e5str\u00f6m (sk\u00e4mtsam anspelning p\u00e5 Freskkvartetten)  p\u00e5 80-talet bibeh\u00e5llits efter en r\u00e4ttstvist f\u00f6r ett par \u00e5r sedan, trots att endast tre medlemmar kvarst\u00e5r. Numera best\u00e5r Fl\u00e4skkvartetten av \u00d6rjan H\u00f6gberg p\u00e5 viola, Mattias Helld\u00e9n p\u00e5 cello och trumslagaren Christian Crille Olsson (kom med 1998).<\/p>\n\n\n\n<p>Den tv\u00e5faldigt Grammis-bel\u00f6nade gruppen fyllde tvekl\u00f6st  ett tomrum i svensk, ambiti\u00f6s och arty popul\u00e4rmusik, vars jakt efter nydanande sound  de elektrifierade str\u00e5karna och rytminstrumenten infriade.. Jag \u00e4ger ett par album och har f\u00f6rst\u00e5s bevistat n\u00e5gra av deras konserter.  <em>Jag ger vad som helst f\u00f6r lite solsken <\/em>ligger mig extra varmt om hj\u00e4rtat.  Freddie Wadling och Fl\u00e4skkvartettens samarbete var , f\u00f6r att ta till en klyscha, a match made in heaven. Tack vare goda erfarenheter accepterade jag att recensera via l\u00e4nk (tyv\u00e4rr usel kvalitet) och utan tillg\u00e5ng till gediget bakgrundsmaterial.<\/p>\n\n\n\n<p>Ep:n best\u00e5r av fyra l\u00e5tar vilka f\u00f6rmodligen ska ses som en svit, sannolikt influerade av det pandemiska tillst\u00e5nd v\u00e4rlden lider av f\u00f6r n\u00e4rvarande.. Med tanke p\u00e5 deras  verk skrivna f\u00f6r att \u00e5sk\u00e5dligg\u00f6ra skeenden, k\u00e4nns de visuella associationerna naturliga. Inledande <em>Golden Walk <\/em>draperas i en vinande, n\u00e4pen melodi som binds samman av \u00e5terkommande hook. <i>Giro <\/i>ter sig dr\u00f6msk och fram\u00e5tglidande. <em>Peeps<\/em> balanserar fint bas och diskant men melodin \u00e4r anm\u00e4rkningsv\u00e4rt banal, n\u00e4stan kitschig;  medan avslutande <em>Spacial Oddity<\/em>, formar sig till den mest sp\u00e4nnande kompositionen. F\u00e5ngas h\u00e4r av minimalistiskt f\u00f6rsiktiga v\u00e5gr\u00f6relser.  Det  l\u00e5ngsamt gnisslande soundet sk\u00e4nker en ljuv frid. Dessa fyra minuter framst\u00e5r definitivt som n\u00e5got av det sk\u00f6naste och sorgligaste de gjort \u00f6verhuvudtaget.<\/p>\n\n\n\n<p>L\u00e5nglivade Fl\u00e4skkvartetten har beh\u00e5llit sin s\u00e4rart. Kan \u00f6nska att den banbrytande gruppen hade anlitat en g\u00e4stvokalist. Materialet motsvarar sammantaget inte den  niv\u00e5 vi blivit bortsk\u00e4mda med. Skulle inte bli f\u00f6rv\u00e5nad om recensenternas omd\u00f6men  om <em>Unepidemic Sound Pt.1 <\/em>kommer g\u00e5 i s\u00e4r. F\u00f6r mig blev musiken en halv besvikelse. Eftersom den genrefria konstellationen \u00e4nd\u00e5 uppr\u00e4tth\u00e5ller, en s\u00e5 pass h\u00f6g niv\u00e5 \u00e4ven n\u00e4r de inte presterar p\u00e5 topp, placeras de (efter att jag resonerat med mig sj\u00e4lv)precis ovanf\u00f6r angivet betyg. <\/p>\n\n\n\n<p><\/p>\n","protected":false},"excerpt":{"rendered":"<p>Fl\u00e4skkvartetten Unepidemic Sound Pt.1 4 Universal C:a 16 min Release: 5\/6 2020 Senaste skivan med originalmusik sl\u00e4pptes 2007. Sedan dess har man mestadels sysslat med att skriva f\u00f6r film, teater och balett. T\u00e4ndande gnistan denna g\u00e5ng utl\u00f6stes av Mats Ek. Han bad dem bearbeta en gammal l\u00e5t fr\u00e5n hans f\u00f6rest\u00e4llning \u00d6verbord f\u00f6r Stockholmsoperan i februari. [&hellip;]<\/p>\n","protected":false},"author":34,"featured_media":0,"comment_status":"closed","ping_status":"closed","sticky":false,"template":"","format":"standard","meta":{"_genesis_hide_title":false,"_genesis_hide_breadcrumbs":false,"_genesis_hide_singular_image":false,"_genesis_hide_footer_widgets":false,"_genesis_custom_body_class":"","_genesis_custom_post_class":"","_genesis_layout":"","footnotes":""},"categories":[22],"tags":[],"class_list":{"0":"post-134808","1":"post","2":"type-post","3":"status-publish","4":"format-standard","6":"category-skivor","7":"entry"},"_links":{"self":[{"href":"https:\/\/kulturbloggen.com\/index.php?rest_route=\/wp\/v2\/posts\/134808","targetHints":{"allow":["GET"]}}],"collection":[{"href":"https:\/\/kulturbloggen.com\/index.php?rest_route=\/wp\/v2\/posts"}],"about":[{"href":"https:\/\/kulturbloggen.com\/index.php?rest_route=\/wp\/v2\/types\/post"}],"author":[{"embeddable":true,"href":"https:\/\/kulturbloggen.com\/index.php?rest_route=\/wp\/v2\/users\/34"}],"replies":[{"embeddable":true,"href":"https:\/\/kulturbloggen.com\/index.php?rest_route=%2Fwp%2Fv2%2Fcomments&post=134808"}],"version-history":[{"count":8,"href":"https:\/\/kulturbloggen.com\/index.php?rest_route=\/wp\/v2\/posts\/134808\/revisions"}],"predecessor-version":[{"id":134833,"href":"https:\/\/kulturbloggen.com\/index.php?rest_route=\/wp\/v2\/posts\/134808\/revisions\/134833"}],"wp:attachment":[{"href":"https:\/\/kulturbloggen.com\/index.php?rest_route=%2Fwp%2Fv2%2Fmedia&parent=134808"}],"wp:term":[{"taxonomy":"category","embeddable":true,"href":"https:\/\/kulturbloggen.com\/index.php?rest_route=%2Fwp%2Fv2%2Fcategories&post=134808"},{"taxonomy":"post_tag","embeddable":true,"href":"https:\/\/kulturbloggen.com\/index.php?rest_route=%2Fwp%2Fv2%2Ftags&post=134808"}],"curies":[{"name":"wp","href":"https:\/\/api.w.org\/{rel}","templated":true}]}}