{"id":134731,"date":"2020-05-30T10:17:02","date_gmt":"2020-05-30T08:17:02","guid":{"rendered":"https:\/\/kulturbloggen.com\/?p=134731"},"modified":"2020-05-30T10:17:03","modified_gmt":"2020-05-30T08:17:03","slug":"titta-gosta-berlings-saga-basement-traps","status":"publish","type":"post","link":"https:\/\/kulturbloggen.com\/?p=134731","title":{"rendered":"Titta: G\u00f6sta Berlings Saga &#8211; Basement Traps"},"content":{"rendered":"<p>Svenska prock- instrumentalisterna G\u00d6STA BERLINGS SAGA sl\u00e4pper sitt kommande, sj\u00e4tte studioalbum \u201cKonkret Musik\u201d den 24 juli 2020.<\/p>\n<p>Albumets f\u00f6rsta singel \u201cBasement Traps\u201d sl\u00e4pptes den 29 maj och videon \u00e4r regisserad av Martin Gustafsson,<\/p>\n<p><iframe loading=\"lazy\" width=\"560\" height=\"315\" src=\"https:\/\/www.youtube.com\/embed\/VSpt7sU4T2g\" frameborder=\"0\" allow=\"accelerometer; autoplay; encrypted-media; gyroscope; picture-in-picture\" allowfullscreen=\"\"><\/iframe><\/p>\n","protected":false},"excerpt":{"rendered":"<p>Svenska prock- instrumentalisterna G\u00d6STA BERLINGS SAGA sl\u00e4pper sitt kommande, sj\u00e4tte studioalbum \u201cKonkret Musik\u201d den 24 juli 2020. Albumets f\u00f6rsta singel \u201cBasement Traps\u201d sl\u00e4pptes den 29 maj och videon \u00e4r regisserad av Martin Gustafsson,<\/p>\n","protected":false},"author":13,"featured_media":0,"comment_status":"closed","ping_status":"closed","sticky":false,"template":"","format":"standard","meta":{"_genesis_hide_title":false,"_genesis_hide_breadcrumbs":false,"_genesis_hide_singular_image":false,"_genesis_hide_footer_widgets":false,"_genesis_custom_body_class":"","_genesis_custom_post_class":"","_genesis_layout":"","footnotes":""},"categories":[7],"tags":[],"class_list":{"0":"post-134731","1":"post","2":"type-post","3":"status-publish","4":"format-standard","6":"category-musik","7":"entry"},"_links":{"self":[{"href":"https:\/\/kulturbloggen.com\/index.php?rest_route=\/wp\/v2\/posts\/134731","targetHints":{"allow":["GET"]}}],"collection":[{"href":"https:\/\/kulturbloggen.com\/index.php?rest_route=\/wp\/v2\/posts"}],"about":[{"href":"https:\/\/kulturbloggen.com\/index.php?rest_route=\/wp\/v2\/types\/post"}],"author":[{"embeddable":true,"href":"https:\/\/kulturbloggen.com\/index.php?rest_route=\/wp\/v2\/users\/13"}],"replies":[{"embeddable":true,"href":"https:\/\/kulturbloggen.com\/index.php?rest_route=%2Fwp%2Fv2%2Fcomments&post=134731"}],"version-history":[{"count":4,"href":"https:\/\/kulturbloggen.com\/index.php?rest_route=\/wp\/v2\/posts\/134731\/revisions"}],"predecessor-version":[{"id":134735,"href":"https:\/\/kulturbloggen.com\/index.php?rest_route=\/wp\/v2\/posts\/134731\/revisions\/134735"}],"wp:attachment":[{"href":"https:\/\/kulturbloggen.com\/index.php?rest_route=%2Fwp%2Fv2%2Fmedia&parent=134731"}],"wp:term":[{"taxonomy":"category","embeddable":true,"href":"https:\/\/kulturbloggen.com\/index.php?rest_route=%2Fwp%2Fv2%2Fcategories&post=134731"},{"taxonomy":"post_tag","embeddable":true,"href":"https:\/\/kulturbloggen.com\/index.php?rest_route=%2Fwp%2Fv2%2Ftags&post=134731"}],"curies":[{"name":"wp","href":"https:\/\/api.w.org\/{rel}","templated":true}]}}