{"id":134718,"date":"2020-05-28T10:58:55","date_gmt":"2020-05-28T08:58:55","guid":{"rendered":"https:\/\/kulturbloggen.com\/?p=134718"},"modified":"2020-05-28T10:58:56","modified_gmt":"2020-05-28T08:58:56","slug":"dansbandet-perikles-i-ovantat-samarbete-med-helsingborgs-symfoniorkester","status":"publish","type":"post","link":"https:\/\/kulturbloggen.com\/?p=134718","title":{"rendered":"Dansbandet Perikles i ov\u00e4ntat samarbete med Helsingborgs Symfoniorkester"},"content":{"rendered":"<p><img loading=\"lazy\" decoding=\"async\" class=\"aligncenter size-full wp-image-134722\" src=\"https:\/\/kulturbloggen.com\/wp-content\/uploads\/2020\/05\/unnamed-6-3.jpg\" alt=\"\" width=\"599\" height=\"337\" srcset=\"https:\/\/kulturbloggen.com\/wp-content\/uploads\/2020\/05\/unnamed-6-3.jpg 599w, https:\/\/kulturbloggen.com\/wp-content\/uploads\/2020\/05\/unnamed-6-3-300x169.jpg 300w\" sizes=\"auto, (max-width: 599px) 100vw, 599px\" \/><\/p>\n<p>40-\u00e5rsjubilerande dansbandet Perikles \u00e4r synonymt med megahiten \u201dVar ska vi sova inatt\u201d. I slutet av maj f\u00e5r l\u00e5ten v\u00e4rldspremi\u00e4r i en helt ny och mycket ov\u00e4ntad version tillsammans med Helsingborgs Symfoniorkester, skriver ett pressmeddelande:<\/p>\n<p>F\u00f6r ett par veckor sedan var det The Sounds nya l\u00e5t Safe &amp; Sound som fick nytt arrangemang av Jonas Nydesj\u00f6 och passionerad inramning av Helsingborgs Symfoniorkester. Nu har Nydesj\u00f6 satt t\u00e4nderna i dansbandsklassikern Var ska vi sova inatt som f\u00e5tt gammal som ung att dansa runt om i landet \u00e4nda sedan 1982.<\/p>\n<p>\u2013 Det var en sp\u00e4nnande utmaning, men med \u00e5ren har jag l\u00e4rt mig att det \u00e4r de ov\u00e4ntade samarbetena som man efter\u00e5t kan k\u00e4nna sig extra stolt \u00f6ver. Arbetet tar en med p\u00e5 en resa som man inte riktigt vet hur den ska bli, s\u00e4ger Jonas Nydesj\u00f6.<\/p>\n<p>Perikles gav Jonas Nydesj\u00f6 helt fria h\u00e4nder i sitt arbete, som b\u00f6rjade hemma vid pianot.<\/p>\n<p>\u2013 Jag ville hitta p\u00e5 en ny milj\u00f6 f\u00f6r l\u00e5ten och b\u00f6rjade med att skala bort allt som k\u00e4ndes on\u00f6digt f\u00f6r en version med orkester. Men jag ville beh\u00e5lla melodin, ackorden och i till viss del den energi som l\u00e5ten har.<\/p>\n<p>Resultatet \u00e4r en eldig tango som f\u00f6rst\u00e5s flirtar med originals\u00e5ngen, som ju precis som tangon \u00e4r musik skapad f\u00f6r att kunna dansas till.<\/p>\n<p>\u2013 Det landade v\u00e4ldigt v\u00e4l och vi hittade den d\u00e4r balansen som inneb\u00e4r att alla har kul tillsammans. D\u00e5 m\u00f6ts man p\u00e5 riktigt. Och det k\u00e4nns som att l\u00e5ten kan st\u00e5 p\u00e5 egna ben. Jag \u00e4r supern\u00f6jd.<\/p>\n<p>Lars Lundgren, s\u00e5ngare i Perikles, \u00e4r stolt \u00f6ver det ovanliga samarbetet som gav honom och bandkollegorna rej\u00e4lt pirr i magen.<\/p>\n<p>\u2013 Det var speciellt att sjunga med Symfoniorkestern. Kraften fr\u00e5n musiken var s\u00e5 stark att jag blev r\u00f6rd n\u00e4r jag h\u00f6rde dem spela. Vi k\u00e4nde oss s\u00e5 lyckliga allihop.<\/p>\n","protected":false},"excerpt":{"rendered":"<p>40-\u00e5rsjubilerande dansbandet Perikles \u00e4r synonymt med megahiten \u201dVar ska vi sova inatt\u201d. I slutet av maj f\u00e5r l\u00e5ten v\u00e4rldspremi\u00e4r i en helt ny och mycket ov\u00e4ntad version tillsammans med Helsingborgs Symfoniorkester, skriver ett pressmeddelande: F\u00f6r ett par veckor sedan var det The Sounds nya l\u00e5t Safe &amp; Sound som fick nytt arrangemang av Jonas Nydesj\u00f6 [&hellip;]<\/p>\n","protected":false},"author":13,"featured_media":0,"comment_status":"closed","ping_status":"closed","sticky":false,"template":"","format":"standard","meta":{"_genesis_hide_title":false,"_genesis_hide_breadcrumbs":false,"_genesis_hide_singular_image":false,"_genesis_hide_footer_widgets":false,"_genesis_custom_body_class":"","_genesis_custom_post_class":"","_genesis_layout":"","footnotes":""},"categories":[7,13624],"tags":[],"class_list":{"0":"post-134718","1":"post","2":"type-post","3":"status-publish","4":"format-standard","6":"category-musik","7":"category-toppnytt","8":"entry"},"_links":{"self":[{"href":"https:\/\/kulturbloggen.com\/index.php?rest_route=\/wp\/v2\/posts\/134718","targetHints":{"allow":["GET"]}}],"collection":[{"href":"https:\/\/kulturbloggen.com\/index.php?rest_route=\/wp\/v2\/posts"}],"about":[{"href":"https:\/\/kulturbloggen.com\/index.php?rest_route=\/wp\/v2\/types\/post"}],"author":[{"embeddable":true,"href":"https:\/\/kulturbloggen.com\/index.php?rest_route=\/wp\/v2\/users\/13"}],"replies":[{"embeddable":true,"href":"https:\/\/kulturbloggen.com\/index.php?rest_route=%2Fwp%2Fv2%2Fcomments&post=134718"}],"version-history":[{"count":4,"href":"https:\/\/kulturbloggen.com\/index.php?rest_route=\/wp\/v2\/posts\/134718\/revisions"}],"predecessor-version":[{"id":134724,"href":"https:\/\/kulturbloggen.com\/index.php?rest_route=\/wp\/v2\/posts\/134718\/revisions\/134724"}],"wp:attachment":[{"href":"https:\/\/kulturbloggen.com\/index.php?rest_route=%2Fwp%2Fv2%2Fmedia&parent=134718"}],"wp:term":[{"taxonomy":"category","embeddable":true,"href":"https:\/\/kulturbloggen.com\/index.php?rest_route=%2Fwp%2Fv2%2Fcategories&post=134718"},{"taxonomy":"post_tag","embeddable":true,"href":"https:\/\/kulturbloggen.com\/index.php?rest_route=%2Fwp%2Fv2%2Ftags&post=134718"}],"curies":[{"name":"wp","href":"https:\/\/api.w.org\/{rel}","templated":true}]}}