{"id":134667,"date":"2020-05-27T15:58:09","date_gmt":"2020-05-27T13:58:09","guid":{"rendered":"https:\/\/kulturbloggen.com\/?p=134667"},"modified":"2020-05-27T15:58:12","modified_gmt":"2020-05-27T13:58:12","slug":"arets-upplaga-av-ostersjofestivalen-stalls-in","status":"publish","type":"post","link":"https:\/\/kulturbloggen.com\/?p=134667","title":{"rendered":"\u00c5rets upplaga av \u00d6stersj\u00f6festivalen st\u00e4lls in"},"content":{"rendered":"<p><img loading=\"lazy\" decoding=\"async\" class=\"aligncenter size-full wp-image-134670\" src=\"https:\/\/kulturbloggen.com\/wp-content\/uploads\/2020\/05\/unnamed-5-5.jpg\" alt=\"\" width=\"280\" height=\"115\" \/><\/p>\n<p>\u00d6stersj\u00f6festivalen som skulle \u00e4gt rum i augusti 2020 st\u00e4lls in. Avsikten var in i det sista att i \u00e5r g\u00f6ra festivalen helt digital, men de planeringsm\u00e4ssiga f\u00f6ruts\u00e4ttningarna i sp\u00e5ren av covid 19-utbrottet har slutligen satt stopp f\u00f6r det, ber\u00e4ttar ett pressmeddelande:<br \/>\n&#8217; Vi har l\u00e4nge varit beredda p\u00e5 att genomf\u00f6ra festivalen digitalt, \u00e4ven om omst\u00e4ndigheterna har varit sv\u00e5ra. Sedan utbrottet av covid-19 satte stopp f\u00f6r fysisk publik i Berwaldhallen har vi haft m\u00f6jlighet att ge livekonserter varje vecka i P2 samt bildstreamat p\u00e5 Berwaldhallen Play. Vi \u00e4r v\u00e4ldigt glada f\u00f6r den positiva responsen vi f\u00e5tt under v\u00e5ren. Ett intensivt arbete har lagts ned p\u00e5 att planera om \u00d6stersj\u00f6festivalen efter nya f\u00f6ruts\u00e4ttningar, men till slut var vi \u00e4nd\u00e5 tvungna att ta beslutet att st\u00e4lla in, s\u00e4ger Staffan Becker, konserthuschef i Berwaldhallen.<\/p>\n<p>&#8211; Det k\u00e4nns mycket sorgligt att vi har beh\u00f6vt st\u00e4lla in \u00e5rets festival. Men v\u00e5r starka f\u00f6rhoppning \u00e4r att vi 2021 kommer att kunna erbjuda publiken ett \u00e4nnu mer utmanande och tankev\u00e4ckande program, som \u00e4r k\u00e4nnetecknande f\u00f6r \u00d6stersj\u00f6festivalen, s\u00e4ger Christian Thompson, planeringschef i Berwaldhallen.<\/p>\n<p>K\u00f6pta biljetter till \u00d6stersj\u00f6festivalen 2020 \u00e5terl\u00f6ses, biljettk\u00f6pare kommer att bli kontaktade. \u00d6stersj\u00f6festivalen 2021 kommer att \u00e4ga rum i m\u00e5nadsskiftet augusti-september.<\/p>\n<p>Om \u00d6stersj\u00f6festivalen<br \/>\n\u00d6stersj\u00f6festivalen vill genom musik och samtal lyfta fram vikten av tolerans, demokrati och \u00f6stersj\u00f6l\u00e4ndernas gemensamma ansvar f\u00f6r en h\u00e5llbar region. Basen f\u00f6r festivalen \u00e4r Sveriges Radios konserthus Berwaldhallen med sina ensembler, Sveriges Radio P2 och kulturinstitutioner runt hela \u00f6stersj\u00f6omr\u00e5det. Alla samarbetspartners bidrar till festivalens inneh\u00e5ll genom streamade bilds\u00e4ndningar av scensamtal, och visar ocks\u00e5 de lives\u00e4nda konserterna fr\u00e5n Berwaldhallen i sina respektive arenor.<\/p>\n","protected":false},"excerpt":{"rendered":"<p>\u00d6stersj\u00f6festivalen som skulle \u00e4gt rum i augusti 2020 st\u00e4lls in. Avsikten var in i det sista att i \u00e5r g\u00f6ra festivalen helt digital, men de planeringsm\u00e4ssiga f\u00f6ruts\u00e4ttningarna i sp\u00e5ren av covid 19-utbrottet har slutligen satt stopp f\u00f6r det, ber\u00e4ttar ett pressmeddelande: &#8217; Vi har l\u00e4nge varit beredda p\u00e5 att genomf\u00f6ra festivalen digitalt, \u00e4ven om omst\u00e4ndigheterna [&hellip;]<\/p>\n","protected":false},"author":13,"featured_media":0,"comment_status":"closed","ping_status":"closed","sticky":false,"template":"","format":"standard","meta":{"_genesis_hide_title":false,"_genesis_hide_breadcrumbs":false,"_genesis_hide_singular_image":false,"_genesis_hide_footer_widgets":false,"_genesis_custom_body_class":"","_genesis_custom_post_class":"","_genesis_layout":"","footnotes":""},"categories":[7,13624],"tags":[],"class_list":{"0":"post-134667","1":"post","2":"type-post","3":"status-publish","4":"format-standard","6":"category-musik","7":"category-toppnytt","8":"entry"},"_links":{"self":[{"href":"https:\/\/kulturbloggen.com\/index.php?rest_route=\/wp\/v2\/posts\/134667","targetHints":{"allow":["GET"]}}],"collection":[{"href":"https:\/\/kulturbloggen.com\/index.php?rest_route=\/wp\/v2\/posts"}],"about":[{"href":"https:\/\/kulturbloggen.com\/index.php?rest_route=\/wp\/v2\/types\/post"}],"author":[{"embeddable":true,"href":"https:\/\/kulturbloggen.com\/index.php?rest_route=\/wp\/v2\/users\/13"}],"replies":[{"embeddable":true,"href":"https:\/\/kulturbloggen.com\/index.php?rest_route=%2Fwp%2Fv2%2Fcomments&post=134667"}],"version-history":[{"count":3,"href":"https:\/\/kulturbloggen.com\/index.php?rest_route=\/wp\/v2\/posts\/134667\/revisions"}],"predecessor-version":[{"id":134674,"href":"https:\/\/kulturbloggen.com\/index.php?rest_route=\/wp\/v2\/posts\/134667\/revisions\/134674"}],"wp:attachment":[{"href":"https:\/\/kulturbloggen.com\/index.php?rest_route=%2Fwp%2Fv2%2Fmedia&parent=134667"}],"wp:term":[{"taxonomy":"category","embeddable":true,"href":"https:\/\/kulturbloggen.com\/index.php?rest_route=%2Fwp%2Fv2%2Fcategories&post=134667"},{"taxonomy":"post_tag","embeddable":true,"href":"https:\/\/kulturbloggen.com\/index.php?rest_route=%2Fwp%2Fv2%2Ftags&post=134667"}],"curies":[{"name":"wp","href":"https:\/\/api.w.org\/{rel}","templated":true}]}}