{"id":134513,"date":"2020-05-20T11:12:54","date_gmt":"2020-05-20T09:12:54","guid":{"rendered":"https:\/\/kulturbloggen.com\/?p=134513"},"modified":"2020-05-20T11:12:54","modified_gmt":"2020-05-20T09:12:54","slug":"inga-konserter-pa-liseberg-i-sommar","status":"publish","type":"post","link":"https:\/\/kulturbloggen.com\/?p=134513","title":{"rendered":"Inga konserter p\u00e5 Liseberg i sommar"},"content":{"rendered":"<p><img loading=\"lazy\" decoding=\"async\" class=\"aligncenter size-full wp-image-134517\" src=\"https:\/\/kulturbloggen.com\/wp-content\/uploads\/2020\/05\/unnamed-6-2.jpg\" alt=\"\" width=\"650\" height=\"433\" srcset=\"https:\/\/kulturbloggen.com\/wp-content\/uploads\/2020\/05\/unnamed-6-2.jpg 650w, https:\/\/kulturbloggen.com\/wp-content\/uploads\/2020\/05\/unnamed-6-2-300x200.jpg 300w\" sizes=\"auto, (max-width: 650px) 100vw, 650px\" \/><\/p>\n<p>P\u00e5 grund av den p\u00e5g\u00e5ende coronakrisen har Liseberg nu tagit beslut om att st\u00e4lla in hela sommarens konsertprogram. Beslutet omfattar Stora Scenen, Lilla Scenen och Polketten. Totalt handlar det om 70 akter som flyttas fram till 2021 eller avbokas.<\/p>\n<p>Ett pressmeddelande:<br \/>\n&#8221;Det k\u00e4nns vansinnigt trist, men under de r\u00e5dande omst\u00e4ndigheterna tror vi det \u00e4r r\u00e4tt beslut. Vi f\u00e5r g\u00f6ra comeback med ett otroligt starkt scenprogram sommaren 2021 ist\u00e4llet\u201d, s\u00e4ger underh\u00e5llningschefen Per Alexanderson.<\/p>\n<p>I april gav Liseberg besked om att alla konserter fram till midsommar st\u00e4lls in. Ledningen p\u00e5 Liseberg har nu tagit ett nytt beslut att det inte blir n\u00e5gra konserter alls under sommars\u00e4songen 2020.<\/p>\n<p>&#8221;Vi har f\u00f6ljt utvecklingen dagligen och just nu \u00e4r det \u00e4r inte mycket som talar f\u00f6r att vi kommer att kunna genomf\u00f6ra n\u00e5gra konserter alls. D\u00e4rf\u00f6r v\u00e4ljer vi att st\u00e4lla in hela sommarens program&#8221;, s\u00e4ger Per Alexanderson, underh\u00e5llningschef Liseberg.<\/p>\n<p>Beslutet omfattar samtliga konserter p\u00e5 Stora och Lilla Scenen, samt programmet p\u00e5 Polketten med danskv\u00e4llar, danskurser och Elvadans. \u00c4ven barnf\u00f6rest\u00e4llningarna p\u00e5 Kaninscenen st\u00e4lls in.<\/p>\n<p>N\u00e5gra av de internationella artisterna, bland annat Tom Jones och Einst\u00fcrzende Neubauten, har redan meddelat att de ist\u00e4llet flyttar sina turn\u00e9er till 2021 och att de d\u00e4rmed kommer att upptr\u00e4da p\u00e5 Liseberg n\u00e4sta sommar ist\u00e4llet.<\/p>\n<p>&#8221;Det k\u00e4nns vansinnigt trist, men under de r\u00e5dande omst\u00e4ndigheterna tror vi det \u00e4r r\u00e4tt beslut. Vi f\u00e5r g\u00f6ra comeback med ett otroligt starkt scenprogram sommaren 2021 ist\u00e4llet&#8221;, s\u00e4ger Per Alexanderson.<\/p>\n<p>Vad g\u00e4ller sommars\u00e4songen 2020 s\u00e5 har Liseberg i nul\u00e4get inga besked om n\u00e4r n\u00f6jesparken kan f\u00e5 tillst\u00e5nd att \u00f6ppna.<\/p>\n<p>&#8221;Vi \u00e4r redo att \u00f6ppna, men avvaktar s\u00e5klart myndigheternas bed\u00f6mningar&#8221;, s\u00e4ger Tina Resch, vice vd Liseberg.<\/p>\n","protected":false},"excerpt":{"rendered":"<p>P\u00e5 grund av den p\u00e5g\u00e5ende coronakrisen har Liseberg nu tagit beslut om att st\u00e4lla in hela sommarens konsertprogram. Beslutet omfattar Stora Scenen, Lilla Scenen och Polketten. Totalt handlar det om 70 akter som flyttas fram till 2021 eller avbokas. Ett pressmeddelande: &#8221;Det k\u00e4nns vansinnigt trist, men under de r\u00e5dande omst\u00e4ndigheterna tror vi det \u00e4r r\u00e4tt [&hellip;]<\/p>\n","protected":false},"author":13,"featured_media":0,"comment_status":"closed","ping_status":"closed","sticky":false,"template":"","format":"standard","meta":{"_genesis_hide_title":false,"_genesis_hide_breadcrumbs":false,"_genesis_hide_singular_image":false,"_genesis_hide_footer_widgets":false,"_genesis_custom_body_class":"","_genesis_custom_post_class":"","_genesis_layout":"","footnotes":""},"categories":[7,13624],"tags":[],"class_list":{"0":"post-134513","1":"post","2":"type-post","3":"status-publish","4":"format-standard","6":"category-musik","7":"category-toppnytt","8":"entry"},"_links":{"self":[{"href":"https:\/\/kulturbloggen.com\/index.php?rest_route=\/wp\/v2\/posts\/134513","targetHints":{"allow":["GET"]}}],"collection":[{"href":"https:\/\/kulturbloggen.com\/index.php?rest_route=\/wp\/v2\/posts"}],"about":[{"href":"https:\/\/kulturbloggen.com\/index.php?rest_route=\/wp\/v2\/types\/post"}],"author":[{"embeddable":true,"href":"https:\/\/kulturbloggen.com\/index.php?rest_route=\/wp\/v2\/users\/13"}],"replies":[{"embeddable":true,"href":"https:\/\/kulturbloggen.com\/index.php?rest_route=%2Fwp%2Fv2%2Fcomments&post=134513"}],"version-history":[{"count":4,"href":"https:\/\/kulturbloggen.com\/index.php?rest_route=\/wp\/v2\/posts\/134513\/revisions"}],"predecessor-version":[{"id":134518,"href":"https:\/\/kulturbloggen.com\/index.php?rest_route=\/wp\/v2\/posts\/134513\/revisions\/134518"}],"wp:attachment":[{"href":"https:\/\/kulturbloggen.com\/index.php?rest_route=%2Fwp%2Fv2%2Fmedia&parent=134513"}],"wp:term":[{"taxonomy":"category","embeddable":true,"href":"https:\/\/kulturbloggen.com\/index.php?rest_route=%2Fwp%2Fv2%2Fcategories&post=134513"},{"taxonomy":"post_tag","embeddable":true,"href":"https:\/\/kulturbloggen.com\/index.php?rest_route=%2Fwp%2Fv2%2Ftags&post=134513"}],"curies":[{"name":"wp","href":"https:\/\/api.w.org\/{rel}","templated":true}]}}