{"id":134446,"date":"2020-05-18T13:11:08","date_gmt":"2020-05-18T11:11:08","guid":{"rendered":"https:\/\/kulturbloggen.com\/?p=134446"},"modified":"2020-05-18T13:13:24","modified_gmt":"2020-05-18T11:13:24","slug":"storslagen-spelning-med-stegar-streamas-fran-stora-teatern-pa-lordag-kl-19-alice-b-kapten-rod-och-a-m-e-gastar","status":"publish","type":"post","link":"https:\/\/kulturbloggen.com\/?p=134446","title":{"rendered":"Storslagen spelning med Stegar streamas fr\u00e5n Stora Teatern p\u00e5 l\u00f6rdag kl 19. Alice B, Kapten R\u00f6d och A.M.E g\u00e4star"},"content":{"rendered":"<p><img loading=\"lazy\" decoding=\"async\" class=\"aligncenter size-full wp-image-134449\" src=\"https:\/\/kulturbloggen.com\/wp-content\/uploads\/2020\/05\/unnamed-5-3.jpg\" alt=\"\" width=\"650\" height=\"433\" srcset=\"https:\/\/kulturbloggen.com\/wp-content\/uploads\/2020\/05\/unnamed-5-3.jpg 650w, https:\/\/kulturbloggen.com\/wp-content\/uploads\/2020\/05\/unnamed-5-3-300x200.jpg 300w\" sizes=\"auto, (max-width: 650px) 100vw, 650px\" \/><\/p>\n<p>I maj 2020 \u00e4r det tio \u00e5r sen Steget sl\u00e4ppte sitt debutalbum \u201dF\u00f6r\u00e4ndrar Allt\u201d. Duon har l\u00e4nge planerat hur det ska firas och v\u00e4grar st\u00e4lla in pga p\u00e5g\u00e5ende pandemi. Ist\u00e4llet f\u00f6r publik p\u00e5 plats bjuder dom in alla som vill att ta del av magin, det enda du beh\u00f6ver \u00e4r en sk\u00e4rm och lite internet. Streami.ng fr\u00e5n Stora Teatern i G\u00f6teborg p\u00e5 l\u00f6rdag 23 maj 2020 kl 19<\/p>\n<p>Ett pressmail skriver om spelningen:<br \/>\nDet blir lite mer demokratiskt. Du beh\u00f6ver inte befinna dig i G\u00f6teborg, inte \u00f6ver 18 eller inte ens ha pengar till en biljett. Alla ska med!<\/p>\n<p>Steget har dessutom lovat att bjuda in g\u00e4ster till spelningen, artister som p\u00e5 olika s\u00e4tt varit en viktigt del av Stegets 10 \u00e5r. Dom kommer bjuda p\u00e5 specialversioner av egna l\u00e5tar och g\u00e4sta Steget p\u00e5 deras l\u00e5tar. Kapten R\u00f6d, Alice B och A.M.E dyker upp och framf\u00f6r l\u00e5tar med Matilda och Nils. Det blir unikt och helt fantastiskt!<\/p>\n<p>Steget g\u00f6r spelningen p\u00e5 fantastiskt vackra Stora Teatern i G\u00f6teborg och du kan se den fr\u00e5n bandets konto p\u00e5 Facebook och Twitch.<\/p>\n<p>Du har kunnat h\u00f6ra Stegets musik i \u201dHj\u00e4lp vi k\u00f6pte en bondg\u00e5rd\u201d p\u00e5 SVT. Dom g\u00e4stade Mia Sk\u00e4ringers program Holy Mary. D\u00e4r framf\u00f6rde Nils, Matilda och Mia en version av \u201dJag Skulle D\u00f6 F\u00f6r Dig\u201d. Duon har b\u00e4st lyssning i Stockholm och n\u00e4r dom spelade d\u00e4r sist var det helt uts\u00e5lt. Det var det f\u00f6rresten \u00e4ven hemma i G\u00f6teborg. Steget har \u00e4ven gjort en magnifik tolkning av Ebba Gr\u00f6ns klassiker Flyktsoda.<\/p>\n<p>Spelningen \u00e4r m\u00f6jlig att genomf\u00f6ra tack varje ett fint samarbete med Stora Teatern och RedDot Production AB.<\/p>\n<p>Facebook:<br \/>\n<a href=\"https:\/\/www.facebook.com\/stegetgbg\/\">https:\/\/www.facebook.com\/stegetgbg\/<\/a><br \/>\nEvent till 10\u00e5rsfirandet:<br \/>\n<a href=\"https:\/\/www.facebook.com\/events\/2891094057639849\/\">https:\/\/www.facebook.com\/events\/2891094057639849\/<\/a><\/p>\n","protected":false},"excerpt":{"rendered":"<p>I maj 2020 \u00e4r det tio \u00e5r sen Steget sl\u00e4ppte sitt debutalbum \u201dF\u00f6r\u00e4ndrar Allt\u201d. Duon har l\u00e4nge planerat hur det ska firas och v\u00e4grar st\u00e4lla in pga p\u00e5g\u00e5ende pandemi. Ist\u00e4llet f\u00f6r publik p\u00e5 plats bjuder dom in alla som vill att ta del av magin, det enda du beh\u00f6ver \u00e4r en sk\u00e4rm och lite internet. [&hellip;]<\/p>\n","protected":false},"author":13,"featured_media":0,"comment_status":"closed","ping_status":"closed","sticky":false,"template":"","format":"standard","meta":{"_genesis_hide_title":false,"_genesis_hide_breadcrumbs":false,"_genesis_hide_singular_image":false,"_genesis_hide_footer_widgets":false,"_genesis_custom_body_class":"","_genesis_custom_post_class":"","_genesis_layout":"","footnotes":""},"categories":[7,13624],"tags":[],"class_list":{"0":"post-134446","1":"post","2":"type-post","3":"status-publish","4":"format-standard","6":"category-musik","7":"category-toppnytt","8":"entry"},"_links":{"self":[{"href":"https:\/\/kulturbloggen.com\/index.php?rest_route=\/wp\/v2\/posts\/134446","targetHints":{"allow":["GET"]}}],"collection":[{"href":"https:\/\/kulturbloggen.com\/index.php?rest_route=\/wp\/v2\/posts"}],"about":[{"href":"https:\/\/kulturbloggen.com\/index.php?rest_route=\/wp\/v2\/types\/post"}],"author":[{"embeddable":true,"href":"https:\/\/kulturbloggen.com\/index.php?rest_route=\/wp\/v2\/users\/13"}],"replies":[{"embeddable":true,"href":"https:\/\/kulturbloggen.com\/index.php?rest_route=%2Fwp%2Fv2%2Fcomments&post=134446"}],"version-history":[{"count":4,"href":"https:\/\/kulturbloggen.com\/index.php?rest_route=\/wp\/v2\/posts\/134446\/revisions"}],"predecessor-version":[{"id":134451,"href":"https:\/\/kulturbloggen.com\/index.php?rest_route=\/wp\/v2\/posts\/134446\/revisions\/134451"}],"wp:attachment":[{"href":"https:\/\/kulturbloggen.com\/index.php?rest_route=%2Fwp%2Fv2%2Fmedia&parent=134446"}],"wp:term":[{"taxonomy":"category","embeddable":true,"href":"https:\/\/kulturbloggen.com\/index.php?rest_route=%2Fwp%2Fv2%2Fcategories&post=134446"},{"taxonomy":"post_tag","embeddable":true,"href":"https:\/\/kulturbloggen.com\/index.php?rest_route=%2Fwp%2Fv2%2Ftags&post=134446"}],"curies":[{"name":"wp","href":"https:\/\/api.w.org\/{rel}","templated":true}]}}