{"id":13436,"date":"2009-10-03T10:33:35","date_gmt":"2009-10-03T08:33:35","guid":{"rendered":"http:\/\/kulturbloggen.com\/?p=13436"},"modified":"2009-10-03T10:33:35","modified_gmt":"2009-10-03T08:33:35","slug":"varldens-forsta-festivalfilmvisning-pa-is-under-stockholms-filmfestival","status":"publish","type":"post","link":"https:\/\/kulturbloggen.com\/?p=13436","title":{"rendered":"V\u00e4rldens f\u00f6rsta festivalfilmvisning p\u00e5 is under Stockholms filmfestival"},"content":{"rendered":"<p><img loading=\"lazy\" decoding=\"async\" src=\"http:\/\/sodergren.com\/kulturbloggen\/wp-content\/uploads\/2009\/10\/stockholmfilmfestival.gif\" alt=\"stockholmfilmfestival\" title=\"stockholmfilmfestival\" width=\"150\" height=\"143\" class=\"aligncenter size-full wp-image-13435\" \/><br \/>\nStockholms filmfestival firar sitt 20-\u00e5rsjubileum med v\u00e4rldspremi\u00e4r f\u00f6r filmvisning p\u00e5 isfilmduk. Festivalen visar fyra gratis jubileumsvisningar utomhus i november och de avslutas under festivalens f\u00f6rsta helg med v\u00e4rldens f\u00f6rsta biofilmvisning p\u00e5 en isduk. Festivalbes\u00f6kare uppmanas kl\u00e4 sig varmt.<\/p>\n<p>Filmduken, som \u00e4r gjord av den klaraste isen fr\u00e5n Torne \u00c4lv uppe i Polcirkeln m\u00e4ter 3,5 x 4,8 meter och v\u00e4ger drygt 10 ton. Isen sk\u00f6rdades i mars i -24 gradig kyla och den 20 november transporteras den ner till Stockholm f\u00f6r att s\u00e4ttas upp i mitt i Stockholm.<\/p>\n<p>Alla jubileumsvisningar kommer att vara utomhus, gratis och festivalen har valt att visa fyra festivalklassiker. Datum f\u00f6r utomhusvisningarna \u00e4r 7, 14, och 21, 22 november. Filmer och platser avsl\u00f6jas i b\u00f6rjan av november.<\/p>\n<p>Stockholms filmfestival fyller 20-\u00e5r och har alltid legat i framkant n\u00e4r det kommer till nya s\u00e4tt att g\u00f6ra och visa film. 2002 var festivalen den f\u00f6rsta att skapa en internetfestival, 2006 var festivalen f\u00f6rsta filmfestivalen i v\u00e4rlden som skapade en t\u00e4vlingssektion f\u00f6r film gjord p\u00e5 och f\u00f6r mobil &#8211; Mobile Movies. 2007 fokuserade festivalen p\u00e5 on-line aktiviteter och l\u00e4t regiss\u00f6rer och publik skapa film on-line.<\/p>\n<p>Isvisningsprojektet \u00e4r ett samarbete mellan Stockholm filmfestival, Icehotel i Jukkasj\u00e4rvi och delprojektet Kultur och evenemang under Sveriges ordf\u00f6randeskap i EU.<\/p>\n<p>L\u00e4s \u00e4ven andra bloggares \u00e5sikter om <a href=\"http:\/\/bloggar.se\/om\/film\" rel=\"tag\">film<\/a>, <a href=\"http:\/\/bloggar.se\/om\/filmfestival\" rel=\"tag\">filmfestival<\/a>, <a href=\"http:\/\/bloggar.se\/om\/Stockholm\" rel=\"tag\">Stockholm<\/a><\/p>\n","protected":false},"excerpt":{"rendered":"<p>Stockholms filmfestival firar sitt 20-\u00e5rsjubileum med v\u00e4rldspremi\u00e4r f\u00f6r filmvisning p\u00e5 isfilmduk. Festivalen visar fyra gratis jubileumsvisningar utomhus i november och de avslutas under festivalens f\u00f6rsta helg med v\u00e4rldens f\u00f6rsta biofilmvisning p\u00e5 en isduk. Festivalbes\u00f6kare uppmanas kl\u00e4 sig varmt. Filmduken, som \u00e4r gjord av den klaraste isen fr\u00e5n Torne \u00c4lv uppe i Polcirkeln m\u00e4ter 3,5 x [&hellip;]<\/p>\n","protected":false},"author":13,"featured_media":0,"comment_status":"open","ping_status":"open","sticky":false,"template":"","format":"standard","meta":{"_genesis_hide_title":false,"_genesis_hide_breadcrumbs":false,"_genesis_hide_singular_image":false,"_genesis_hide_footer_widgets":false,"_genesis_custom_body_class":"","_genesis_custom_post_class":"","_genesis_layout":"","footnotes":""},"categories":[20],"tags":[1723,12286,5400],"class_list":["post-13436","post","type-post","status-publish","format-standard","category-film","tag-filmfestival","tag-film","tag-stockholm","entry"],"_links":{"self":[{"href":"https:\/\/kulturbloggen.com\/index.php?rest_route=\/wp\/v2\/posts\/13436","targetHints":{"allow":["GET"]}}],"collection":[{"href":"https:\/\/kulturbloggen.com\/index.php?rest_route=\/wp\/v2\/posts"}],"about":[{"href":"https:\/\/kulturbloggen.com\/index.php?rest_route=\/wp\/v2\/types\/post"}],"author":[{"embeddable":true,"href":"https:\/\/kulturbloggen.com\/index.php?rest_route=\/wp\/v2\/users\/13"}],"replies":[{"embeddable":true,"href":"https:\/\/kulturbloggen.com\/index.php?rest_route=%2Fwp%2Fv2%2Fcomments&post=13436"}],"version-history":[{"count":0,"href":"https:\/\/kulturbloggen.com\/index.php?rest_route=\/wp\/v2\/posts\/13436\/revisions"}],"wp:attachment":[{"href":"https:\/\/kulturbloggen.com\/index.php?rest_route=%2Fwp%2Fv2%2Fmedia&parent=13436"}],"wp:term":[{"taxonomy":"category","embeddable":true,"href":"https:\/\/kulturbloggen.com\/index.php?rest_route=%2Fwp%2Fv2%2Fcategories&post=13436"},{"taxonomy":"post_tag","embeddable":true,"href":"https:\/\/kulturbloggen.com\/index.php?rest_route=%2Fwp%2Fv2%2Ftags&post=13436"}],"curies":[{"name":"wp","href":"https:\/\/api.w.org\/{rel}","templated":true}]}}