{"id":134145,"date":"2020-05-06T16:16:42","date_gmt":"2020-05-06T14:16:42","guid":{"rendered":"https:\/\/kulturbloggen.com\/?p=134145"},"modified":"2020-05-06T16:16:43","modified_gmt":"2020-05-06T14:16:43","slug":"jasmine-kara-skanker-album-till-forskningen-for-covid-19","status":"publish","type":"post","link":"https:\/\/kulturbloggen.com\/?p=134145","title":{"rendered":"Jasmine Kara sk\u00e4nker album till forskningen f\u00f6r Covid-19"},"content":{"rendered":"<p><img loading=\"lazy\" decoding=\"async\" class=\"aligncenter size-full wp-image-134148\" src=\"https:\/\/kulturbloggen.com\/wp-content\/uploads\/2020\/05\/unnamed-2-1.jpg\" alt=\"\" width=\"285\" height=\"337\" srcset=\"https:\/\/kulturbloggen.com\/wp-content\/uploads\/2020\/05\/unnamed-2-1.jpg 285w, https:\/\/kulturbloggen.com\/wp-content\/uploads\/2020\/05\/unnamed-2-1-254x300.jpg 254w\" sizes=\"auto, (max-width: 285px) 100vw, 285px\" \/><\/p>\n<p>Jasmine Kara sk\u00e4nker album till forskningen f\u00f6r Covid-19, ber\u00e4ttar ett pressmeddelande:<\/p>\n<p>&#8211; Vi alla \u00e4r p\u00e5verkade av den h\u00e4r v\u00e4rldskrisen. Jag har alltid dr\u00f6mt om att kunna hj\u00e4lpa v\u00e4rlden p\u00e5 n\u00e5got s\u00e4tt med min musik och om jag kan bidra p\u00e5 n\u00e5got s\u00e4tt genom det h\u00e4r s\u00e5 \u00e4r jag tacksam att f\u00e5 kunna g\u00f6ra det, s\u00e4ger Jasmine Kara<\/p>\n<p>Nu har Jasmine Kara tillsammans med Nyckelfonden och Kulturaktiebolaget startat ig\u00e5ng www.langrelevelivet.se d\u00e4r hon har signerat 200 stycken album och ljudb\u00f6cker. Alla int\u00e4kter g\u00e5r oavkortat till forskning som kan hj\u00e4lpa oss att f\u00f6rst\u00e5, behandla och bota Covid-19 eller n\u00e4rliggande infektionssjukdomar. Nu hoppas Nyckelfonden och Jasmine Kara att hon kan inspirera andra artister att sk\u00e4nka saker f\u00f6r forskningen.<\/p>\n<p>Vi \u00e4r s\u00e5 glada f\u00f6r Jasmines initiativ att samla in pengar till forskning p\u00e5 US\u00d6 s\u00e4ger Annika Rosdahl, stiftelseansvarig p\u00e5 Nyckelfonden. Dagens sjukv\u00e5rd \u00e4r g\u00e5rdagens forskning och eftersom v\u00e5ra kunskaper om Covid-19 \u00e4r begr\u00e4nsade \u00e4r forskningen viktigare \u00e4n n\u00e5gonsin.<\/p>\n<p>Flera Corona-relaterade studier i \u00e4r redan initierade p\u00e5 US\u00d6. Till exempel en som handlar om att kunna f\u00f6rutse hur sjukdomen utvecklas utifr\u00e5n r\u00f6ntgenbilder p\u00e5 f\u00f6r\u00e4ndringar i lungorna och en annan om att hitta behandling f\u00f6r viruset.<\/p>\n<p>Kulturaktiebolaget \u00e4r en artist- och eventbyr\u00e5 med bred kompetens. Vi jobbar med kreativitet, kunskap och struktur &#8211; kryddat med en stor dos personligt engagemang! Tillsammans har vi arrangerat konserter och festivaler, skapat scener, artistprogram och marknadsf\u00f6rt stora projekt. Kulturaktiebolaget har hj\u00e4lpt artister med r\u00e5dgivning, bokning, skivkontrakt och videos, samt gjort dem synliga i pressreleaser, tv, radio och tidningar.<\/p>\n","protected":false},"excerpt":{"rendered":"<p>Jasmine Kara sk\u00e4nker album till forskningen f\u00f6r Covid-19, ber\u00e4ttar ett pressmeddelande: &#8211; Vi alla \u00e4r p\u00e5verkade av den h\u00e4r v\u00e4rldskrisen. Jag har alltid dr\u00f6mt om att kunna hj\u00e4lpa v\u00e4rlden p\u00e5 n\u00e5got s\u00e4tt med min musik och om jag kan bidra p\u00e5 n\u00e5got s\u00e4tt genom det h\u00e4r s\u00e5 \u00e4r jag tacksam att f\u00e5 kunna g\u00f6ra det, [&hellip;]<\/p>\n","protected":false},"author":13,"featured_media":0,"comment_status":"closed","ping_status":"closed","sticky":false,"template":"","format":"standard","meta":{"_genesis_hide_title":false,"_genesis_hide_breadcrumbs":false,"_genesis_hide_singular_image":false,"_genesis_hide_footer_widgets":false,"_genesis_custom_body_class":"","_genesis_custom_post_class":"","_genesis_layout":"","footnotes":""},"categories":[7,13624],"tags":[],"class_list":{"0":"post-134145","1":"post","2":"type-post","3":"status-publish","4":"format-standard","6":"category-musik","7":"category-toppnytt","8":"entry"},"_links":{"self":[{"href":"https:\/\/kulturbloggen.com\/index.php?rest_route=\/wp\/v2\/posts\/134145","targetHints":{"allow":["GET"]}}],"collection":[{"href":"https:\/\/kulturbloggen.com\/index.php?rest_route=\/wp\/v2\/posts"}],"about":[{"href":"https:\/\/kulturbloggen.com\/index.php?rest_route=\/wp\/v2\/types\/post"}],"author":[{"embeddable":true,"href":"https:\/\/kulturbloggen.com\/index.php?rest_route=\/wp\/v2\/users\/13"}],"replies":[{"embeddable":true,"href":"https:\/\/kulturbloggen.com\/index.php?rest_route=%2Fwp%2Fv2%2Fcomments&post=134145"}],"version-history":[{"count":3,"href":"https:\/\/kulturbloggen.com\/index.php?rest_route=\/wp\/v2\/posts\/134145\/revisions"}],"predecessor-version":[{"id":134149,"href":"https:\/\/kulturbloggen.com\/index.php?rest_route=\/wp\/v2\/posts\/134145\/revisions\/134149"}],"wp:attachment":[{"href":"https:\/\/kulturbloggen.com\/index.php?rest_route=%2Fwp%2Fv2%2Fmedia&parent=134145"}],"wp:term":[{"taxonomy":"category","embeddable":true,"href":"https:\/\/kulturbloggen.com\/index.php?rest_route=%2Fwp%2Fv2%2Fcategories&post=134145"},{"taxonomy":"post_tag","embeddable":true,"href":"https:\/\/kulturbloggen.com\/index.php?rest_route=%2Fwp%2Fv2%2Ftags&post=134145"}],"curies":[{"name":"wp","href":"https:\/\/api.w.org\/{rel}","templated":true}]}}