{"id":133787,"date":"2020-04-19T15:12:03","date_gmt":"2020-04-19T13:12:03","guid":{"rendered":"https:\/\/kulturbloggen.com\/?p=133787"},"modified":"2020-04-19T15:12:06","modified_gmt":"2020-04-19T13:12:06","slug":"lyssna-alice-boman-everybody-hurts-pianoversion","status":"publish","type":"post","link":"https:\/\/kulturbloggen.com\/?p=133787","title":{"rendered":"Lyssna: Alice Boman &#8211; Everybody Hurts, pianoversion"},"content":{"rendered":"<p><img loading=\"lazy\" decoding=\"async\" class=\"aligncenter size-full wp-image-133792\" src=\"https:\/\/kulturbloggen.com\/wp-content\/uploads\/2020\/04\/unnamed-10-1.jpg\" alt=\"\" width=\"600\" height=\"600\" srcset=\"https:\/\/kulturbloggen.com\/wp-content\/uploads\/2020\/04\/unnamed-10-1.jpg 600w, https:\/\/kulturbloggen.com\/wp-content\/uploads\/2020\/04\/unnamed-10-1-150x150.jpg 150w, https:\/\/kulturbloggen.com\/wp-content\/uploads\/2020\/04\/unnamed-10-1-300x300.jpg 300w\" sizes=\"auto, (max-width: 600px) 100vw, 600px\" \/><\/p>\n<p>Alice Boman f\u00f6ljer upp sitt nyligen sl\u00e4ppta debutalbum \u201dDream On\u201d med en serie pianoversioner av l\u00e5tar fr\u00e5n albumet. F\u00f6rst ut \u00e4r en intim, avskalad version av den senaste singeln \u201dEverybody Hurts\u201d, som sl\u00e4pptes 17 april 2020.<\/p>\n<p>Ett pressmeddelande ber\u00e4ttar:<br \/>\nAlice Boman om \u201dEverybody Hurts\u201d:<br \/>\n\u201dDen h\u00e4r l\u00e5ten handlar om att bli bortvald och hur det kan f\u00e5 en att ifr\u00e5gas\u00e4tta sig sj\u00e4lv. Jag t\u00e4nker att en av v\u00e5ra st\u00f6rsta r\u00e4dslor \u00e4r just att bli avvisad. Samtidigt ville jag \u00e4nd\u00e5 g\u00f6ra l\u00e5ten lite uppmuntrande trots temat. En p\u00e5minnelse om att vi alla blir s\u00e5rade ibland.\u201d<\/p>\n<p>Alice Boman passar ocks\u00e5 p\u00e5 att annonsera ett Live-session p\u00e5 tisdag den 21 april kl. 20:00 d\u00e4r hon kommer framf\u00f6ra och streama pianoversioner av l\u00e5tar via hennes Facebook-sida. Alice om eventet:<\/p>\n<p>&#8221;I en tid som den h\u00e4r, full av r\u00e4dsla och os\u00e4kerhet, k\u00e4nns det v\u00e4ldigt fint att f\u00e5 kontakt med andra genom musik &#8211; p\u00e5 nya s\u00e4tt. Vi beh\u00f6ver varandra. S\u00e5, liksom m\u00e5nga artister g\u00f6r nu, ville jag g\u00f6ra en livestream\u201d<\/p>\n<p>Under de kommande veckorna sl\u00e4pps ytterligare tv\u00e5 pianoversioner, nerskalade och intima s\u00e5 att bara den innersta k\u00e4nslan finns kvar. Alla inspelade under en dag i Patrik Bergers studio, d\u00e4r ocks\u00e5 stora delar av debutalbumet spelades in.<\/p>\n<p><iframe loading=\"lazy\" src=\"https:\/\/open.spotify.com\/embed\/album\/2wVXcruq3XXmBji48jHgov\" width=\"300\" height=\"380\" frameborder=\"0\"><\/iframe><\/p>\n","protected":false},"excerpt":{"rendered":"<p>Alice Boman f\u00f6ljer upp sitt nyligen sl\u00e4ppta debutalbum \u201dDream On\u201d med en serie pianoversioner av l\u00e5tar fr\u00e5n albumet. F\u00f6rst ut \u00e4r en intim, avskalad version av den senaste singeln \u201dEverybody Hurts\u201d, som sl\u00e4pptes 17 april 2020. Ett pressmeddelande ber\u00e4ttar: Alice Boman om \u201dEverybody Hurts\u201d: \u201dDen h\u00e4r l\u00e5ten handlar om att bli bortvald och hur det [&hellip;]<\/p>\n","protected":false},"author":13,"featured_media":0,"comment_status":"closed","ping_status":"closed","sticky":false,"template":"","format":"standard","meta":{"_genesis_hide_title":false,"_genesis_hide_breadcrumbs":false,"_genesis_hide_singular_image":false,"_genesis_hide_footer_widgets":false,"_genesis_custom_body_class":"","_genesis_custom_post_class":"","_genesis_layout":"","footnotes":""},"categories":[7,13624],"tags":[],"class_list":{"0":"post-133787","1":"post","2":"type-post","3":"status-publish","4":"format-standard","6":"category-musik","7":"category-toppnytt","8":"entry"},"_links":{"self":[{"href":"https:\/\/kulturbloggen.com\/index.php?rest_route=\/wp\/v2\/posts\/133787","targetHints":{"allow":["GET"]}}],"collection":[{"href":"https:\/\/kulturbloggen.com\/index.php?rest_route=\/wp\/v2\/posts"}],"about":[{"href":"https:\/\/kulturbloggen.com\/index.php?rest_route=\/wp\/v2\/types\/post"}],"author":[{"embeddable":true,"href":"https:\/\/kulturbloggen.com\/index.php?rest_route=\/wp\/v2\/users\/13"}],"replies":[{"embeddable":true,"href":"https:\/\/kulturbloggen.com\/index.php?rest_route=%2Fwp%2Fv2%2Fcomments&post=133787"}],"version-history":[{"count":6,"href":"https:\/\/kulturbloggen.com\/index.php?rest_route=\/wp\/v2\/posts\/133787\/revisions"}],"predecessor-version":[{"id":133794,"href":"https:\/\/kulturbloggen.com\/index.php?rest_route=\/wp\/v2\/posts\/133787\/revisions\/133794"}],"wp:attachment":[{"href":"https:\/\/kulturbloggen.com\/index.php?rest_route=%2Fwp%2Fv2%2Fmedia&parent=133787"}],"wp:term":[{"taxonomy":"category","embeddable":true,"href":"https:\/\/kulturbloggen.com\/index.php?rest_route=%2Fwp%2Fv2%2Fcategories&post=133787"},{"taxonomy":"post_tag","embeddable":true,"href":"https:\/\/kulturbloggen.com\/index.php?rest_route=%2Fwp%2Fv2%2Ftags&post=133787"}],"curies":[{"name":"wp","href":"https:\/\/api.w.org\/{rel}","templated":true}]}}