{"id":133652,"date":"2020-04-09T17:11:52","date_gmt":"2020-04-09T15:11:52","guid":{"rendered":"https:\/\/kulturbloggen.com\/?p=133652"},"modified":"2020-04-09T17:11:53","modified_gmt":"2020-04-09T15:11:53","slug":"varldens-artistelit-direkt-till-ditt-hem-svt-direktsander-one-world-together-at-home","status":"publish","type":"post","link":"https:\/\/kulturbloggen.com\/?p=133652","title":{"rendered":"V\u00e4rldens artistelit direkt till ditt hem &#8211; SVT direkts\u00e4nder One World: Together at Home"},"content":{"rendered":"<p><img loading=\"lazy\" decoding=\"async\" class=\"aligncenter size-full wp-image-133660\" src=\"https:\/\/kulturbloggen.com\/wp-content\/uploads\/2020\/04\/omslag_oneworld.jpg\" alt=\"\" width=\"650\" height=\"366\" srcset=\"https:\/\/kulturbloggen.com\/wp-content\/uploads\/2020\/04\/omslag_oneworld.jpg 650w, https:\/\/kulturbloggen.com\/wp-content\/uploads\/2020\/04\/omslag_oneworld-300x169.jpg 300w\" sizes=\"auto, (max-width: 650px) 100vw, 650px\" \/><\/p>\n<p>SVT direkts\u00e4nder det globala eventet One World: Together at Home l\u00f6rdag 18 april, ett samarbete mellan Global Citizen, WHO och v\u00e4rldens artistelit. Ett pressmeddelande:<\/p>\n<p>Temat \u00e4r #togetherathome, d\u00e4r vi alla ombeds att stanna hemma tillsammans och solidariskt dela v\u00e5r isolering som st\u00f6d till de h\u00e5rt arbetande i sjukv\u00e5rden under denna pandemi.<\/p>\n<p>Kv\u00e4llens v\u00e4rdar \u00e4r programledarveteranerna Jimmy Fallon, Jimmy Kimmel och Stephen Colbert och tittarna kommer under kv\u00e4llen m\u00f6ta och h\u00f6ra framtr\u00e4danden fr\u00e5n bland andra Billie Eilish, Elton John, Andrea Bocelli, Paul McCartney, David Beckham, Chris Martin, Lady Gaga, Eddie Vedder, Stevie Wonder, John Legend och m\u00e5nga fler.<\/p>\n<p>Det hela startade som ett upprop fr\u00e5n Coldplays Chris Martin. COVID-19 har lamslagit v\u00e4rlden och tvingat konserter, festivaler och galor jorden runt att st\u00e4lla in. Ist\u00e4llet tog v\u00e4rldens artister saken i egna h\u00e4nder och b\u00f6rjade underh\u00e5lla sina fans genom intima framtr\u00e4danden fr\u00e5n sina vardagsrum.<\/p>\n<p>Nu tar organisationen Global Citizen tillsammans med V\u00e4rldsh\u00e4lsoorganisationen WHO det hela ett steg l\u00e4ngre. Genom att lansera ett globalt underh\u00e5llningsevent p\u00e5 olika plattformar str\u00e4var de efter att f\u00f6rena alla de m\u00e4nniskor vars liv p\u00e5verkas av coronavirusets framfart och f\u00f6r att hylla sjukv\u00e5rdspersonalen som outtr\u00f6ttligt g\u00f6r allt i sin makt f\u00f6r att st\u00e4vja virusets spridning. Vi f\u00f6renas tillsammans, men p\u00e5 distans.<\/p>\n<p>One World: Together at Home lives\u00e4nds p\u00e5 SVT Play l\u00f6rdag 18 april kl 02.00<br \/>\nS\u00e4ndningen g\u00e5r ocks\u00e5 att se i repris i SVT1 s\u00f6ndag 19 april<\/p>\n","protected":false},"excerpt":{"rendered":"<p>SVT direkts\u00e4nder det globala eventet One World: Together at Home l\u00f6rdag 18 april, ett samarbete mellan Global Citizen, WHO och v\u00e4rldens artistelit. Ett pressmeddelande: Temat \u00e4r #togetherathome, d\u00e4r vi alla ombeds att stanna hemma tillsammans och solidariskt dela v\u00e5r isolering som st\u00f6d till de h\u00e5rt arbetande i sjukv\u00e5rden under denna pandemi. Kv\u00e4llens v\u00e4rdar \u00e4r programledarveteranerna [&hellip;]<\/p>\n","protected":false},"author":13,"featured_media":0,"comment_status":"closed","ping_status":"closed","sticky":false,"template":"","format":"standard","meta":{"_genesis_hide_title":false,"_genesis_hide_breadcrumbs":false,"_genesis_hide_singular_image":false,"_genesis_hide_footer_widgets":false,"_genesis_custom_body_class":"","_genesis_custom_post_class":"","_genesis_layout":"","footnotes":""},"categories":[7,20,13624,13597],"tags":[],"class_list":{"0":"post-133652","1":"post","2":"type-post","3":"status-publish","4":"format-standard","6":"category-musik","7":"category-film","8":"category-toppnytt","9":"category-tv","10":"entry"},"_links":{"self":[{"href":"https:\/\/kulturbloggen.com\/index.php?rest_route=\/wp\/v2\/posts\/133652","targetHints":{"allow":["GET"]}}],"collection":[{"href":"https:\/\/kulturbloggen.com\/index.php?rest_route=\/wp\/v2\/posts"}],"about":[{"href":"https:\/\/kulturbloggen.com\/index.php?rest_route=\/wp\/v2\/types\/post"}],"author":[{"embeddable":true,"href":"https:\/\/kulturbloggen.com\/index.php?rest_route=\/wp\/v2\/users\/13"}],"replies":[{"embeddable":true,"href":"https:\/\/kulturbloggen.com\/index.php?rest_route=%2Fwp%2Fv2%2Fcomments&post=133652"}],"version-history":[{"count":4,"href":"https:\/\/kulturbloggen.com\/index.php?rest_route=\/wp\/v2\/posts\/133652\/revisions"}],"predecessor-version":[{"id":133661,"href":"https:\/\/kulturbloggen.com\/index.php?rest_route=\/wp\/v2\/posts\/133652\/revisions\/133661"}],"wp:attachment":[{"href":"https:\/\/kulturbloggen.com\/index.php?rest_route=%2Fwp%2Fv2%2Fmedia&parent=133652"}],"wp:term":[{"taxonomy":"category","embeddable":true,"href":"https:\/\/kulturbloggen.com\/index.php?rest_route=%2Fwp%2Fv2%2Fcategories&post=133652"},{"taxonomy":"post_tag","embeddable":true,"href":"https:\/\/kulturbloggen.com\/index.php?rest_route=%2Fwp%2Fv2%2Ftags&post=133652"}],"curies":[{"name":"wp","href":"https:\/\/api.w.org\/{rel}","templated":true}]}}