{"id":133604,"date":"2020-04-03T10:14:37","date_gmt":"2020-04-03T08:14:37","guid":{"rendered":"https:\/\/kulturbloggen.com\/?p=133604"},"modified":"2020-04-03T10:14:37","modified_gmt":"2020-04-03T08:14:37","slug":"lyssna-tomas-andersson-wij-dit-du-gar","status":"publish","type":"post","link":"https:\/\/kulturbloggen.com\/?p=133604","title":{"rendered":"Lyssna: Tomas Andersson Wij &#8211; Dit du g\u00e5r"},"content":{"rendered":"<p><img loading=\"lazy\" decoding=\"async\" class=\"aligncenter size-full wp-image-133608\" src=\"https:\/\/kulturbloggen.com\/wp-content\/uploads\/2020\/04\/unnamed-9.jpg\" alt=\"\" width=\"650\" height=\"650\" srcset=\"https:\/\/kulturbloggen.com\/wp-content\/uploads\/2020\/04\/unnamed-9.jpg 650w, https:\/\/kulturbloggen.com\/wp-content\/uploads\/2020\/04\/unnamed-9-150x150.jpg 150w, https:\/\/kulturbloggen.com\/wp-content\/uploads\/2020\/04\/unnamed-9-300x300.jpg 300w\" sizes=\"auto, (max-width: 650px) 100vw, 650px\" \/><\/p>\n<p>Fredag 3 april 2020 \u00e4r det premi\u00e4r f\u00f6r Dit du g\u00e5r, andra singeln fr\u00e5n det kommande albumet med Tomas Andersson Wij som sl\u00e4pps i september 2020. Dit du g\u00e5r \u00e4r en stor ballad med oemotst\u00e5ndlig refr\u00e4ng, uppbackad av legendariska Fl\u00e4skkvartetten.<\/p>\n<p>Ett pressmeddelande:<\/p>\n<p>\u201dVissa l\u00e5tar jobbar jag l\u00e4nge med, andra bara dyker upp, som om de redan fanns. Det h\u00e4r var en s\u00e5n l\u00e5t. Jag bara satte mig vid pianot och d\u00e4r var den,\u201d s\u00e4ger Tomas Anderrson Wij, som denna g\u00e5ng lagt gitarren p\u00e5 hyllan och bara skrivit p\u00e5 piano.<\/p>\n<p>Tidigare i \u00e5r sl\u00e4pptes f\u00f6rsta singeln Jag var ett konstigt barn, \u00e4ven den producerad tillsammans med Axel Jonsson-Stridbeck. En l\u00e5t som fick mycket lovord fr\u00e5n press och fans:<\/p>\n<p>\u201d\u00d6ver ett piano, som l\u00e5ter som om Roy Bittan f\u00f6ddes i Fru\u00e4ngen, n\u00e5r en av Sveriges fr\u00e4msta textf\u00f6rfattare ytterligare n\u00e5gra centimeter \u00f6ver ribban. Storslaget producerat av Pluras son, Axel Jonsson-Stridbeck.\u201d \u2013 Jan Gradvall, DI Weekend<\/p>\n<p>\u201dTAW p\u00e5 sitt mest episka hum\u00f6r.\u201d \u2013 H\u00e5kan Steen, Aftonbladet<\/p>\n<p>\u201dTomas Andersson Wijs nya singel, Jag var ett konstigt barn, \u00e4r en fantastisk, episk sak p\u00e5 drygt sex minuter. Bland det starkaste han gjort.\u201d<br \/>\n\u2013 Lars Nylin, Musikindustrin<\/p>\n<p>\u201dVad du \u00e4n g\u00f6r, forts\u00e4tt bara att vara ett konstigt barn.\u201d \u2013 Linda Skugge, Aftonbladet<\/p>\n<p><iframe loading=\"lazy\" src=\"https:\/\/open.spotify.com\/embed\/track\/5Y1wbyzdz86OUVPANLtQnm\" width=\"300\" height=\"380\" frameborder=\"0\"><\/iframe><\/p>\n","protected":false},"excerpt":{"rendered":"<p>Fredag 3 april 2020 \u00e4r det premi\u00e4r f\u00f6r Dit du g\u00e5r, andra singeln fr\u00e5n det kommande albumet med Tomas Andersson Wij som sl\u00e4pps i september 2020. Dit du g\u00e5r \u00e4r en stor ballad med oemotst\u00e5ndlig refr\u00e4ng, uppbackad av legendariska Fl\u00e4skkvartetten. Ett pressmeddelande: \u201dVissa l\u00e5tar jobbar jag l\u00e4nge med, andra bara dyker upp, som om de [&hellip;]<\/p>\n","protected":false},"author":13,"featured_media":0,"comment_status":"closed","ping_status":"closed","sticky":false,"template":"","format":"standard","meta":{"_genesis_hide_title":false,"_genesis_hide_breadcrumbs":false,"_genesis_hide_singular_image":false,"_genesis_hide_footer_widgets":false,"_genesis_custom_body_class":"","_genesis_custom_post_class":"","_genesis_layout":"","footnotes":""},"categories":[7,13624],"tags":[],"class_list":{"0":"post-133604","1":"post","2":"type-post","3":"status-publish","4":"format-standard","6":"category-musik","7":"category-toppnytt","8":"entry"},"_links":{"self":[{"href":"https:\/\/kulturbloggen.com\/index.php?rest_route=\/wp\/v2\/posts\/133604","targetHints":{"allow":["GET"]}}],"collection":[{"href":"https:\/\/kulturbloggen.com\/index.php?rest_route=\/wp\/v2\/posts"}],"about":[{"href":"https:\/\/kulturbloggen.com\/index.php?rest_route=\/wp\/v2\/types\/post"}],"author":[{"embeddable":true,"href":"https:\/\/kulturbloggen.com\/index.php?rest_route=\/wp\/v2\/users\/13"}],"replies":[{"embeddable":true,"href":"https:\/\/kulturbloggen.com\/index.php?rest_route=%2Fwp%2Fv2%2Fcomments&post=133604"}],"version-history":[{"count":4,"href":"https:\/\/kulturbloggen.com\/index.php?rest_route=\/wp\/v2\/posts\/133604\/revisions"}],"predecessor-version":[{"id":133609,"href":"https:\/\/kulturbloggen.com\/index.php?rest_route=\/wp\/v2\/posts\/133604\/revisions\/133609"}],"wp:attachment":[{"href":"https:\/\/kulturbloggen.com\/index.php?rest_route=%2Fwp%2Fv2%2Fmedia&parent=133604"}],"wp:term":[{"taxonomy":"category","embeddable":true,"href":"https:\/\/kulturbloggen.com\/index.php?rest_route=%2Fwp%2Fv2%2Fcategories&post=133604"},{"taxonomy":"post_tag","embeddable":true,"href":"https:\/\/kulturbloggen.com\/index.php?rest_route=%2Fwp%2Fv2%2Ftags&post=133604"}],"curies":[{"name":"wp","href":"https:\/\/api.w.org\/{rel}","templated":true}]}}