{"id":133531,"date":"2020-03-28T10:22:56","date_gmt":"2020-03-28T08:22:56","guid":{"rendered":"https:\/\/kulturbloggen.com\/?p=133531"},"modified":"2020-03-28T10:22:57","modified_gmt":"2020-03-28T08:22:57","slug":"lyssna-mando-diao-sjalens-skrubbsar","status":"publish","type":"post","link":"https:\/\/kulturbloggen.com\/?p=133531","title":{"rendered":"Lyssna: Mando Diao &#8211; Sj\u00e4lens skrubbs\u00e5r"},"content":{"rendered":"<figure id=\"attachment_133534\" aria-describedby=\"caption-attachment-133534\" style=\"width: 650px\" class=\"wp-caption aligncenter\"><img loading=\"lazy\" decoding=\"async\" class=\"size-full wp-image-133534\" src=\"https:\/\/kulturbloggen.com\/wp-content\/uploads\/2020\/03\/unnamed-3-2.jpg\" alt=\"\" width=\"650\" height=\"433\" srcset=\"https:\/\/kulturbloggen.com\/wp-content\/uploads\/2020\/03\/unnamed-3-2.jpg 650w, https:\/\/kulturbloggen.com\/wp-content\/uploads\/2020\/03\/unnamed-3-2-300x200.jpg 300w\" sizes=\"auto, (max-width: 650px) 100vw, 650px\" \/><figcaption id=\"caption-attachment-133534\" class=\"wp-caption-text\">Foto: Viktor Flum\u00e9<\/figcaption><\/figure>\n<p>Mando Diao har sl\u00e4ppt en ny singel, Sj\u00e4lens skrubbs\u00e5r.<br \/>\nEtt pressmeddelande ber\u00e4ttar:<\/p>\n<p>Att anklaga Mando Diao f\u00f6r att ligga p\u00e5 latsidan vore onekligen or\u00e4ttvist. T\u00e4tt inp\u00e5 h\u00f6stens utg\u00e5va av albumet BANG och deras insats som husband i P\u00e5 sp\u00e5ret sl\u00e4pper kvintetten den 29 maj sitt andra svenskspr\u00e5kiga album, I solnedg\u00e5ngen. Det r\u00f6r sig om en frist\u00e5ende uppf\u00f6ljare till 2012 \u00e5rs Grammis-vinnare Infruset. Denna skiva med Gustaf Fr\u00f6ding-tolkningar som s\u00e5lde fyra g\u00e5nger platina, toppade albumlistan, och d\u00e4r l\u00e5ten Str\u00f6vt\u00e5g i hembygden \u00e5terfinns, liknar n\u00e4rmast ett nationalmonument med sina \u00f6ver 167 veckor p\u00e5 Svensktoppen.<\/p>\n<p>Med I solnedg\u00e5ngen, som blir det tionde studioalbumet i ordningen fr\u00e5n den aldrig avtagande framg\u00e5ngssagan Mando Diao, har bandet haft ambitionen att f\u00e5 fram det m\u00e4nskliga i musiken och i texterna: tonsatta dikter av Karin Boye, Nils Ferlin och Gustaf Fr\u00f6ding uppblandat med s\u00e5dant som medlemmarna sj\u00e4lva eller frontmannen Bj\u00f6rn Dixg\u00e5rds f\u00f6r\u00e4ldrar har skrivit. Och de har gjort det genom att i Borl\u00e4nge spela in l\u00e5tarna p\u00e5 old school-vis: livetagningar med en mikrofon i rummet. Allting klart p\u00e5 fyra dagar.<\/p>\n<p>F\u00f6rst ut \u00e4r singeln Sj\u00e4lens skrubbs\u00e5r, och bakom l\u00e5ten st\u00e5r s\u00e5ngaren och gitarristen Bj\u00f6rn Dixg\u00e5rds f\u00f6r\u00e4ldrar, som i m\u00e5nga \u00e5r har skrivit l\u00e5tar p\u00e5 hobbyniv\u00e5.<\/p>\n<p>\u201dDe skrev den f\u00f6r tre\u2013fyra \u00e5r sedan, n\u00e4r jag fick h\u00f6ra den f\u00f6rsta g\u00e5ngen tyckte jag den var grym\u201d, s\u00e4ger Bj\u00f6rn. \u201dDen \u00e4r skriven som en tango och den har lite av det d\u00e4r finska skimret kvar i sig \u00e4ven i v\u00e5r tappning. Jag hade aldrig tidigare h\u00f6rt det uttrycket, sj\u00e4lens skrubbs\u00e5r, men det \u00e4r v\u00e4ldigt talande. Texten \u00e4r universell, handlar inte om n\u00e5gon specifik situation utan om livet. Med \u00e5ren kommer ju de d\u00e4r skrubbs\u00e5ren. Vissa blir st\u00f6rre \u00e4n andra, vissa l\u00e4ker och vissa g\u00f6r det inte.\u201d<\/p>\n<p>I slutet av maj s\u00e4tter Malm\u00f6 Live upp musikf\u00f6rest\u00e4llningen Infruset \u2013 sj\u00e4lens skrubbs\u00e5r, som baseras p\u00e5 Mando Diaos storsucc\u00e9 fr\u00e5n 2012. Till f\u00f6rest\u00e4llningen d\u00e4r Bj\u00f6rn Dixg\u00e5rd sj\u00e4lv medverkar har bandet ocks\u00e5 kompletterat med en del nyskrivet. En av l\u00e5tarna som finns med b\u00e5de i Malm\u00f6-upps\u00e4ttningen och p\u00e5 nya skivan \u00e4r singeln Sj\u00e4lens skrubbs\u00e5r, som ju har givit namn \u00e5t f\u00f6rest\u00e4llningen, men \u00e4ven n\u00e5gra andra av de nya skapelserna.<\/p>\n<p>Mando Diao premi\u00e4rspelade den nya singeln live l\u00f6rdag den 28 mars i Luuk &amp; Hallberg i SVT1 kl 21.00. Samma dag medverkade dessutom Bj\u00f6rn Dixg\u00e5rd som huvudg\u00e4st i Sverige! i SVT kl 18.15.<\/p>\n<p><iframe loading=\"lazy\" src=\"https:\/\/open.spotify.com\/embed\/album\/0CqStRznDHVSozQSyHGrYo\" width=\"300\" height=\"380\" frameborder=\"0\"><\/iframe><\/p>\n","protected":false},"excerpt":{"rendered":"<p>Mando Diao har sl\u00e4ppt en ny singel, Sj\u00e4lens skrubbs\u00e5r. Ett pressmeddelande ber\u00e4ttar: Att anklaga Mando Diao f\u00f6r att ligga p\u00e5 latsidan vore onekligen or\u00e4ttvist. T\u00e4tt inp\u00e5 h\u00f6stens utg\u00e5va av albumet BANG och deras insats som husband i P\u00e5 sp\u00e5ret sl\u00e4pper kvintetten den 29 maj sitt andra svenskspr\u00e5kiga album, I solnedg\u00e5ngen. Det r\u00f6r sig om en [&hellip;]<\/p>\n","protected":false},"author":13,"featured_media":0,"comment_status":"closed","ping_status":"closed","sticky":false,"template":"","format":"standard","meta":{"_genesis_hide_title":false,"_genesis_hide_breadcrumbs":false,"_genesis_hide_singular_image":false,"_genesis_hide_footer_widgets":false,"_genesis_custom_body_class":"","_genesis_custom_post_class":"","_genesis_layout":"","footnotes":""},"categories":[7,13624],"tags":[],"class_list":{"0":"post-133531","1":"post","2":"type-post","3":"status-publish","4":"format-standard","6":"category-musik","7":"category-toppnytt","8":"entry"},"_links":{"self":[{"href":"https:\/\/kulturbloggen.com\/index.php?rest_route=\/wp\/v2\/posts\/133531","targetHints":{"allow":["GET"]}}],"collection":[{"href":"https:\/\/kulturbloggen.com\/index.php?rest_route=\/wp\/v2\/posts"}],"about":[{"href":"https:\/\/kulturbloggen.com\/index.php?rest_route=\/wp\/v2\/types\/post"}],"author":[{"embeddable":true,"href":"https:\/\/kulturbloggen.com\/index.php?rest_route=\/wp\/v2\/users\/13"}],"replies":[{"embeddable":true,"href":"https:\/\/kulturbloggen.com\/index.php?rest_route=%2Fwp%2Fv2%2Fcomments&post=133531"}],"version-history":[{"count":3,"href":"https:\/\/kulturbloggen.com\/index.php?rest_route=\/wp\/v2\/posts\/133531\/revisions"}],"predecessor-version":[{"id":133535,"href":"https:\/\/kulturbloggen.com\/index.php?rest_route=\/wp\/v2\/posts\/133531\/revisions\/133535"}],"wp:attachment":[{"href":"https:\/\/kulturbloggen.com\/index.php?rest_route=%2Fwp%2Fv2%2Fmedia&parent=133531"}],"wp:term":[{"taxonomy":"category","embeddable":true,"href":"https:\/\/kulturbloggen.com\/index.php?rest_route=%2Fwp%2Fv2%2Fcategories&post=133531"},{"taxonomy":"post_tag","embeddable":true,"href":"https:\/\/kulturbloggen.com\/index.php?rest_route=%2Fwp%2Fv2%2Ftags&post=133531"}],"curies":[{"name":"wp","href":"https:\/\/api.w.org\/{rel}","templated":true}]}}