{"id":133518,"date":"2020-03-30T14:28:36","date_gmt":"2020-03-30T12:28:36","guid":{"rendered":"https:\/\/kulturbloggen.com\/?p=133518"},"modified":"2020-03-30T14:32:04","modified_gmt":"2020-03-30T12:32:04","slug":"existentiella-poem-inbaddade-i-betagande-omgivning-magritte-av-ulla-carin-gilbert-holmstrom","status":"publish","type":"post","link":"https:\/\/kulturbloggen.com\/?p=133518","title":{"rendered":"Existentiella poem inb\u00e4ddade i betagande omgivning &#8211; Magritte av Ulla Carin &amp; Gilbert Holmstr\u00f6m"},"content":{"rendered":"\n<figure class=\"wp-block-image\"><img loading=\"lazy\" decoding=\"async\" width=\"650\" height=\"650\" src=\"https:\/\/kulturbloggen.com\/wp-content\/uploads\/2020\/03\/590335.jpg\" alt=\"\" class=\"wp-image-133519\" srcset=\"https:\/\/kulturbloggen.com\/wp-content\/uploads\/2020\/03\/590335.jpg 650w, https:\/\/kulturbloggen.com\/wp-content\/uploads\/2020\/03\/590335-150x150.jpg 150w, https:\/\/kulturbloggen.com\/wp-content\/uploads\/2020\/03\/590335-300x300.jpg 300w\" sizes=\"auto, (max-width: 650px) 100vw, 650px\" \/><\/figure>\n\n\n\n<p>Ulla Carin &amp; Gilbert Holmstr\u00f6m<\/p>\n\n\n\n<p>Magritte<\/p>\n\n\n\n<p>4<\/p>\n\n\n\n<p>Inspelad september 2019 i Nilento Studio i K\u00e5llered<\/p>\n\n\n\n<p>Mix och master: Lars Nilsson<\/p>\n\n\n\n<p>Producent: Gilbert Holmstr\u00f6m<\/p>\n\n\n\n<p>Nilento Records<\/p>\n\n\n\n<p>47:05<\/p>\n\n\n\n<p>Release: 20\/3 2020<\/p>\n\n\n\n<p>Gilbert Holmstr\u00f6m tillh\u00f6r de f\u00e5 musiker i G\u00f6teborg vars g\u00e4rning r\u00f6nt tillb\u00f6rlig respekt p\u00e5 den nationella jazzscenen. 2019 f\u00f6r\u00e4rades han hederspris av f\u00f6reningen Svensk Jazz,. Det skrivs uppskattande om honom i \u00f6versiktsverket Frihetens bl\u00e5 toner ( som saknar m\u00e5nga sj\u00e4lvklara namn) och hans musicerande \u00e4lskas av hippe entrepren\u00f6ren Jonas Kullhammar. Sist n\u00e4mnda relation har resulterat i fruktbara samarbeten. Exempelvis \u00e5terutgivning av <em>Utan misstankar <\/em>(1965), skivinspelning och flera gig tillsammans med Kullhammar och hans generationskamrater. N\u00e4r de lirade i samband med saxofonistens 80-\u00e5rs firande p\u00e5 Nefertiti recenserade jag,  vilket  finns med som referens p\u00e5 Wikipedia. \u00c4r os\u00e4ker p\u00e5 om jag live h\u00f6rt hans omtalade grupp  Mount Everest. Vet d\u00e4remot att jag haft f\u00f6rm\u00e5nen att h\u00f6ra mannen &#8211; som s\u00e4kert p\u00e5verkats lika mycket av Dexter Gordon som  Archie Shepp &#8211; minst ett tiotal g\u00e5nger under 2000-talet.<\/p>\n\n\n\n<p>Nya skivan \u00e4r ett ovanligt projekt, vars  l\u00e5tar f\u00e5tt musik och text av denna nestor. Enda undantaget \u00e4r <em>Viole d\u00b4amour <\/em>(Bo Bergman). Har h\u00f6rt hans maka Ulla Carin ytterst sparsamt. Under tolv \u00e5r ingick hon i gospelk\u00f6ren Choralerna som turnerade s\u00e5v\u00e4l i Europa som USA, ibland i samarbete med Andrae Crouch. Ett kr\u00f6n i karri\u00e4ren intr\u00e4ffade n\u00e4r Ulla Carin sj\u00f6ng duett med Cliff Richard. Hon gjorde standards p\u00e5 album med Gilbert Holmstr\u00f6m Quartet p\u00e5 90-talet. P\u00e5 <i>Magritte <\/i>medverkar dessutom en av mina livefavoriter Anders Kjellberg ( inkluderades i miniportr\u00e4ttserien Groovearbetare i LO-tidningen) p\u00e5 trummor, Tom Frode Tveita p\u00e5 kontrabas samt pianisten Thomas Hellsten. De tv\u00e5 sist n\u00e4mnda spelar ofta tillsammans, till exempel i kyrkor.<\/p>\n\n\n\n<figure class=\"wp-block-image\"><img loading=\"lazy\" decoding=\"async\" width=\"650\" height=\"467\" src=\"https:\/\/kulturbloggen.com\/wp-content\/uploads\/2020\/03\/91398351_263538974653138_4539754889701490688_n.jpg\" alt=\"\" class=\"wp-image-133553\" srcset=\"https:\/\/kulturbloggen.com\/wp-content\/uploads\/2020\/03\/91398351_263538974653138_4539754889701490688_n.jpg 650w, https:\/\/kulturbloggen.com\/wp-content\/uploads\/2020\/03\/91398351_263538974653138_4539754889701490688_n-300x216.jpg 300w\" sizes=\"auto, (max-width: 650px) 100vw, 650px\" \/><\/figure>\n\n\n\n<p>H\u00f6r avancerad jazzs\u00e5ng p\u00e5 svenska med viskarakt\u00f6r, vars atmosf\u00e4r stundom p\u00e5minner om  psalmer. Ser texterna som betraktelser och bilder utan tidsmark\u00f6rer, som om de vore tonsatta dikter. De kan handla om tidens g\u00e5ng, naturens magi och v\u00e4derobservationer. Finns inga f\u00f6rklaringar eller dedikationer angivna. Carpe diem-temat i <em>Tick, tack <\/em>best\u00e5r av snillrika rim. En visa rotad i Homeros epik \u00e4r en fulltr\u00e4ff (<em>Resan till Hellas)<\/em>. Verserna om stormande h\u00f6ga v\u00e5gor har sin motsvarighet i s\u00e5ngen och instrumenteringen, tonh\u00f6jd som \u00e5terkommande stiger och sjunker. Det speciella s\u00e4ttet att betona och sjunga likt skalor som f\u00f6rekommer, g\u00f6r att vissa ord  riskerar att inte uppfattas. Kanske en h\u00f6rsel\u00f6vning man kan tr\u00e4na upp, n\u00e5got jag mest t\u00e4nker p\u00e5 inledningsvis.. Ska n\u00e4mnas att texth\u00e4fte med fina foton medf\u00f6ljer. Ulla Carin kan i stil pendla mellan s\u00e5dana som Norma Winstone (m\u00f6jligen en f\u00f6rebild) , Annika Skoglund och en ikon som Barbro H\u00f6rberg. Deb l\u00e5nga sluttonen i <em>Sn\u00f6flingor<\/em> av forna k\u00f6rvokalisten imponerar.<\/p>\n\n\n\n<figure class=\"wp-block-image\"><img loading=\"lazy\" decoding=\"async\" width=\"650\" height=\"448\" src=\"https:\/\/kulturbloggen.com\/wp-content\/uploads\/2020\/03\/91381259_319848008991293_3795122369345880064_n.jpg\" alt=\"\" class=\"wp-image-133554\" srcset=\"https:\/\/kulturbloggen.com\/wp-content\/uploads\/2020\/03\/91381259_319848008991293_3795122369345880064_n.jpg 650w, https:\/\/kulturbloggen.com\/wp-content\/uploads\/2020\/03\/91381259_319848008991293_3795122369345880064_n-300x207.jpg 300w\" sizes=\"auto, (max-width: 650px) 100vw, 650px\" \/><\/figure>\n\n\n\n<p>\u00d6ppningen \u00e4r ih\u00e4rdigt sprudlande featuring elegant spel med vispar.  Ovan n\u00e4mnda <em>Tick, tack <\/em>f\u00e5ngar mig  genom sin studsande, sprittande harmonik. Roliga rytmer! Noterar l\u00e4ckra solon p\u00e5 tenor och n\u00e5gon g\u00e5ng alt h\u00e4r och var p\u00e5 skivan, som \u00e4r klokt avpassade betr\u00e4ffande l\u00e4ngd och intensitet. I det helt instrumentala finalnumret till\u00e5ter sig musikerna, anf\u00f6rda av den glimrande komposit\u00f6ren, att str\u00e4cka ut och  utmana varandra utan att \u00f6verg\u00e5 till fri form.. Sorgsna balladen <em>Han ville er v\u00e4l <\/em>har en anstrykning av hymn \u00f6ver sig. Musikerna  matchar den upph\u00f6jda auran genom att spela ljuvligt.<\/p>\n\n\n\n<p> Pianisten Hellsten exponeras extra, visar sig vara en exceptionell tillg\u00e5ng, vars  anslag emellan\u00e5t sprider exklusiv doft av Jan Johansson.  Blir ocks\u00e5 f\u00f6rtjust i basisten som ger stadga och lyster \u00e5t b\u00e4rkraftiga l\u00e5tar. Anders Kjellberg tillf\u00f6r avg\u00f6rande precisionsarbete. Nyansernas m\u00e4stare har utgjort inre cirkeln av svenskt jazzliv i \u00e5tskilliga decennier.<\/p>\n\n\n\n<figure class=\"wp-block-image\"><img loading=\"lazy\" decoding=\"async\" width=\"650\" height=\"448\" src=\"https:\/\/kulturbloggen.com\/wp-content\/uploads\/2020\/03\/91430362_510464413195909_5949029080807505920_n.jpg\" alt=\"\" class=\"wp-image-133555\" srcset=\"https:\/\/kulturbloggen.com\/wp-content\/uploads\/2020\/03\/91430362_510464413195909_5949029080807505920_n.jpg 650w, https:\/\/kulturbloggen.com\/wp-content\/uploads\/2020\/03\/91430362_510464413195909_5949029080807505920_n-300x207.jpg 300w\" sizes=\"auto, (max-width: 650px) 100vw, 650px\" \/><\/figure>\n\n\n\n<p>Ibland tumlar synkoperna omkring inuti sina ramar, lika ofta m\u00e4rks snyggt invirad dynamik i form av elastiska s\u00e5nger framf\u00f6rda med pietetsfullt allvar. L\u00e5ter delvis annorlunda \u00e4n f\u00f6rv\u00e4ntat, n\u00e4r en utforskande jazzdignit\u00e4r koncentrerar sig p\u00e5 att m\u00e5la toner i attraktiva   f\u00e4rger.  Gilbert Holmstr\u00f6m har i n\u00e4ra samarbete med Ulla Carin plus h\u00f6gklassiga jazzlirare, satt samman en bukett av skimrande l\u00e5tar i en tradition som \u00e4r lika mycket melodisk kammarjazz som bebopsv\u00e4ng. De reflekterande och uttrycksfulla texterna p\u00e5 <em>Magritte<\/em> inte att f\u00f6rgl\u00f6mma. Albumets akustik \u00e4r superb, k\u00e4nnetecknas av mjuk, fyllig resonans. Musiken v\u00e4xer med varje lyssning.<\/p>\n\n\n\n<figure class=\"wp-block-image\"><img loading=\"lazy\" decoding=\"async\" width=\"650\" height=\"452\" src=\"https:\/\/kulturbloggen.com\/wp-content\/uploads\/2020\/03\/91432494_534708310568429_4635272110506246144_n.jpg\" alt=\"\" class=\"wp-image-133556\" srcset=\"https:\/\/kulturbloggen.com\/wp-content\/uploads\/2020\/03\/91432494_534708310568429_4635272110506246144_n.jpg 650w, https:\/\/kulturbloggen.com\/wp-content\/uploads\/2020\/03\/91432494_534708310568429_4635272110506246144_n-300x209.jpg 300w\" sizes=\"auto, (max-width: 650px) 100vw, 650px\" \/><figcaption>foton p\u00e5 omslag och musiker:  Hans Wretling och Claes Reit<\/figcaption><\/figure>\n\n\n\n<p><\/p>\n\n\n\n<p><\/p>\n\n\n\n<p><\/p>\n\n\n\n<p><\/p>\n\n\n\n<p><\/p>\n\n\n\n<p> <\/p>\n\n\n\n<p><\/p>\n\n\n\n<p><\/p>\n","protected":false},"excerpt":{"rendered":"<p>Ulla Carin &amp; Gilbert Holmstr\u00f6m Magritte 4 Inspelad september 2019 i Nilento Studio i K\u00e5llered Mix och master: Lars Nilsson Producent: Gilbert Holmstr\u00f6m Nilento Records 47:05 Release: 20\/3 2020 Gilbert Holmstr\u00f6m tillh\u00f6r de f\u00e5 musiker i G\u00f6teborg vars g\u00e4rning r\u00f6nt tillb\u00f6rlig respekt p\u00e5 den nationella jazzscenen. 2019 f\u00f6r\u00e4rades han hederspris av f\u00f6reningen Svensk Jazz,. Det [&hellip;]<\/p>\n","protected":false},"author":34,"featured_media":0,"comment_status":"closed","ping_status":"closed","sticky":false,"template":"","format":"standard","meta":{"_genesis_hide_title":false,"_genesis_hide_breadcrumbs":false,"_genesis_hide_singular_image":false,"_genesis_hide_footer_widgets":false,"_genesis_custom_body_class":"","_genesis_custom_post_class":"","_genesis_layout":"","footnotes":""},"categories":[7,22],"tags":[],"class_list":{"0":"post-133518","1":"post","2":"type-post","3":"status-publish","4":"format-standard","6":"category-musik","7":"category-skivor","8":"entry"},"_links":{"self":[{"href":"https:\/\/kulturbloggen.com\/index.php?rest_route=\/wp\/v2\/posts\/133518","targetHints":{"allow":["GET"]}}],"collection":[{"href":"https:\/\/kulturbloggen.com\/index.php?rest_route=\/wp\/v2\/posts"}],"about":[{"href":"https:\/\/kulturbloggen.com\/index.php?rest_route=\/wp\/v2\/types\/post"}],"author":[{"embeddable":true,"href":"https:\/\/kulturbloggen.com\/index.php?rest_route=\/wp\/v2\/users\/34"}],"replies":[{"embeddable":true,"href":"https:\/\/kulturbloggen.com\/index.php?rest_route=%2Fwp%2Fv2%2Fcomments&post=133518"}],"version-history":[{"count":25,"href":"https:\/\/kulturbloggen.com\/index.php?rest_route=\/wp\/v2\/posts\/133518\/revisions"}],"predecessor-version":[{"id":133562,"href":"https:\/\/kulturbloggen.com\/index.php?rest_route=\/wp\/v2\/posts\/133518\/revisions\/133562"}],"wp:attachment":[{"href":"https:\/\/kulturbloggen.com\/index.php?rest_route=%2Fwp%2Fv2%2Fmedia&parent=133518"}],"wp:term":[{"taxonomy":"category","embeddable":true,"href":"https:\/\/kulturbloggen.com\/index.php?rest_route=%2Fwp%2Fv2%2Fcategories&post=133518"},{"taxonomy":"post_tag","embeddable":true,"href":"https:\/\/kulturbloggen.com\/index.php?rest_route=%2Fwp%2Fv2%2Ftags&post=133518"}],"curies":[{"name":"wp","href":"https:\/\/api.w.org\/{rel}","templated":true}]}}