{"id":13342,"date":"2009-09-30T08:20:10","date_gmt":"2009-09-30T06:20:10","guid":{"rendered":"http:\/\/kulturbloggen.com\/?p=13342"},"modified":"2009-09-30T08:20:10","modified_gmt":"2009-09-30T06:20:10","slug":"obama-nominerad-till-nobels-fredspris","status":"publish","type":"post","link":"https:\/\/kulturbloggen.com\/?p=13342","title":{"rendered":"Obama nominerad till Nobels fredspris och Will Smith blir programledare"},"content":{"rendered":"<p><img loading=\"lazy\" decoding=\"async\" class=\"aligncenter size-medium wp-image-13343\" title=\"sevenpounds-willsmith-poster-full_27859831\" src=\"http:\/\/sodergren.com\/kulturbloggen\/wp-content\/uploads\/2009\/09\/sevenpounds-willsmith-poster-full_27859831-201x300.jpg\" alt=\"sevenpounds-willsmith-poster-full_27859831\" width=\"201\" height=\"300\" \/><br \/>\nWill Smith och hans fru Jada Pinkett Smith ska leda Nobelkonserten i Oslo i samband med att Nobels fredspris delas ut, <a href=\" http:\/\/www.vg.no\/rampelys\/artikkel.php?artid=574112\" target=\"_blank\">ber\u00e4ttar den norska tidningen Verdens Gang<\/a>.<\/p>\n<p>Artister som ska upptr\u00e4da \u00e4r bland annat:<\/p>\n<p>Wyclef Jean, Toby Keith, Donna Summer, den puertoricanske s\u00e5ngaren Luis Fosni och  den maliske duon Amadou &amp; Mariam.<\/p>\n<p>Konserten h\u00e5lls den 11 december, dagen efter prisutdelningen.<\/p>\n<p>En av de som nominerats till fredspriset \u00e4r den amerikanske presidenten Barack Obama, <a href=\"http:\/\/www.vg.no\/nyheter\/innenriks\/artikkel.php?artid=558936\" target=\"_blank\">ber\u00e4ttar Verdens Gang<\/a>. Det \u00e4r egentligen hemligt vilka som nominerats, men det \u00e4r inte f\u00f6rbjudet f\u00f6r den som nominerat n\u00e5gon att ber\u00e4tta det. P\u00e5 s\u00e5 s\u00e4tt har de norska medierna kunna ta reda p\u00e5 vilka som nominerats.<\/p>\n<p>Vem som f\u00e5r priset kommer att meddelas fredag 9 oktober. Den uppgiften hittar jag p\u00e5 <a href=\"http:\/\/nobelpeaceprize.org\/\" target=\"_blank\">hemsidan f\u00f6r Nobels Fredspris<\/a>.<\/p>\n<p>Nu har jag sv\u00e5rt att tro att Obama skulle f\u00e5 priset. Han har inte hunnit g\u00f6ra s\u00e5 mycket \u00e4nnu. Eller, tja kanske. Han har gett amerikanarna och v\u00e4rlden hopp om att det g\u00e5r att f\u00f6r\u00e4ndra det d\u00e5liga.<\/p>\n<p>Det ser ju ut som en tanke att en av hans supporters Will Smith blir programledare. Fast \u00e5 andra sidan \u00e4r det ju ofta amerikanska sk\u00e5despelare som har den rollen.<\/p>\n<p>Uppdatering: Obama nominerad till Nobels fredspris och Will Smith blir programledare, <a href=\"http:\/\/kulturbloggen.com\/?p=13610\" target=\"_self\">det visade sig att min misstanke som jag knappt kunde tro p\u00e5 sj\u00e4lv var helt sann<\/a>.<\/p>\n<p>Relaterat: <a href=\"http:\/\/www.dn.se\/kultur-noje\/nyheter\/makarna-smith-leder-nobelkonserten-1.963840\">Dagens Nyheter<\/a><\/p>\n<p>L\u00e4s \u00e4ven andra bloggares \u00e5sikter om <a rel=\"tag\" href=\"http:\/\/bloggar.se\/om\/fredspris\">fredspris<\/a>, <a rel=\"tag\" href=\"http:\/\/bloggar.se\/om\/globalt\">globalt<\/a>, <a rel=\"tag\" href=\"http:\/\/bloggar.se\/om\/Obama\">Obama<\/a>, <a rel=\"tag\" href=\"http:\/\/bloggar.se\/om\/Will+Smith\">Will Smith<\/a>, <a rel=\"tag\" href=\"http:\/\/bloggar.se\/om\/Nobelpris\">Nobelpris<\/a>, <a rel=\"tag\" href=\"http:\/\/bloggar.se\/om\/Nobelkonsert\">Nobelkonsert<\/a><\/p>\n","protected":false},"excerpt":{"rendered":"<p>Will Smith och hans fru Jada Pinkett Smith ska leda Nobelkonserten i Oslo i samband med att Nobels fredspris delas ut, ber\u00e4ttar den norska tidningen Verdens Gang. Artister som ska upptr\u00e4da \u00e4r bland annat: Wyclef Jean, Toby Keith, Donna Summer, den puertoricanske s\u00e5ngaren Luis Fosni och den maliske duon Amadou &amp; Mariam. Konserten h\u00e5lls den [&hellip;]<\/p>\n","protected":false},"author":2,"featured_media":0,"comment_status":"open","ping_status":"open","sticky":false,"template":"","format":"standard","meta":{"_genesis_hide_title":false,"_genesis_hide_breadcrumbs":false,"_genesis_hide_singular_image":false,"_genesis_hide_footer_widgets":false,"_genesis_custom_body_class":"","_genesis_custom_post_class":"","_genesis_layout":"","footnotes":""},"categories":[20],"tags":[1866,2021,4100],"class_list":{"0":"post-13342","1":"post","2":"type-post","3":"status-publish","4":"format-standard","6":"category-film","7":"tag-fredspris","8":"tag-globalt","9":"tag-obama","10":"entry"},"_links":{"self":[{"href":"https:\/\/kulturbloggen.com\/index.php?rest_route=\/wp\/v2\/posts\/13342","targetHints":{"allow":["GET"]}}],"collection":[{"href":"https:\/\/kulturbloggen.com\/index.php?rest_route=\/wp\/v2\/posts"}],"about":[{"href":"https:\/\/kulturbloggen.com\/index.php?rest_route=\/wp\/v2\/types\/post"}],"author":[{"embeddable":true,"href":"https:\/\/kulturbloggen.com\/index.php?rest_route=\/wp\/v2\/users\/2"}],"replies":[{"embeddable":true,"href":"https:\/\/kulturbloggen.com\/index.php?rest_route=%2Fwp%2Fv2%2Fcomments&post=13342"}],"version-history":[{"count":0,"href":"https:\/\/kulturbloggen.com\/index.php?rest_route=\/wp\/v2\/posts\/13342\/revisions"}],"wp:attachment":[{"href":"https:\/\/kulturbloggen.com\/index.php?rest_route=%2Fwp%2Fv2%2Fmedia&parent=13342"}],"wp:term":[{"taxonomy":"category","embeddable":true,"href":"https:\/\/kulturbloggen.com\/index.php?rest_route=%2Fwp%2Fv2%2Fcategories&post=13342"},{"taxonomy":"post_tag","embeddable":true,"href":"https:\/\/kulturbloggen.com\/index.php?rest_route=%2Fwp%2Fv2%2Ftags&post=13342"}],"curies":[{"name":"wp","href":"https:\/\/api.w.org\/{rel}","templated":true}]}}