{"id":133399,"date":"2020-03-22T16:32:41","date_gmt":"2020-03-22T14:32:41","guid":{"rendered":"https:\/\/kulturbloggen.com\/?p=133399"},"modified":"2020-03-22T16:32:43","modified_gmt":"2020-03-22T14:32:43","slug":"lyssna-pelle-ekerstam-kom-vi-gar","status":"publish","type":"post","link":"https:\/\/kulturbloggen.com\/?p=133399","title":{"rendered":"Lyssna: Pelle Ekerstam &#8211; Kom Vi G\u00e5r"},"content":{"rendered":"<p><img loading=\"lazy\" decoding=\"async\" class=\"aligncenter size-full wp-image-133447\" src=\"https:\/\/kulturbloggen.com\/wp-content\/uploads\/2020\/03\/unnamed-2-2.jpg\" alt=\"\" width=\"650\" height=\"650\" srcset=\"https:\/\/kulturbloggen.com\/wp-content\/uploads\/2020\/03\/unnamed-2-2.jpg 650w, https:\/\/kulturbloggen.com\/wp-content\/uploads\/2020\/03\/unnamed-2-2-150x150.jpg 150w, https:\/\/kulturbloggen.com\/wp-content\/uploads\/2020\/03\/unnamed-2-2-300x300.jpg 300w\" sizes=\"auto, (max-width: 650px) 100vw, 650px\" \/><\/p>\n<p>&#8221;Kom Vi G\u00e5r&#8221; \u00e4r andra singeln fr\u00e5n Pelle Ekerstams kommande debut EP p\u00e5 svenska. F\u00f6rsta singeln &#8221;Det som h\u00e4nde mig var du&#8221;, en duett med den svenska artisten Lisa Miskovsky, sl\u00e4pptes den 31 januari i \u00e5r och blev samma dag utsedd till vinnare i &#8221;L\u00e5ttestet&#8221; i radio P4 Musikplats Stockholm.<\/p>\n<p>Ett pressmeddelande ber\u00e4ttar:<\/p>\n<p>&#8221;Kom Vi G\u00e5r&#8221; \u00e4r en hyllningss\u00e5ng till v\u00e5ren och sl\u00e4pptes\u00a0 p\u00e5 v\u00e5rdagj\u00e4mningen 20:e mars, v\u00e5rens f\u00f6rsta dag.<\/p>\n<p><img loading=\"lazy\" decoding=\"async\" class=\"alignright size-medium wp-image-133448\" src=\"https:\/\/kulturbloggen.com\/wp-content\/uploads\/2020\/03\/unnamed-3-1-300x225.jpg\" alt=\"\" width=\"300\" height=\"225\" srcset=\"https:\/\/kulturbloggen.com\/wp-content\/uploads\/2020\/03\/unnamed-3-1-300x225.jpg 300w, https:\/\/kulturbloggen.com\/wp-content\/uploads\/2020\/03\/unnamed-3-1.jpg 650w\" sizes=\"auto, (max-width: 300px) 100vw, 300px\" \/>&#8212; Man kan s\u00e4ga vad man vill om m\u00f6rkret som r\u00e5der h\u00e4r uppe i Norden st\u00f6rre delen av \u00e5ret. De l\u00e5nga slaskiga vintrarna som skulle kunna ta k\u00e5l p\u00e5 vem som helst som vi t\u00e5lmodigt uth\u00e4rdar \u00e5r efter \u00e5r. Men ibland kan jag tycka att det \u00e4r v\u00e4rt det n\u00e4r v\u00e5ren till slut kommer. N\u00e4r k\u00e4nslor, tankar och planer som g\u00e5tt i ide under vintern helt pl\u00f6tsligt blommar upp och spirar igen. N\u00e4r allt b\u00f6rjar om och vi p\u00e5 n\u00e5got vis f\u00f6ds p\u00e5 nytt.<\/p>\n<p>Efter att ha sl\u00e4ppt fyra engelskspr\u00e5kiga album under namnet A Beautiful Friend kliver mannen bakom dem \u2013 Pelle Ekerstam \u2013 ut ur skuggorna. Det sker i v\u00e5r med hj\u00e4lp av fem nyskrivna l\u00e5tar p\u00e5 svenska.<\/p>\n<p>Sedan sin flytt fr\u00e5n V\u00e4rnamo till Stockholm f\u00f6r tv\u00e5 decennier sedan, har Pelle varit en subtilt tongivande del av Stockholms musikliv. Dels genom alt-countrybandet Yukon AK ihop med Jennie Abrahamson, dels som frilansgitarrist med artister som Eva Dahlgren, Peter J\u00f6back, Tomas Andersson- Wij och Lisa Miskovsky. Men framf\u00f6r allt med sin egen musik. Nu tar han steget fullt ut och g\u00f6r musik i eget namn, p\u00e5 svenska.<\/p>\n<p><iframe loading=\"lazy\" src=\"https:\/\/open.spotify.com\/embed\/album\/2ua93dsmswpvxfd9eiK4uO\" width=\"300\" height=\"380\" frameborder=\"0\"><\/iframe><\/p>\n","protected":false},"excerpt":{"rendered":"<p>&#8221;Kom Vi G\u00e5r&#8221; \u00e4r andra singeln fr\u00e5n Pelle Ekerstams kommande debut EP p\u00e5 svenska. F\u00f6rsta singeln &#8221;Det som h\u00e4nde mig var du&#8221;, en duett med den svenska artisten Lisa Miskovsky, sl\u00e4pptes den 31 januari i \u00e5r och blev samma dag utsedd till vinnare i &#8221;L\u00e5ttestet&#8221; i radio P4 Musikplats Stockholm. Ett pressmeddelande ber\u00e4ttar: &#8221;Kom Vi [&hellip;]<\/p>\n","protected":false},"author":13,"featured_media":0,"comment_status":"closed","ping_status":"closed","sticky":false,"template":"","format":"standard","meta":{"_genesis_hide_title":false,"_genesis_hide_breadcrumbs":false,"_genesis_hide_singular_image":false,"_genesis_hide_footer_widgets":false,"_genesis_custom_body_class":"","_genesis_custom_post_class":"","_genesis_layout":"","footnotes":""},"categories":[7,13624],"tags":[],"class_list":{"0":"post-133399","1":"post","2":"type-post","3":"status-publish","4":"format-standard","6":"category-musik","7":"category-toppnytt","8":"entry"},"_links":{"self":[{"href":"https:\/\/kulturbloggen.com\/index.php?rest_route=\/wp\/v2\/posts\/133399","targetHints":{"allow":["GET"]}}],"collection":[{"href":"https:\/\/kulturbloggen.com\/index.php?rest_route=\/wp\/v2\/posts"}],"about":[{"href":"https:\/\/kulturbloggen.com\/index.php?rest_route=\/wp\/v2\/types\/post"}],"author":[{"embeddable":true,"href":"https:\/\/kulturbloggen.com\/index.php?rest_route=\/wp\/v2\/users\/13"}],"replies":[{"embeddable":true,"href":"https:\/\/kulturbloggen.com\/index.php?rest_route=%2Fwp%2Fv2%2Fcomments&post=133399"}],"version-history":[{"count":5,"href":"https:\/\/kulturbloggen.com\/index.php?rest_route=\/wp\/v2\/posts\/133399\/revisions"}],"predecessor-version":[{"id":133449,"href":"https:\/\/kulturbloggen.com\/index.php?rest_route=\/wp\/v2\/posts\/133399\/revisions\/133449"}],"wp:attachment":[{"href":"https:\/\/kulturbloggen.com\/index.php?rest_route=%2Fwp%2Fv2%2Fmedia&parent=133399"}],"wp:term":[{"taxonomy":"category","embeddable":true,"href":"https:\/\/kulturbloggen.com\/index.php?rest_route=%2Fwp%2Fv2%2Fcategories&post=133399"},{"taxonomy":"post_tag","embeddable":true,"href":"https:\/\/kulturbloggen.com\/index.php?rest_route=%2Fwp%2Fv2%2Ftags&post=133399"}],"curies":[{"name":"wp","href":"https:\/\/api.w.org\/{rel}","templated":true}]}}