{"id":133061,"date":"2020-03-06T12:11:40","date_gmt":"2020-03-06T10:11:40","guid":{"rendered":"https:\/\/kulturbloggen.com\/?p=133061"},"modified":"2020-03-06T12:11:41","modified_gmt":"2020-03-06T10:11:41","slug":"lyssna-mimikry-med-caroline-af-ugglas-jag-ar-en-san-som-forstor","status":"publish","type":"post","link":"https:\/\/kulturbloggen.com\/?p=133061","title":{"rendered":"Lyssna: Mimikry med Caroline af Ugglas &#8211; Jag \u00c4r En S\u00e5n Som F\u00f6rst\u00f6r"},"content":{"rendered":"<p><img loading=\"lazy\" decoding=\"async\" class=\"aligncenter size-full wp-image-133066\" src=\"https:\/\/kulturbloggen.com\/wp-content\/uploads\/2020\/03\/unnamed-2.jpg\" alt=\"\" width=\"476\" height=\"337\" srcset=\"https:\/\/kulturbloggen.com\/wp-content\/uploads\/2020\/03\/unnamed-2.jpg 476w, https:\/\/kulturbloggen.com\/wp-content\/uploads\/2020\/03\/unnamed-2-300x212.jpg 300w\" sizes=\"auto, (max-width: 476px) 100vw, 476px\" \/><\/p>\n<p>I januari startade Mimikry sin resa med att sl\u00e4ppa en singel i m\u00e5naden digitalt, under hela 2020. Och 6 mars sl\u00e4pptes singeln: Jag \u00c4r En S\u00e5n Som F\u00f6rst\u00f6r<\/p>\n<p>Bandet har f\u00e5tt celebert bes\u00f6k i studion av Caroline af Ugglas som kommenterar inspelningen &#8221;Punk, inte en dag f\u00f6r tidigt&#8221;<\/p>\n<p>Bandet sj\u00e4lva s\u00e4ger: &#8221;Ugglas har en j\u00e4vla cool r\u00f6st&#8221;<\/p>\n<p><iframe loading=\"lazy\" src=\"https:\/\/open.spotify.com\/embed\/track\/6v6mzQrJsj1xosW6swqswd\" width=\"300\" height=\"380\" frameborder=\"0\"><\/iframe><\/p>\n","protected":false},"excerpt":{"rendered":"<p>I januari startade Mimikry sin resa med att sl\u00e4ppa en singel i m\u00e5naden digitalt, under hela 2020. Och 6 mars sl\u00e4pptes singeln: Jag \u00c4r En S\u00e5n Som F\u00f6rst\u00f6r Bandet har f\u00e5tt celebert bes\u00f6k i studion av Caroline af Ugglas som kommenterar inspelningen &#8221;Punk, inte en dag f\u00f6r tidigt&#8221; Bandet sj\u00e4lva s\u00e4ger: &#8221;Ugglas har en j\u00e4vla [&hellip;]<\/p>\n","protected":false},"author":13,"featured_media":0,"comment_status":"closed","ping_status":"closed","sticky":false,"template":"","format":"standard","meta":{"_genesis_hide_title":false,"_genesis_hide_breadcrumbs":false,"_genesis_hide_singular_image":false,"_genesis_hide_footer_widgets":false,"_genesis_custom_body_class":"","_genesis_custom_post_class":"","_genesis_layout":"","footnotes":""},"categories":[7,13624],"tags":[],"class_list":{"0":"post-133061","1":"post","2":"type-post","3":"status-publish","4":"format-standard","6":"category-musik","7":"category-toppnytt","8":"entry"},"_links":{"self":[{"href":"https:\/\/kulturbloggen.com\/index.php?rest_route=\/wp\/v2\/posts\/133061","targetHints":{"allow":["GET"]}}],"collection":[{"href":"https:\/\/kulturbloggen.com\/index.php?rest_route=\/wp\/v2\/posts"}],"about":[{"href":"https:\/\/kulturbloggen.com\/index.php?rest_route=\/wp\/v2\/types\/post"}],"author":[{"embeddable":true,"href":"https:\/\/kulturbloggen.com\/index.php?rest_route=\/wp\/v2\/users\/13"}],"replies":[{"embeddable":true,"href":"https:\/\/kulturbloggen.com\/index.php?rest_route=%2Fwp%2Fv2%2Fcomments&post=133061"}],"version-history":[{"count":5,"href":"https:\/\/kulturbloggen.com\/index.php?rest_route=\/wp\/v2\/posts\/133061\/revisions"}],"predecessor-version":[{"id":133067,"href":"https:\/\/kulturbloggen.com\/index.php?rest_route=\/wp\/v2\/posts\/133061\/revisions\/133067"}],"wp:attachment":[{"href":"https:\/\/kulturbloggen.com\/index.php?rest_route=%2Fwp%2Fv2%2Fmedia&parent=133061"}],"wp:term":[{"taxonomy":"category","embeddable":true,"href":"https:\/\/kulturbloggen.com\/index.php?rest_route=%2Fwp%2Fv2%2Fcategories&post=133061"},{"taxonomy":"post_tag","embeddable":true,"href":"https:\/\/kulturbloggen.com\/index.php?rest_route=%2Fwp%2Fv2%2Ftags&post=133061"}],"curies":[{"name":"wp","href":"https:\/\/api.w.org\/{rel}","templated":true}]}}