{"id":132787,"date":"2020-02-26T01:08:44","date_gmt":"2020-02-25T23:08:44","guid":{"rendered":"https:\/\/kulturbloggen.com\/?p=132787"},"modified":"2020-02-27T12:05:13","modified_gmt":"2020-02-27T10:05:13","slug":"titta-videopremiar-for-lisa-montan-hostanemon","status":"publish","type":"post","link":"https:\/\/kulturbloggen.com\/?p=132787","title":{"rendered":"Titta: Videopremi\u00e4r f\u00f6r Lisa Montan \u2013 H\u00f6stanemon"},"content":{"rendered":"<p><img loading=\"lazy\" decoding=\"async\" class=\"aligncenter size-full wp-image-132812\" src=\"https:\/\/kulturbloggen.com\/wp-content\/uploads\/2020\/02\/OONA-Lisa-Montan-Fossiler-004.jpg\" alt=\"\" width=\"650\" height=\"650\" srcset=\"https:\/\/kulturbloggen.com\/wp-content\/uploads\/2020\/02\/OONA-Lisa-Montan-Fossiler-004.jpg 650w, https:\/\/kulturbloggen.com\/wp-content\/uploads\/2020\/02\/OONA-Lisa-Montan-Fossiler-004-150x150.jpg 150w, https:\/\/kulturbloggen.com\/wp-content\/uploads\/2020\/02\/OONA-Lisa-Montan-Fossiler-004-300x300.jpg 300w\" sizes=\"auto, (max-width: 650px) 100vw, 650px\" \/><\/p>\n<p>Lisa Montan \u00e4r den enda kvinna som vunnit en Guldbagge i kategorin filmmusik d\u00e5 hon 2015 vann priset f\u00f6r musiken till filmen Flocken.<br \/>\nP\u00e5 fredag den 28 februari sl\u00e4pps hennes instrumentala debutalbum Fossiler. H\u00e4r kommer en sneak peek -video som inneh\u00e5ller ett stycke fr\u00e5n Skivan (Fossiler) och \u00e4r h\u00e4mtad fr\u00e5n en kommande film som heter Fantasi som Lisa Skapat tillsammans med Erik Fh\u00f6lenhag.<\/p>\n<p>Njut av denna Stockholms-baserade komposit\u00f6r vars musik f\u00f6rmedlar s\u00e5 mycket k\u00e4nslor, ber\u00e4ttelser, bilder och mystik.<\/p>\n<p><iframe loading=\"lazy\" width=\"560\" height=\"315\" src=\"https:\/\/www.youtube.com\/embed\/fZOOua0RGuE\" frameborder=\"0\" allow=\"accelerometer; autoplay; encrypted-media; gyroscope; picture-in-picture\" allowfullscreen=\"\"><\/iframe><\/p>\n","protected":false},"excerpt":{"rendered":"<p>Lisa Montan \u00e4r den enda kvinna som vunnit en Guldbagge i kategorin filmmusik d\u00e5 hon 2015 vann priset f\u00f6r musiken till filmen Flocken. P\u00e5 fredag den 28 februari sl\u00e4pps hennes instrumentala debutalbum Fossiler. H\u00e4r kommer en sneak peek -video som inneh\u00e5ller ett stycke fr\u00e5n Skivan (Fossiler) och \u00e4r h\u00e4mtad fr\u00e5n en kommande film som heter [&hellip;]<\/p>\n","protected":false},"author":13,"featured_media":0,"comment_status":"closed","ping_status":"closed","sticky":false,"template":"","format":"standard","meta":{"_genesis_hide_title":false,"_genesis_hide_breadcrumbs":false,"_genesis_hide_singular_image":false,"_genesis_hide_footer_widgets":false,"_genesis_custom_body_class":"","_genesis_custom_post_class":"","_genesis_layout":"","footnotes":""},"categories":[7,13624],"tags":[],"class_list":{"0":"post-132787","1":"post","2":"type-post","3":"status-publish","4":"format-standard","6":"category-musik","7":"category-toppnytt","8":"entry"},"_links":{"self":[{"href":"https:\/\/kulturbloggen.com\/index.php?rest_route=\/wp\/v2\/posts\/132787","targetHints":{"allow":["GET"]}}],"collection":[{"href":"https:\/\/kulturbloggen.com\/index.php?rest_route=\/wp\/v2\/posts"}],"about":[{"href":"https:\/\/kulturbloggen.com\/index.php?rest_route=\/wp\/v2\/types\/post"}],"author":[{"embeddable":true,"href":"https:\/\/kulturbloggen.com\/index.php?rest_route=\/wp\/v2\/users\/13"}],"replies":[{"embeddable":true,"href":"https:\/\/kulturbloggen.com\/index.php?rest_route=%2Fwp%2Fv2%2Fcomments&post=132787"}],"version-history":[{"count":12,"href":"https:\/\/kulturbloggen.com\/index.php?rest_route=\/wp\/v2\/posts\/132787\/revisions"}],"predecessor-version":[{"id":132875,"href":"https:\/\/kulturbloggen.com\/index.php?rest_route=\/wp\/v2\/posts\/132787\/revisions\/132875"}],"wp:attachment":[{"href":"https:\/\/kulturbloggen.com\/index.php?rest_route=%2Fwp%2Fv2%2Fmedia&parent=132787"}],"wp:term":[{"taxonomy":"category","embeddable":true,"href":"https:\/\/kulturbloggen.com\/index.php?rest_route=%2Fwp%2Fv2%2Fcategories&post=132787"},{"taxonomy":"post_tag","embeddable":true,"href":"https:\/\/kulturbloggen.com\/index.php?rest_route=%2Fwp%2Fv2%2Ftags&post=132787"}],"curies":[{"name":"wp","href":"https:\/\/api.w.org\/{rel}","templated":true}]}}