{"id":132723,"date":"2020-02-23T00:46:54","date_gmt":"2020-02-22T22:46:54","guid":{"rendered":"https:\/\/kulturbloggen.com\/?p=132723"},"modified":"2020-02-23T11:39:23","modified_gmt":"2020-02-23T09:39:23","slug":"fantasifull-fulltraff-om-okuvliga-pionjarer-de-vagade-pa-teater-jaguar","status":"publish","type":"post","link":"https:\/\/kulturbloggen.com\/?p=132723","title":{"rendered":"Fantasifull fulltr\u00e4ff om okuvliga pionj\u00e4rer &#8211; De V\u00e5gade p\u00e5 Teater Jaguar"},"content":{"rendered":"\n<figure class=\"wp-block-image\"><img loading=\"lazy\" decoding=\"async\" width=\"650\" height=\"433\" src=\"https:\/\/kulturbloggen.com\/wp-content\/uploads\/2020\/02\/86703626_2721320404601643_3377800738158673920_o.jpg\" alt=\"\" class=\"wp-image-132724\" srcset=\"https:\/\/kulturbloggen.com\/wp-content\/uploads\/2020\/02\/86703626_2721320404601643_3377800738158673920_o.jpg 650w, https:\/\/kulturbloggen.com\/wp-content\/uploads\/2020\/02\/86703626_2721320404601643_3377800738158673920_o-300x200.jpg 300w\" sizes=\"auto, (max-width: 650px) 100vw, 650px\" \/><figcaption>foto Lina Ikse<\/figcaption><\/figure>\n\n\n\n<p>Manus: Louise Juliusson &amp; Emil Klingvall<\/p>\n\n\n\n<p>Regi: Sara Klingvall<\/p>\n\n\n\n<p>Scenografi &amp; kostym: Heidi Saikkonen<\/p>\n\n\n\n<p>Teknik &amp; ljus: Torben Signelius Kulin<\/p>\n\n\n\n<p>Spelas p\u00e5 Teater Jaguar , Storgatan 3 i G\u00f6teborg till och med 3\/4 2020<\/p>\n\n\n\n<p>Premi\u00e4r: 22\/2<\/p>\n\n\n\n<p>En collagef\u00f6rest\u00e4llning vars fr\u00e4msta m\u00e5lgrupp utg\u00f6rs av elever i mellanstadiet. Det \u00e4r en rapsodisk hyllning till exceptionella m\u00e4nniskor, vars epokg\u00f6rande insatser gjort outpl\u00e5nliga avtryck. Publiken kan med f\u00f6rdel tillgodog\u00f6ra sig <em>De v\u00e5gade <\/em>p\u00e5 olika niv\u00e5er, beroende p\u00e5 mognad och f\u00f6rkunskaper. Ytterst framg\u00e5ngsrikt infrias credot i <em>Ett Dr\u00f6mspel: <\/em>&#8221;Allt kan ske, \u00e4r m\u00f6jligt och sannolikt&#8221;. Vad som kr\u00e4vs f\u00f6r att uppr\u00e4tth\u00e5lla ett s\u00e5dant  syns\u00e4tt, \u00e4r f\u00f6rst\u00e5s en  \u00f6verenskommelse med publiken. Varje g\u00e5ng man tr\u00e4ffar p\u00e5 anm\u00e4rkningsv\u00e4rda sk\u00e5despel blir man varm om hj\u00e4rtat.  Hyllningen till uppt\u00e4ckare och banbrytare tr\u00e4ffar mitt i prick.<\/p>\n\n\n\n<p>Att manus  s\u00f6ml\u00f6st sammanl\u00e4nkats med agerandet p\u00e5 scen nedanf\u00f6r mig, har sin naturliga f\u00f6rklaring. Sk\u00e5despelarna Emil Klingvall och Louise Juliusson har sj\u00e4lva skrivit texten,  valt ut vilka  de vill ber\u00e4tta om. De kallar dem  superhj\u00e4ltar och fr\u00e5gar inkluderande i programbladet, om \u00e5sk\u00e5daren  har n\u00e5gon superkraft som hen v\u00e5gar avsl\u00f6ja.<\/p>\n\n\n\n<p> Kavalkaden startar med Selma Lagerl\u00f6f och avrundas genom en inblick i genialiske Stephen Hawking\u00b4s biografi. F\u00f6ga f\u00f6rv\u00e5nande introduceras i korta episoder, ett radband av orubbliga och extremt beg\u00e5vade kvinnor.  Drastiskt och dr\u00e5pligt f\u00f6rmedlas essensen ur storartade g\u00e4rningar beg\u00e5ngna av Rosa Parks, Marie Curie, Frida Kahlo, Amelia Earhart, Mary Shelley samt Malala.  Storytelling som funkar fantastiskt v\u00e4l. I sina nedslag v\u00e4jer de inte f\u00f6r motst\u00e5ndet hj\u00e4ltarna st\u00f6tte p\u00e5. F\u00f6rtryck, rasism, ondska, olyckor och  d\u00f6d. Publiken ska inte invaggas i n\u00e5gon falsk trygghet, samtidigt f\u00e5 vetskap om vad personerna varit med om och utr\u00e4ttat.<\/p>\n\n\n\n<figure class=\"wp-block-image\"><img loading=\"lazy\" decoding=\"async\" width=\"650\" height=\"433\" src=\"https:\/\/kulturbloggen.com\/wp-content\/uploads\/2020\/02\/86742794_2721321547934862_6864619484435447808_o.jpg\" alt=\"\" class=\"wp-image-132730\" srcset=\"https:\/\/kulturbloggen.com\/wp-content\/uploads\/2020\/02\/86742794_2721321547934862_6864619484435447808_o.jpg 650w, https:\/\/kulturbloggen.com\/wp-content\/uploads\/2020\/02\/86742794_2721321547934862_6864619484435447808_o-300x200.jpg 300w\" sizes=\"auto, (max-width: 650px) 100vw, 650px\" \/><figcaption>foto Lina Ikse<\/figcaption><\/figure>\n\n\n\n<p>Expos\u00e9n av tematiskt sammanbundna f\u00f6rvandlingsnummer sker genom minimal rekvisita. En griffeltavla med formler, en flygarm\u00f6ssa etcetera. Inser att tonen \u00e4r avpassad f\u00f6r receptiva femteklassare. M\u00e5nga repliker upprepas \u00e5tskilliga g\u00e5nger, vilket f\u00f6r tankarna till sitcoms. Och roliga moment uppst\u00e5r n\u00e4r ny scen tar vid. D\u00e5 munhuggs sk\u00e5despelarna om vem de ska  gestalta. Smarta knep f\u00f6r att undvika korvstoppning!  Belysande ordv\u00e4xlingar och dramatiska h\u00e4ndelser fogas samman f\u00f6rn\u00e4mligt av regiss\u00f6ren.  Menande blickar och pauser, vitalt kroppsspr\u00e5k ( ett fullgott substitut till den ringa scenografin), diskret st\u00e4mningsskapande musik och subtila f\u00f6r\u00e4ndringar utseendem\u00e4ssigt. Tekniker och hj\u00e4lpmedel som under en trekvart ledsagar oss in i  episoder och \u00f6den som g\u00e5tt till historien.  Publiken p\u00e5minns framf\u00f6r allt om kvinnliga f\u00f6reg\u00e5ngare, f\u00f6rsta kvinna att&#8230;  <\/p>\n\n\n\n<p> Sk\u00e5despelarduon f\u00f6rtj\u00e4nar verkligen  rungande appl\u00e5der, m\u00e4rks att de passar idealiskt tillsammans,  f\u00f6rmedlar gigantiskt merv\u00e4rde. Ska \u00e5nyo betonas vilken h\u00f6g kvalitet deras manus h\u00e5ller, med sin raffinerade mix av upplysning och underh\u00e5llning.  H\u00e4vdar best\u00e4mt  att den sex\u00e5rige(?) pojk som utbrast att det var l\u00e5ngtr\u00e5kigt hade fel, fullkomligt fel. Teater n\u00e4r den \u00e4r som b\u00e4st f\u00f6r det uppv\u00e4xande sl\u00e4ktet. <\/p>\n\n\n\n<p><\/p>\n\n\n\n<p><\/p>\n\n\n\n<p>  <\/p>\n\n\n\n<p><\/p>\n","protected":false},"excerpt":{"rendered":"<p>Manus: Louise Juliusson &amp; Emil Klingvall Regi: Sara Klingvall Scenografi &amp; kostym: Heidi Saikkonen Teknik &amp; ljus: Torben Signelius Kulin Spelas p\u00e5 Teater Jaguar , Storgatan 3 i G\u00f6teborg till och med 3\/4 2020 Premi\u00e4r: 22\/2 En collagef\u00f6rest\u00e4llning vars fr\u00e4msta m\u00e5lgrupp utg\u00f6rs av elever i mellanstadiet. Det \u00e4r en rapsodisk hyllning till exceptionella m\u00e4nniskor, vars [&hellip;]<\/p>\n","protected":false},"author":34,"featured_media":0,"comment_status":"closed","ping_status":"closed","sticky":false,"template":"","format":"standard","meta":{"_genesis_hide_title":false,"_genesis_hide_breadcrumbs":false,"_genesis_hide_singular_image":false,"_genesis_hide_footer_widgets":false,"_genesis_custom_body_class":"","_genesis_custom_post_class":"","_genesis_layout":"","footnotes":""},"categories":[20,31,13624],"tags":[],"class_list":{"0":"post-132723","1":"post","2":"type-post","3":"status-publish","4":"format-standard","6":"category-film","7":"category-teaterrecension","8":"category-toppnytt","9":"entry"},"_links":{"self":[{"href":"https:\/\/kulturbloggen.com\/index.php?rest_route=\/wp\/v2\/posts\/132723","targetHints":{"allow":["GET"]}}],"collection":[{"href":"https:\/\/kulturbloggen.com\/index.php?rest_route=\/wp\/v2\/posts"}],"about":[{"href":"https:\/\/kulturbloggen.com\/index.php?rest_route=\/wp\/v2\/types\/post"}],"author":[{"embeddable":true,"href":"https:\/\/kulturbloggen.com\/index.php?rest_route=\/wp\/v2\/users\/34"}],"replies":[{"embeddable":true,"href":"https:\/\/kulturbloggen.com\/index.php?rest_route=%2Fwp%2Fv2%2Fcomments&post=132723"}],"version-history":[{"count":7,"href":"https:\/\/kulturbloggen.com\/index.php?rest_route=\/wp\/v2\/posts\/132723\/revisions"}],"predecessor-version":[{"id":132734,"href":"https:\/\/kulturbloggen.com\/index.php?rest_route=\/wp\/v2\/posts\/132723\/revisions\/132734"}],"wp:attachment":[{"href":"https:\/\/kulturbloggen.com\/index.php?rest_route=%2Fwp%2Fv2%2Fmedia&parent=132723"}],"wp:term":[{"taxonomy":"category","embeddable":true,"href":"https:\/\/kulturbloggen.com\/index.php?rest_route=%2Fwp%2Fv2%2Fcategories&post=132723"},{"taxonomy":"post_tag","embeddable":true,"href":"https:\/\/kulturbloggen.com\/index.php?rest_route=%2Fwp%2Fv2%2Ftags&post=132723"}],"curies":[{"name":"wp","href":"https:\/\/api.w.org\/{rel}","templated":true}]}}