{"id":132711,"date":"2020-02-21T18:06:51","date_gmt":"2020-02-21T16:06:51","guid":{"rendered":"https:\/\/kulturbloggen.com\/?p=132711"},"modified":"2020-02-21T18:06:53","modified_gmt":"2020-02-21T16:06:53","slug":"lyssna-peter-bjorn-and-john-music","status":"publish","type":"post","link":"https:\/\/kulturbloggen.com\/?p=132711","title":{"rendered":"Lyssna: Peter Bjorn and John  &#8211; Music"},"content":{"rendered":"<p><img loading=\"lazy\" decoding=\"async\" class=\"aligncenter size-full wp-image-132715\" src=\"https:\/\/kulturbloggen.com\/wp-content\/uploads\/2020\/02\/music_3000x3000_rgb.jpeg\" alt=\"\" width=\"650\" height=\"650\" srcset=\"https:\/\/kulturbloggen.com\/wp-content\/uploads\/2020\/02\/music_3000x3000_rgb.jpeg 650w, https:\/\/kulturbloggen.com\/wp-content\/uploads\/2020\/02\/music_3000x3000_rgb-150x150.jpeg 150w, https:\/\/kulturbloggen.com\/wp-content\/uploads\/2020\/02\/music_3000x3000_rgb-300x300.jpeg 300w\" sizes=\"auto, (max-width: 650px) 100vw, 650px\" \/><\/p>\n<p>Peter Bjorn and John sl\u00e4ppte 21 februari 2020 l\u00e5ten \u201dMusic\u201d \u2013 sista singeln innan albumsl\u00e4ppet 13 mars.<\/p>\n<p>Peter Bjorn and John sl\u00e4pper i dag l\u00e5ten \u201dMusic\u201d \u2013 sista singeln innan albumsl\u00e4ppet 13 mars<\/p>\n<p>Internationellt hyllade svenska bandet Peter Bjorn and John firar 20 \u00e5r i \u00e5r och sl\u00e4pper nytt album. Albumet, som har titeln \u201dEndless Dream\u201d, sl\u00e4pps via INGRID den 13 mars och d\u00e4refter \u00e5ker bandet p\u00e5 stor USA-turn\u00e9 med start i Los Angeles.<br \/>\nNu sl\u00e4pper de sin sj\u00e4tte albumsingel \u201dMusic\u201d.<br \/>\n\u201dD\u00e4r finns ett grymt beat, ett coolt riff och en vacker melodi som ber\u00e4ttar vad vi har p\u00e5 hj\u00e4rtat\u201d, s\u00e5 beskriver Bj\u00f6rn Yttling l\u00e5ten och sj\u00e4lva grundreceptet f\u00f6r Peter Bjorn and Johns musik.<\/p>\n<p>Peter Bjorn and John firar sina 20 \u00e5r tillsammans som band med ytterligare ett singelsl\u00e4pp fr\u00e5n albumet \u201dEndless Dream\u201d som kommer 13 mars. Albumet \u00e4r det nionde i ordningen f\u00f6r bandet.<\/p>\n<p>Bj\u00f6rn Yttling beskriver nya singeln \u201dMusic\u201d som en historia om musikens betydelse f\u00f6r bandet.<br \/>\n\u201dL\u00e5ten \u00e4r en reflektion \u00f6ver vad musik betydde f\u00f6r oss n\u00e4r vi startade bandet och att det fortfarande \u00e4r det DNA som h\u00e5ller ihop oss och som g\u00f6r allt annat oviktigt. D\u00e4r finns ett grymt beat, ett coolt riff och en vacker melodi som ber\u00e4ttar vad vi har p\u00e5 hj\u00e4rtat\u201d, s\u00e4ger han.<\/p>\n<p><iframe loading=\"lazy\" src=\"https:\/\/open.spotify.com\/embed\/album\/4rqzPVfzFOWxUsOfKeZfdL\" width=\"300\" height=\"380\" frameborder=\"0\"><\/iframe><\/p>\n","protected":false},"excerpt":{"rendered":"<p>Peter Bjorn and John sl\u00e4ppte 21 februari 2020 l\u00e5ten \u201dMusic\u201d \u2013 sista singeln innan albumsl\u00e4ppet 13 mars. Peter Bjorn and John sl\u00e4pper i dag l\u00e5ten \u201dMusic\u201d \u2013 sista singeln innan albumsl\u00e4ppet 13 mars Internationellt hyllade svenska bandet Peter Bjorn and John firar 20 \u00e5r i \u00e5r och sl\u00e4pper nytt album. Albumet, som har titeln \u201dEndless [&hellip;]<\/p>\n","protected":false},"author":2,"featured_media":0,"comment_status":"closed","ping_status":"closed","sticky":false,"template":"","format":"standard","meta":{"_genesis_hide_title":false,"_genesis_hide_breadcrumbs":false,"_genesis_hide_singular_image":false,"_genesis_hide_footer_widgets":false,"_genesis_custom_body_class":"","_genesis_custom_post_class":"","_genesis_layout":"","footnotes":""},"categories":[7,20,13624],"tags":[],"class_list":{"0":"post-132711","1":"post","2":"type-post","3":"status-publish","4":"format-standard","6":"category-musik","7":"category-film","8":"category-toppnytt","9":"entry"},"_links":{"self":[{"href":"https:\/\/kulturbloggen.com\/index.php?rest_route=\/wp\/v2\/posts\/132711","targetHints":{"allow":["GET"]}}],"collection":[{"href":"https:\/\/kulturbloggen.com\/index.php?rest_route=\/wp\/v2\/posts"}],"about":[{"href":"https:\/\/kulturbloggen.com\/index.php?rest_route=\/wp\/v2\/types\/post"}],"author":[{"embeddable":true,"href":"https:\/\/kulturbloggen.com\/index.php?rest_route=\/wp\/v2\/users\/2"}],"replies":[{"embeddable":true,"href":"https:\/\/kulturbloggen.com\/index.php?rest_route=%2Fwp%2Fv2%2Fcomments&post=132711"}],"version-history":[{"count":4,"href":"https:\/\/kulturbloggen.com\/index.php?rest_route=\/wp\/v2\/posts\/132711\/revisions"}],"predecessor-version":[{"id":132716,"href":"https:\/\/kulturbloggen.com\/index.php?rest_route=\/wp\/v2\/posts\/132711\/revisions\/132716"}],"wp:attachment":[{"href":"https:\/\/kulturbloggen.com\/index.php?rest_route=%2Fwp%2Fv2%2Fmedia&parent=132711"}],"wp:term":[{"taxonomy":"category","embeddable":true,"href":"https:\/\/kulturbloggen.com\/index.php?rest_route=%2Fwp%2Fv2%2Fcategories&post=132711"},{"taxonomy":"post_tag","embeddable":true,"href":"https:\/\/kulturbloggen.com\/index.php?rest_route=%2Fwp%2Fv2%2Ftags&post=132711"}],"curies":[{"name":"wp","href":"https:\/\/api.w.org\/{rel}","templated":true}]}}