{"id":132697,"date":"2020-02-21T17:59:01","date_gmt":"2020-02-21T15:59:01","guid":{"rendered":"https:\/\/kulturbloggen.com\/?p=132697"},"modified":"2020-02-21T17:59:02","modified_gmt":"2020-02-21T15:59:02","slug":"lyssna-slowgold-aska","status":"publish","type":"post","link":"https:\/\/kulturbloggen.com\/?p=132697","title":{"rendered":"Lyssna: Slowgold &#8211; Aska"},"content":{"rendered":"<p><img loading=\"lazy\" decoding=\"async\" class=\"aligncenter size-full wp-image-132699\" src=\"https:\/\/kulturbloggen.com\/wp-content\/uploads\/2020\/02\/unnamed-7.jpg\" alt=\"\" width=\"650\" height=\"650\" srcset=\"https:\/\/kulturbloggen.com\/wp-content\/uploads\/2020\/02\/unnamed-7.jpg 650w, https:\/\/kulturbloggen.com\/wp-content\/uploads\/2020\/02\/unnamed-7-150x150.jpg 150w, https:\/\/kulturbloggen.com\/wp-content\/uploads\/2020\/02\/unnamed-7-300x300.jpg 300w\" sizes=\"auto, (max-width: 650px) 100vw, 650px\" \/><\/p>\n<p>Slowgold sl\u00e4ppte sitt sitt sj\u00e4tte studioalbum Aska den 21 februari 2020. Ett album som handlar om att g\u00f6ra det som kr\u00e4vs f\u00f6r att l\u00e4mna en plats som tidigare k\u00e4nts sj\u00e4lvklar. Att sl\u00e4ppa taget om k\u00e4nslorna som bem\u00f6ttes i f\u00f6rra albumet M\u00f6rkare. Albumet har utvecklats ur ett behov av att l\u00e4mna gamla relationer bakom sig, att vilja hitta ett friare spr\u00e5k i musiken och livet i stort. Att delvis g\u00f6ra upp med Slowgolds historia. Producenten Mattias Glav\u00e5 har lyckats f\u00f6rst\u00e5 och f\u00e5 fram denna k\u00e4nsla och medan uttrycket \u00e4r igenk\u00e4nnbart s\u00e5 finner musiken nya v\u00e4gar.<\/p>\n<p><iframe loading=\"lazy\" src=\"https:\/\/open.spotify.com\/embed\/album\/0ildZYCboddfWVhxos5s1l\" width=\"300\" height=\"380\" frameborder=\"0\"><\/iframe><\/p>\n","protected":false},"excerpt":{"rendered":"<p>Slowgold sl\u00e4ppte sitt sitt sj\u00e4tte studioalbum Aska den 21 februari 2020. Ett album som handlar om att g\u00f6ra det som kr\u00e4vs f\u00f6r att l\u00e4mna en plats som tidigare k\u00e4nts sj\u00e4lvklar. Att sl\u00e4ppa taget om k\u00e4nslorna som bem\u00f6ttes i f\u00f6rra albumet M\u00f6rkare. Albumet har utvecklats ur ett behov av att l\u00e4mna gamla relationer bakom sig, att [&hellip;]<\/p>\n","protected":false},"author":2,"featured_media":0,"comment_status":"closed","ping_status":"closed","sticky":false,"template":"","format":"standard","meta":{"_genesis_hide_title":false,"_genesis_hide_breadcrumbs":false,"_genesis_hide_singular_image":false,"_genesis_hide_footer_widgets":false,"_genesis_custom_body_class":"","_genesis_custom_post_class":"","_genesis_layout":"","footnotes":""},"categories":[7,13624],"tags":[],"class_list":{"0":"post-132697","1":"post","2":"type-post","3":"status-publish","4":"format-standard","6":"category-musik","7":"category-toppnytt","8":"entry"},"_links":{"self":[{"href":"https:\/\/kulturbloggen.com\/index.php?rest_route=\/wp\/v2\/posts\/132697","targetHints":{"allow":["GET"]}}],"collection":[{"href":"https:\/\/kulturbloggen.com\/index.php?rest_route=\/wp\/v2\/posts"}],"about":[{"href":"https:\/\/kulturbloggen.com\/index.php?rest_route=\/wp\/v2\/types\/post"}],"author":[{"embeddable":true,"href":"https:\/\/kulturbloggen.com\/index.php?rest_route=\/wp\/v2\/users\/2"}],"replies":[{"embeddable":true,"href":"https:\/\/kulturbloggen.com\/index.php?rest_route=%2Fwp%2Fv2%2Fcomments&post=132697"}],"version-history":[{"count":2,"href":"https:\/\/kulturbloggen.com\/index.php?rest_route=\/wp\/v2\/posts\/132697\/revisions"}],"predecessor-version":[{"id":132700,"href":"https:\/\/kulturbloggen.com\/index.php?rest_route=\/wp\/v2\/posts\/132697\/revisions\/132700"}],"wp:attachment":[{"href":"https:\/\/kulturbloggen.com\/index.php?rest_route=%2Fwp%2Fv2%2Fmedia&parent=132697"}],"wp:term":[{"taxonomy":"category","embeddable":true,"href":"https:\/\/kulturbloggen.com\/index.php?rest_route=%2Fwp%2Fv2%2Fcategories&post=132697"},{"taxonomy":"post_tag","embeddable":true,"href":"https:\/\/kulturbloggen.com\/index.php?rest_route=%2Fwp%2Fv2%2Ftags&post=132697"}],"curies":[{"name":"wp","href":"https:\/\/api.w.org\/{rel}","templated":true}]}}