{"id":13265,"date":"2009-09-28T18:01:01","date_gmt":"2009-09-28T16:01:01","guid":{"rendered":"http:\/\/kulturbloggen.com\/?p=13265"},"modified":"2009-09-28T18:01:01","modified_gmt":"2009-09-28T16:01:01","slug":"twitter-for-snabbt-hade-resultatet-innan-vallokalerna-stangde","status":"publish","type":"post","link":"https:\/\/kulturbloggen.com\/?p=13265","title":{"rendered":"Twitter f\u00f6r snabbt: hade resultatet innan vallokalerna st\u00e4ngde"},"content":{"rendered":"<p><img loading=\"lazy\" decoding=\"async\" src=\"http:\/\/sodergren.com\/kulturbloggen\/wp-content\/uploads\/2009\/09\/Twitter200x190.png\" alt=\"Twitter200x190\" title=\"Twitter200x190\" width=\"200\" height=\"190\" class=\"aligncenter size-full wp-image-12699\" \/><br \/>\nTwitter \u00e4r en snabb kanal att f\u00e5 ut nyheter. Att det smidigt och l\u00e4tt g\u00e5r att f\u00e5 ut en mening eller tv\u00e5 via mobiltelefon g\u00f6r att det g\u00e5r snabbt. Men i samband med det tyska valet gick det lite f\u00f6r snabbt:<br \/>\nRedan innan vallokalerna st\u00e4ngde gick resultatet av det tyska valet att l\u00e4sa p\u00e5 n\u00e4tverkssajten Twitter. Tyska myndigheter utreder nu hur informationen spreds, <a href=\"http:\/\/www.svd.se\/nyheter\/utrikes\/artikel_3579429.svd\">ber\u00e4ttar Svenska Dagbladet.<\/a><\/p>\n","protected":false},"excerpt":{"rendered":"<p>Twitter \u00e4r en snabb kanal att f\u00e5 ut nyheter. Att det smidigt och l\u00e4tt g\u00e5r att f\u00e5 ut en mening eller tv\u00e5 via mobiltelefon g\u00f6r att det g\u00e5r snabbt. Men i samband med det tyska valet gick det lite f\u00f6r snabbt: Redan innan vallokalerna st\u00e4ngde gick resultatet av det tyska valet att l\u00e4sa p\u00e5 n\u00e4tverkssajten [&hellip;]<\/p>\n","protected":false},"author":2,"featured_media":0,"comment_status":"open","ping_status":"open","sticky":false,"template":"","format":"standard","meta":{"_genesis_hide_title":false,"_genesis_hide_breadcrumbs":false,"_genesis_hide_singular_image":false,"_genesis_hide_footer_widgets":false,"_genesis_custom_body_class":"","_genesis_custom_post_class":"","_genesis_layout":"","footnotes":""},"categories":[20],"tags":[6045,6051,6161],"class_list":{"0":"post-13265","1":"post","2":"type-post","3":"status-publish","4":"format-standard","6":"category-film","7":"tag-twitter","8":"tag-tyskland","9":"tag-val","10":"entry"},"_links":{"self":[{"href":"https:\/\/kulturbloggen.com\/index.php?rest_route=\/wp\/v2\/posts\/13265","targetHints":{"allow":["GET"]}}],"collection":[{"href":"https:\/\/kulturbloggen.com\/index.php?rest_route=\/wp\/v2\/posts"}],"about":[{"href":"https:\/\/kulturbloggen.com\/index.php?rest_route=\/wp\/v2\/types\/post"}],"author":[{"embeddable":true,"href":"https:\/\/kulturbloggen.com\/index.php?rest_route=\/wp\/v2\/users\/2"}],"replies":[{"embeddable":true,"href":"https:\/\/kulturbloggen.com\/index.php?rest_route=%2Fwp%2Fv2%2Fcomments&post=13265"}],"version-history":[{"count":0,"href":"https:\/\/kulturbloggen.com\/index.php?rest_route=\/wp\/v2\/posts\/13265\/revisions"}],"wp:attachment":[{"href":"https:\/\/kulturbloggen.com\/index.php?rest_route=%2Fwp%2Fv2%2Fmedia&parent=13265"}],"wp:term":[{"taxonomy":"category","embeddable":true,"href":"https:\/\/kulturbloggen.com\/index.php?rest_route=%2Fwp%2Fv2%2Fcategories&post=13265"},{"taxonomy":"post_tag","embeddable":true,"href":"https:\/\/kulturbloggen.com\/index.php?rest_route=%2Fwp%2Fv2%2Ftags&post=13265"}],"curies":[{"name":"wp","href":"https:\/\/api.w.org\/{rel}","templated":true}]}}