{"id":132607,"date":"2020-02-18T17:39:13","date_gmt":"2020-02-18T15:39:13","guid":{"rendered":"https:\/\/kulturbloggen.com\/?p=132607"},"modified":"2020-02-18T17:39:14","modified_gmt":"2020-02-18T15:39:14","slug":"tio-nya-namn-valjs-in-i-swedish-music-hall-of-fame-i-april","status":"publish","type":"post","link":"https:\/\/kulturbloggen.com\/?p=132607","title":{"rendered":"Tio nya namn v\u00e4ljs in i Swedish Music Hall of Fame i april"},"content":{"rendered":"<p>Efter ett \u00e5rs paus blir det nu ett nytt inval till Swedish Music Hall of Fame. Tio nya namn kommer att v\u00e4ljas in under ceremonin den 16 april p\u00e5 Slaktkyrkan i Stockholm, ber\u00e4ttar ett pressmeddelande:<\/p>\n<p>2020 \u00e5rs inval, sj\u00e4tte i ordningen, till Swedish Music Hall of Fame kommer allts\u00e5 att ske den 16 april p\u00e5 Slaktkyrkan i Slakthusomr\u00e5det i Stockholm. Totalt kommer tio nya namn att v\u00e4ljas in och ut\u00f6ka den redan stora skaran av tidigare invalda.<\/p>\n<p>&#8221;Det har varit fantastiskt sp\u00e4nnande att s\u00e4tta t\u00e4nderna i detta igen. Vi v\u00e4ljer in hela tio nya namn denna g\u00e5ng, och jag kan utlova n\u00e5gra h\u00f6gt efterfr\u00e5gade namn sida vid sida med n\u00e5gra som kanske ses som lite av skr\u00e4llar\u201d, s\u00e4ger juryordf\u00f6rande Lars Nylin.<\/p>\n<p>Under ceremonin presenteras alla nya inval som ocks\u00e5 tolkas av namnkunniga artister tillsammans med en liveorkester.<\/p>\n<p>Efter fem invalsceremonier \u00e5ren 2014-2018 tog Swedish Music Hall of Fame en paus. Detta sedan vd:n och den drivande kraften Charlotte Wiking g\u00e5tt bort.<br \/>\nMen nu \u00e4r invalet till Swedish Music Hall of Fame tillbaka och helt i linje med den vision som en g\u00e5ng gjordes av styrelsen f\u00f6r Swedish Music Hall of Fame i samspel med Charlotte.<\/p>\n<p>Juryn best\u00e5r av:<br \/>\nLars Nylin (ordf\u00f6rande), Fredrik Strage, Petra Markgren Wangler, Stefan Wermelin, Tara Moshizi<\/p>\n<p>De tidigare invalda g\u00e5r att studera n\u00e4rmare p\u00e5 www.smhof.se. Sedan 2018 har Swedish Music Hall of Fame ocks\u00e5 en egen utst\u00e4llning p\u00e5 Scenkonstmuseet i Stockholm med de invalda.<\/p>\n<p>Invalda:<\/p>\n<p>2014<br \/>\nABBA, Eva Dahlgren, Ebba Gr\u00f6n, Entombed, Jan Johansson, The Latin Kings, Nationalteatern, Stina Nordenstam, Roxette, Evert Taube, Cornelis Vreeswijk, Monica Zetterlund<\/p>\n<p>2015<br \/>\nAlice Babs, Jussi Bj\u00f6rling, Gullan Bornemark, Anders Burman, Neneh Cherry, Carola H\u00e4ggkvist, Ulf Lundell, Yngwie Malmsteen, Peps Persson, Robyn<\/p>\n<p>2016<br \/>\nLeila K, Denniz Pop, Kent, Barbro H\u00f6rberg, Karl Gerhard, Monica Dominique, Sven-Ingvars, Owe Th\u00f6rnqvist, Siw Malmkvist<\/p>\n<p>2017<br \/>\nBritt Lindeborg, Calle Jularbo, Lill-Babs, Looptroop Rockers, Magnus Uggla, Merit Hemmingson, Ola H\u00e5kansson, The Cardigans<\/p>\n<p>2018<br \/>\nBroder Daniel, Marie Bergman, Kai Gullmar, Ted och Kenneth G\u00e4rdestad, Doris, Europe, Titiyo<\/p>\n","protected":false},"excerpt":{"rendered":"<p>Efter ett \u00e5rs paus blir det nu ett nytt inval till Swedish Music Hall of Fame. Tio nya namn kommer att v\u00e4ljas in under ceremonin den 16 april p\u00e5 Slaktkyrkan i Stockholm, ber\u00e4ttar ett pressmeddelande: 2020 \u00e5rs inval, sj\u00e4tte i ordningen, till Swedish Music Hall of Fame kommer allts\u00e5 att ske den 16 april p\u00e5 [&hellip;]<\/p>\n","protected":false},"author":13,"featured_media":0,"comment_status":"closed","ping_status":"closed","sticky":false,"template":"","format":"standard","meta":{"_genesis_hide_title":false,"_genesis_hide_breadcrumbs":false,"_genesis_hide_singular_image":false,"_genesis_hide_footer_widgets":false,"_genesis_custom_body_class":"","_genesis_custom_post_class":"","_genesis_layout":"","footnotes":""},"categories":[7],"tags":[],"class_list":{"0":"post-132607","1":"post","2":"type-post","3":"status-publish","4":"format-standard","6":"category-musik","7":"entry"},"_links":{"self":[{"href":"https:\/\/kulturbloggen.com\/index.php?rest_route=\/wp\/v2\/posts\/132607","targetHints":{"allow":["GET"]}}],"collection":[{"href":"https:\/\/kulturbloggen.com\/index.php?rest_route=\/wp\/v2\/posts"}],"about":[{"href":"https:\/\/kulturbloggen.com\/index.php?rest_route=\/wp\/v2\/types\/post"}],"author":[{"embeddable":true,"href":"https:\/\/kulturbloggen.com\/index.php?rest_route=\/wp\/v2\/users\/13"}],"replies":[{"embeddable":true,"href":"https:\/\/kulturbloggen.com\/index.php?rest_route=%2Fwp%2Fv2%2Fcomments&post=132607"}],"version-history":[{"count":1,"href":"https:\/\/kulturbloggen.com\/index.php?rest_route=\/wp\/v2\/posts\/132607\/revisions"}],"predecessor-version":[{"id":132608,"href":"https:\/\/kulturbloggen.com\/index.php?rest_route=\/wp\/v2\/posts\/132607\/revisions\/132608"}],"wp:attachment":[{"href":"https:\/\/kulturbloggen.com\/index.php?rest_route=%2Fwp%2Fv2%2Fmedia&parent=132607"}],"wp:term":[{"taxonomy":"category","embeddable":true,"href":"https:\/\/kulturbloggen.com\/index.php?rest_route=%2Fwp%2Fv2%2Fcategories&post=132607"},{"taxonomy":"post_tag","embeddable":true,"href":"https:\/\/kulturbloggen.com\/index.php?rest_route=%2Fwp%2Fv2%2Ftags&post=132607"}],"curies":[{"name":"wp","href":"https:\/\/api.w.org\/{rel}","templated":true}]}}