{"id":132456,"date":"2020-02-15T05:57:05","date_gmt":"2020-02-15T03:57:05","guid":{"rendered":"https:\/\/kulturbloggen.com\/?p=132456"},"modified":"2020-02-16T16:59:49","modified_gmt":"2020-02-16T14:59:49","slug":"uppsluppen-stilblandning-pa-mycket-lyckad-releasefest-mikael-ramel-band-pa-nefertiti","status":"publish","type":"post","link":"https:\/\/kulturbloggen.com\/?p=132456","title":{"rendered":"Uppsluppen stilblandning p\u00e5 mycket lyckad releasefest &#8211; Mikael Ramel Band p\u00e5 Nefertiti"},"content":{"rendered":"\n<figure class=\"wp-block-image\"><img loading=\"lazy\" decoding=\"async\" width=\"650\" height=\"488\" src=\"https:\/\/kulturbloggen.com\/wp-content\/uploads\/2020\/02\/85093191_3299293380088060_6453333424760422400_o.jpg\" alt=\"\" class=\"wp-image-132457\" srcset=\"https:\/\/kulturbloggen.com\/wp-content\/uploads\/2020\/02\/85093191_3299293380088060_6453333424760422400_o.jpg 650w, https:\/\/kulturbloggen.com\/wp-content\/uploads\/2020\/02\/85093191_3299293380088060_6453333424760422400_o-300x225.jpg 300w\" sizes=\"auto, (max-width: 650px) 100vw, 650px\" \/><figcaption>foto Leif Wivatt<\/figcaption><\/figure>\n\n\n\n<p>Mikael Ramel Band<\/p>\n\n\n\n<p>Nefertiti i G\u00f6teborg <\/p>\n\n\n\n<p>13\/2 2020<\/p>\n\n\n\n<p>Bortser jag fr\u00e5n ett recensionsex som inte f\u00e5ngade mig tillr\u00e4ckligt (och sedan gick ett gruvligt \u00f6de till m\u00f6tes), finns i min \u00e4go inga skivor av Mikael Ramel. J\u00e4mf\u00f6rt med samtida storheter som Pugh, Anders F och Magnell, har ordvr\u00e4ngaren som f\u00f6rn\u00e4mligt f\u00f6rvaltat och utvecklat  arvet fr\u00e5n pappa Povel,  varit mer av en kultartist.  Tack vare lovorden  inh\u00f6stade i n\u00e4rtid och musikerna han omger sig med, lockades jag emellertid till ett v\u00e4lfyllt Nef. Detta gig var den andra releasekonserten f\u00f6r skivan Mikael Ramel band till dej &#8211; <em>The B\u00e4st Band Lajv 2019. Till dej <\/em>hette Ramels debut (1972), som han blev \u00f6vertalad att framf\u00f6ra p\u00e5 scen i Sm\u00e5land f\u00f6r cirka fem \u00e5r sedan. Och p\u00e5 den framg\u00e5ngsv\u00e4gen \u00e4r det. N\u00e4mnda livealbum spelades in i v\u00e5ras i G\u00f6teborg och Skottv\u00e5ng Gruva.<\/p>\n\n\n\n<p>F\u00f6rs\u00f6kte bilda mig en uppfattning  genom att se Youtube-klipp. Visade sig med facit i hand att de inte gjorde bandet r\u00e4ttvisa. Blev enormt imponerad \u00f6ver  spelningen. Formen var toppad!  Repertoaren hade utformats som ett tv\u00e4rsnitt ur hans tidiga produktion. <\/p>\n\n\n\n<p> Bandet best\u00e5r av frontmannen p\u00e5 s\u00e5ng och akustisk gitarr, Mats \u00d6berg p\u00e5 keyboard och st\u00e4ms\u00e5ng (Mats\/ Morgan Band, Ale M\u00f6ller,  Willemark\/ Knutsson\/ \u00d6berg), G\u00f6ran Lagerberg (Tages, Kebnekajse, Egba, Fl\u00e4sket Brinner), Kenny H\u00e5kansson (Kebnekajse, Dag Vag, Torsten Flinck, Baby Grandmothers) samt Benna S\u00f6rman bakom trumsetet (Strix Q). Ett kanong\u00e4ng vars kunnande jag haft ynnesten att frossa i som musikkonsument,  live och p\u00e5 skiva  med undantag f\u00f6r S\u00f6rman. Ska s\u00e4gas att kvartetten, bortsett fr\u00e5n geniet \u00d6berg, f\u00f6rr i tiden utgjorde n\u00e5gra av Ramels spelkamrater.  <\/p>\n\n\n\n<p>Konserten sv\u00e4nger kopi\u00f6st, far avsiktligt iv\u00e4g i olika riktningar,  artar sig till en lekfull mix av genrer. Kompet \u00e4r rodret medan solisterna \u00e4r skutans segel segel. Det otroligt meriterade g\u00e4nget trivs tillsammans. Man \u00e4r fenomenalt samspelta och komposit\u00f6ren ser till att fokus flyttas runt. V\u00e4sentliga delar sv\u00e4vade ut i vad som n\u00e4r det begav sig kallades flum, ett frihetligt begrepp som h\u00e4r oreserverat ska uttydas positivt. Mycket positivt!<\/p>\n\n\n\n<figure class=\"wp-block-image\"><img loading=\"lazy\" decoding=\"async\" width=\"650\" height=\"325\" src=\"https:\/\/kulturbloggen.com\/wp-content\/uploads\/2020\/02\/IMG_20200213_203202_1.jpg\" alt=\"\" class=\"wp-image-132483\" srcset=\"https:\/\/kulturbloggen.com\/wp-content\/uploads\/2020\/02\/IMG_20200213_203202_1.jpg 650w, https:\/\/kulturbloggen.com\/wp-content\/uploads\/2020\/02\/IMG_20200213_203202_1-300x150.jpg 300w\" sizes=\"auto, (max-width: 650px) 100vw, 650px\" \/><figcaption>foto Mats H Ljungberg<\/figcaption><\/figure>\n\n\n\n<p> Mikael Ramel st\u00e5r stadigt. Har ett ben i en omsorgsfull, litter\u00e4r texttradition, som rymmer bitska inslag parat med filosofiskt gods i naivismens tecken.  Det andra benet symboliserar  musikaliskt experimenterande. P\u00e5  plattorna fr\u00e5n 70-talet f\u00f6rekom musiker fr\u00e5n Steampacket, Splash och Fl\u00e4sket Brinner. Medger att jag inte haft koll p\u00e5 vare sig dessa samarbeten eller att Ramel sj\u00e4lv ing\u00e5tt i proggiga instrumentalgruppen Fl\u00e4sket Brinner. Blir enormt stimulerad av vad de utr\u00e4ttar p\u00e5 scen. En slags tautologi: Liveversionen av ett livealbum. (samma l\u00e5tordning?) B\u00e5da benen f\u00f6renas  ljuvligt  i en vital kropp, tillh\u00f6rande en  71-\u00e5ring och hans B\u00e4st Band. Den personliga s\u00e5ngen betraktar jag som funktionell. \u00c4ven om den \u00e4r l\u00e4tt att identifiera och rimmen n\u00e5r ut, sitter inte Mikaels styrka fr\u00e4mst i det vokala.<\/p>\n\n\n\n<p>I tv\u00e5 gener\u00f6sa set h\u00f6rs samtliga l\u00e5tar fr\u00e5n debuten och mycket annat. Alltifr\u00e5n underfundiga, glada &#8221;trudelutter&#8221;  och sn\u00e4lla visor  i rockstuk till psykedeliska tong\u00e5ngar, nordisk folkmusik, boogie, reggaetendenser,  \u00f6sig fusion och n\u00e5gra st\u00e4nk funkigt basspel. Referenserna tr\u00e4nger sig p\u00e5  n\u00e4r taktbyten och stimulerande solon tar vid.  Det attraktiva soundet antar ideligen skepnad av l\u00e4ckra kontraster.<\/p>\n\n\n\n<figure class=\"wp-block-image\"><img loading=\"lazy\" decoding=\"async\" width=\"650\" height=\"325\" src=\"https:\/\/kulturbloggen.com\/wp-content\/uploads\/2020\/02\/IMG_20200213_203739.jpg\" alt=\"\" class=\"wp-image-132486\" srcset=\"https:\/\/kulturbloggen.com\/wp-content\/uploads\/2020\/02\/IMG_20200213_203739.jpg 650w, https:\/\/kulturbloggen.com\/wp-content\/uploads\/2020\/02\/IMG_20200213_203739-300x150.jpg 300w\" sizes=\"auto, (max-width: 650px) 100vw, 650px\" \/><figcaption>foto Mats H Ljungberg<\/figcaption><\/figure>\n\n\n\n<p>Ganska tidigt in i programmet kom Ramels f\u00f6rmodligen st\u00f6rsta hit <em>Pengar <\/em>med S\u00f6rman sittandes p\u00e5  cajon. En h\u00f6gtidsstund liksom solistutvikningarna i <i>Artificiell Prana<\/i>. Instrumentala <i><em>5emtaktarn<\/em> <\/i>var en h\u00e4rligt trixig sak, antagligen p\u00e5verkad av Gentle Giant och Samla Mammas Manna. <em>Extra Vagansa <\/em>utvecklas till en harmoniskt utdragen eargasm och <i>L\u00e5ngt in i naturen <\/i>behandlar fyndigt v\u00e5rt beroende av och romantiken kring  naturen.  Framh\u00e5llas ska ocks\u00e5 den avv\u00e4pnande muntra visan betitlad <em>Jag hade fel, <\/em>vars publikmedverkan h\u00f6jer temperaturen ytterligare.<\/p>\n\n\n\n<p> S\u00f6rman som genomg\u00e5ende praktiserar det tunga artilleriet, \u00e4r samtidigt en flexibel fantom, som anpassar sig till r\u00e5dande situation.. Tror att han njuter av att f\u00e5 blomma ut h\u00e4r, j\u00e4mf\u00f6rt med den strikta h\u00e5llningen att f\u00f6rh\u00e5lla sig till hos Magnus Uggla. N\u00e4r jag m\u00e4rkte att han kom in i en andra andning, gav han sig givetvis iv\u00e4g in i det obligatoriska, underh\u00e5llande trumsolot.<\/p>\n\n\n\n<figure class=\"wp-block-image\"><img loading=\"lazy\" decoding=\"async\" width=\"650\" height=\"325\" src=\"https:\/\/kulturbloggen.com\/wp-content\/uploads\/2020\/02\/IMG_20200213_203752.jpg\" alt=\"\" class=\"wp-image-132484\" srcset=\"https:\/\/kulturbloggen.com\/wp-content\/uploads\/2020\/02\/IMG_20200213_203752.jpg 650w, https:\/\/kulturbloggen.com\/wp-content\/uploads\/2020\/02\/IMG_20200213_203752-300x150.jpg 300w\" sizes=\"auto, (max-width: 650px) 100vw, 650px\" \/><figcaption>foto Mats H Ljungberg<\/figcaption><\/figure>\n\n\n\n<p> Ramel \u00e4r en eminent l\u00e5tskrivare. Om det \u00e4r bandledaren sj\u00e4lv som delvis st\u00f6pt om framf\u00f6rda slagd\u00e4ngor framg\u00e5r inte. Hursomhelst f\u00f6rekom flera snygga, subtila \u00f6verg\u00e5ngar och melodier uppdelade i  fascinerande faser.  Releasefesten bevisade vilka suver\u00e4na instrumentalister vi har i landet. De mogna m\u00e4nnen befinner sig p\u00e5 en s\u00e5dan niv\u00e5 att de inte \u00f6vertr\u00e4ffas av n\u00e5gon.  Kenny H\u00e5kansson och G\u00f6ran Lagerberg har i \u00e5tskilliga decennier gett value for money, vilket betyder att deras publik aldrig haft anledning att \u00e5ngra sig.. H\u00e5kansson \u00e4r definitivt en livefavorit hos mig. Och  Mats \u00d6berg lever upp verkligen till utm\u00e4rkelsen Legitimerad Legend ( pris instiftat av Mikael Ramel och Wille Crafoord).. Ett tiotal g\u00e5ng levererar han genialiska infall, ofta med vackra influenser fr\u00e5n folkmusik. Vid dessa vidunderliga utblickar associerar jag till Bo Hansson, Merit Hemmingsson och emellan\u00e5t Stevie Wonder &#8211; Curtis Mayfield.<\/p>\n\n\n\n<p>  Publiken kunde gl\u00e4djas \u00e5t superba solister,  osannolikt smidigt ensemblespel (ett par l\u00e5tar hade endast framf\u00f6rts vid n\u00e5got enstaka tillf\u00e4lle) samt sofistikerade instrumentdialoger. M\u00e4nnen var inte sv\u00e5rflirtade, varf\u00f6r vi bj\u00f6ds p\u00e5 tv\u00e5 extranummer. I ett av dem h\u00f6ll m\u00e4sterlige H\u00e5kansson p\u00e5 sin svarta Gibson, ig\u00e5ng en medryckande melodi genom ett inspirerat riffande. Med de kanonmusiker och den l\u00e5tskatt Mikael Ramel f\u00f6rfogar \u00f6ver, borde jag inte vara f\u00f6rv\u00e5nad \u00f6ver utg\u00e5ngen. Jag novisen, blev minst lika n\u00f6jd som k\u00e4nnarna. Det \u00e4r v\u00e4l ett lysande betyg?<\/p>\n\n\n\n<p>Ska p\u00e5pekas att ljudet var f\u00f6rstklassigt med perfekt balanserad bas. M\u00e5nga k\u00f6pte skivor efter\u00e5t av skivbolaget som var p\u00e5 plats. Ramel signerade och tog emot beundrares ber\u00f6m. Jag gav mig till k\u00e4nna, uttryckte ocks\u00e5 min tacksamhet till den utflyttade g\u00f6teborgaren G\u00f6ran Lagerberg.<\/p>\n\n\n\n<p><\/p>\n\n\n\n<p><\/p>\n\n\n\n<p><\/p>\n\n\n\n<p> <\/p>\n","protected":false},"excerpt":{"rendered":"<p>Mikael Ramel Band Nefertiti i G\u00f6teborg 13\/2 2020 Bortser jag fr\u00e5n ett recensionsex som inte f\u00e5ngade mig tillr\u00e4ckligt (och sedan gick ett gruvligt \u00f6de till m\u00f6tes), finns i min \u00e4go inga skivor av Mikael Ramel. J\u00e4mf\u00f6rt med samtida storheter som Pugh, Anders F och Magnell, har ordvr\u00e4ngaren som f\u00f6rn\u00e4mligt f\u00f6rvaltat och utvecklat arvet fr\u00e5n pappa [&hellip;]<\/p>\n","protected":false},"author":34,"featured_media":0,"comment_status":"closed","ping_status":"closed","sticky":false,"template":"","format":"standard","meta":{"_genesis_hide_title":false,"_genesis_hide_breadcrumbs":false,"_genesis_hide_singular_image":false,"_genesis_hide_footer_widgets":false,"_genesis_custom_body_class":"","_genesis_custom_post_class":"","_genesis_layout":"","footnotes":""},"categories":[7,16,13624],"tags":[],"class_list":{"0":"post-132456","1":"post","2":"type-post","3":"status-publish","4":"format-standard","6":"category-musik","7":"category-recension","8":"category-toppnytt","9":"entry"},"_links":{"self":[{"href":"https:\/\/kulturbloggen.com\/index.php?rest_route=\/wp\/v2\/posts\/132456","targetHints":{"allow":["GET"]}}],"collection":[{"href":"https:\/\/kulturbloggen.com\/index.php?rest_route=\/wp\/v2\/posts"}],"about":[{"href":"https:\/\/kulturbloggen.com\/index.php?rest_route=\/wp\/v2\/types\/post"}],"author":[{"embeddable":true,"href":"https:\/\/kulturbloggen.com\/index.php?rest_route=\/wp\/v2\/users\/34"}],"replies":[{"embeddable":true,"href":"https:\/\/kulturbloggen.com\/index.php?rest_route=%2Fwp%2Fv2%2Fcomments&post=132456"}],"version-history":[{"count":45,"href":"https:\/\/kulturbloggen.com\/index.php?rest_route=\/wp\/v2\/posts\/132456\/revisions"}],"predecessor-version":[{"id":132563,"href":"https:\/\/kulturbloggen.com\/index.php?rest_route=\/wp\/v2\/posts\/132456\/revisions\/132563"}],"wp:attachment":[{"href":"https:\/\/kulturbloggen.com\/index.php?rest_route=%2Fwp%2Fv2%2Fmedia&parent=132456"}],"wp:term":[{"taxonomy":"category","embeddable":true,"href":"https:\/\/kulturbloggen.com\/index.php?rest_route=%2Fwp%2Fv2%2Fcategories&post=132456"},{"taxonomy":"post_tag","embeddable":true,"href":"https:\/\/kulturbloggen.com\/index.php?rest_route=%2Fwp%2Fv2%2Ftags&post=132456"}],"curies":[{"name":"wp","href":"https:\/\/api.w.org\/{rel}","templated":true}]}}