{"id":132387,"date":"2020-02-10T21:21:18","date_gmt":"2020-02-10T19:21:18","guid":{"rendered":"https:\/\/kulturbloggen.com\/?p=132387"},"modified":"2020-02-10T23:23:40","modified_gmt":"2020-02-10T21:23:40","slug":"poetiskt-och-flodande-fran-jambordig-jazzkvartett-looking-forward-av-mikael-godee-eve-beuvens-quartet","status":"publish","type":"post","link":"https:\/\/kulturbloggen.com\/?p=132387","title":{"rendered":"Poetiskt och fl\u00f6dande fr\u00e5n j\u00e4mb\u00f6rdig jazzkvartett &#8211; Looking Forward av Mikael God\u00e9e \/ Eve Beuvens Quartet"},"content":{"rendered":"\n<figure class=\"wp-block-image\"><img loading=\"lazy\" decoding=\"async\" width=\"650\" height=\"650\" src=\"https:\/\/kulturbloggen.com\/wp-content\/uploads\/2020\/02\/IGL296-COVER-1440-1440-WEB.jpg\" alt=\"\" class=\"wp-image-132388\" srcset=\"https:\/\/kulturbloggen.com\/wp-content\/uploads\/2020\/02\/IGL296-COVER-1440-1440-WEB.jpg 650w, https:\/\/kulturbloggen.com\/wp-content\/uploads\/2020\/02\/IGL296-COVER-1440-1440-WEB-150x150.jpg 150w, https:\/\/kulturbloggen.com\/wp-content\/uploads\/2020\/02\/IGL296-COVER-1440-1440-WEB-300x300.jpg 300w\" sizes=\"auto, (max-width: 650px) 100vw, 650px\" \/><figcaption>foto Magnus Bergstr\u00f6m<\/figcaption><\/figure>\n\n\n\n<p>Mikael God\u00e9e\/ Eve Beuvens Quartet<\/p>\n\n\n\n<p>Looking Forward<\/p>\n\n\n\n<p>4<\/p>\n\n\n\n<p>Inspelad i Igloo Studios Bryssel av Daniel L\u00e9on 25-27\/2 2018<\/p>\n\n\n\n<p>Producerad av Eve Beuvens och Mikael God\u00e9e<\/p>\n\n\n\n<p>52:34<\/p>\n\n\n\n<p>Releasedatum: 25\/1 2019<\/p>\n\n\n\n<p>Trodde felaktigt att skivan \u00e4r sprillans f\u00e4rsk, d\u00e5 jag fick den nyligen tillhanda som recensionsex. Verkar ist\u00e4llet vara p\u00e5 det viset att gruppen \u00f6nskar f\u00f6rnyad uppm\u00e4rksamhet i samband med turn\u00e9 i Sverige. Har lyssnat flera g\u00e5nger i h\u00f6rlurar medan jag antecknat. Och musiken best\u00e5ende av tio originall\u00e5tar \u00e4r av den art, att mina positiva intryck f\u00f6rtj\u00e4nar att redovisas. Kan n\u00e4mna att God\u00e9e och Beuvens komponerat lika m\u00e5nga l\u00e5tar.<\/p>\n\n\n\n<p>H\u00f6rde h\u00e4rom \u00e5ret ett set fr\u00e5n konsert p\u00e5 Nef,. Vet att f\u00f6reg\u00e5ngaren kom 2013 och att de genomf\u00f6rt flera turn\u00e9er i Europa. Kvartetten utg\u00f6rs av pianisten Eve Beuvens fr\u00e5n Belgien, Mikael God\u00e9e p\u00e5 sopransaxofon,  basisten Magnus Bergstr\u00f6m samt Johan Birgenius. De tre m\u00e4nnen \u00e4r baserade i G\u00f6teborg. Har senaste \u00e5ren h\u00f6rt dem live i ett antal kreativa, v\u00e4lk\u00e4nda konstellationer. \u00d6rebrob\u00f6rdige saxofonisten \u00e4r mest k\u00e4nd fr\u00e5n \u00c4nglaspel, Corpo och samarbete med Malvakvartetten.<\/p>\n\n\n\n<p>Efter berikande &#8221;studier&#8221; uppfattar jag att man b\u00e5de vill utmana och f\u00f6rn\u00f6ja konsumenter, genom att bege sig ut p\u00e5 sinnrika uppt\u00e4cktsf\u00e4rder. Gruppen lyckas \u00f6verlag mycket v\u00e4l i sitt upps\u00e5t. Improvisationerna bottnar i  dragningen till starka melodier. Vad de \u00e5stadkommer k\u00e4nns medvetet varsamt,  genomsyrat av en outtalad andlighet. Kvartetten har vinnlagt sig om en j\u00e4mb\u00f6rdig framtoning, vilket bidrar till att f\u00f6rst\u00e4rka deras musikaliska karisma. <\/p>\n\n\n\n<p>Utan att g\u00e5 till \u00f6verdrift och sl\u00e5 knut p\u00e5 saxofonens ljusa toner, g\u00e5r den enormt skicklige Mikael God\u00e9e l\u00e4ngst i att sprida sin aura. Fraser i omfattande sjok p\u00e5 sopransax kan (\u00e5tminstone hos mig) orsaka m\u00e4ttnadsk\u00e4nsla, \u00e4ven om det till viss del \u00e4r en vanesak. Kan \u00e4nd\u00e5 sakna  variation  fr\u00e5n andra bl\u00e5sinstrument. Lyckligtvis ger kompositionerna gott om utrymme f\u00f6r \u00f6vriga att kliva fram. Finner en h\u00f6gtidlig och finst\u00e4md h\u00e5llning i <i>Looking Forward, <\/i>vars allvar signalerar en \u00f6dmjuk respekt gentemot musik som konstform. Det f\u00f6runderliga \u00e4r att i f\u00f6rsta hand Johan Birgenius &#8211; som jag h\u00e4nryckts av vid ett tiotal tillf\u00e4llen &#8211; \u00e5tskilliga g\u00e5nger ser till att det sv\u00e4nger, h\u00e5ller grytan kokande. Tv\u00e5 skenbart motsatta syns\u00e4tt  samverkar f\u00f6red\u00f6mligt, vid n\u00e5got tillf\u00e4lle  inom samma l\u00e5t. Har f\u00f6rst\u00e5s stor beh\u00e5llning av trumslagaren ocks\u00e5 n\u00e4r hans uppdrag best\u00e5r i att vara diskret rytmkreat\u00f6r.<\/p>\n\n\n\n<figure class=\"wp-block-image\"><img loading=\"lazy\" decoding=\"async\" width=\"433\" height=\"650\" src=\"https:\/\/kulturbloggen.com\/wp-content\/uploads\/2020\/02\/Eve-Beuvens-Quartet-HD-copyright-Arnaud-Ghys-retouch-20-light.jpg\" alt=\"\" class=\"wp-image-132407\" srcset=\"https:\/\/kulturbloggen.com\/wp-content\/uploads\/2020\/02\/Eve-Beuvens-Quartet-HD-copyright-Arnaud-Ghys-retouch-20-light.jpg 433w, https:\/\/kulturbloggen.com\/wp-content\/uploads\/2020\/02\/Eve-Beuvens-Quartet-HD-copyright-Arnaud-Ghys-retouch-20-light-200x300.jpg 200w\" sizes=\"auto, (max-width: 433px) 100vw, 433px\" \/><figcaption>pressfoto Arnaud Ghys<\/figcaption><\/figure>\n\n\n\n<p>Gruppens jazziga sound skiftar p\u00e5 ett delikat s\u00e4tt. Fr\u00e5n nordiskt vemod till ystra tempo\u00f6kningar med beboppuls.  Akustiska s\u00e4ttningen \u00e4r perfekt balanserad i f\u00f6rn\u00e4mlig ljudupptagning. Den belgiske pianisten f\u00e4rgar varje l\u00e5t genom sitt mjuka anslag och sin uttrycksfulla stil. Hon \u00e4r en fena p\u00e5 att l\u00e4gga porlande melodislingor. Magnus Bergstr\u00f6ms runda, dova basg\u00e5ngar tillf\u00f6r ett beh\u00f6vligt kitt och placeras n\u00e5gra g\u00e5nger i framkant, varf\u00f6r hans nyckelroll f\u00f6rtj\u00e4nar extra ber\u00f6m.<\/p>\n\n\n\n<p>. F\u00e4ster mig vid en fascinerande mix av lyriska och sprudlande tong\u00e5ngar, dur och moll. L\u00e5tskrivarna har framg\u00e5ngsrikt gett f\u00f6ruts\u00e4ttningar f\u00f6r den m\u00e5ngf\u00f6rgrenade klangv\u00e4rld som uppst\u00e5r p\u00e5 skivan. Att alla kompositioner inte \u00e4ger samma tyngd, samma laddning, \u00e4r helt naturligt. H\u00f6r sammanh\u00e5llen musik, vars natur \u00e4nd\u00e5 till\u00e5ts vara intrikat. H\u00e4ngivenheten, samh\u00f6righeten och spelgl\u00e4djen \u00e4r p\u00e5taglig.<\/p>\n\n\n\n<p>Balladen <em>Lacy <\/em>inneh\u00e5ller precis den poetiska lyster man associerar gruppen med. H\u00e4r finns inte ov\u00e4ntat inslag av reminiscenser till legendaren Jan Garbarek. Som mest bebop l\u00e5ter det i <em>Tycho, <\/em>en av flera h\u00f6jdpunkter. En vackert slingrande melodi, med det d\u00e4r extra man alltid s\u00f6ker  har titeln <em>Nothing To Declare<\/em>. H\u00e4r tas t\u00e4ten av kvartettens underbart inspirerade \u00e5lderman p\u00e5 sitt gl\u00e4nsande beh\u00e4ndiga instrument. I de tv\u00e5 avslutande ganska l\u00e5nga l\u00e5tarna st\u00e4mmer allt. Mycket njutbart h\u00e4nder!  P\u00e5 ett f\u00f6rtjusande s\u00e4tt m\u00e4rks det lyh\u00f6rda kompets  energi och finess. <\/p>\n\n\n\n<p> <\/p>\n\n\n\n<p> <\/p>\n","protected":false},"excerpt":{"rendered":"<p>Mikael God\u00e9e\/ Eve Beuvens Quartet Looking Forward 4 Inspelad i Igloo Studios Bryssel av Daniel L\u00e9on 25-27\/2 2018 Producerad av Eve Beuvens och Mikael God\u00e9e 52:34 Releasedatum: 25\/1 2019 Trodde felaktigt att skivan \u00e4r sprillans f\u00e4rsk, d\u00e5 jag fick den nyligen tillhanda som recensionsex. Verkar ist\u00e4llet vara p\u00e5 det viset att gruppen \u00f6nskar f\u00f6rnyad uppm\u00e4rksamhet [&hellip;]<\/p>\n","protected":false},"author":34,"featured_media":0,"comment_status":"closed","ping_status":"closed","sticky":false,"template":"","format":"standard","meta":{"_genesis_hide_title":false,"_genesis_hide_breadcrumbs":false,"_genesis_hide_singular_image":false,"_genesis_hide_footer_widgets":false,"_genesis_custom_body_class":"","_genesis_custom_post_class":"","_genesis_layout":"","footnotes":""},"categories":[22],"tags":[],"class_list":{"0":"post-132387","1":"post","2":"type-post","3":"status-publish","4":"format-standard","6":"category-skivor","7":"entry"},"_links":{"self":[{"href":"https:\/\/kulturbloggen.com\/index.php?rest_route=\/wp\/v2\/posts\/132387","targetHints":{"allow":["GET"]}}],"collection":[{"href":"https:\/\/kulturbloggen.com\/index.php?rest_route=\/wp\/v2\/posts"}],"about":[{"href":"https:\/\/kulturbloggen.com\/index.php?rest_route=\/wp\/v2\/types\/post"}],"author":[{"embeddable":true,"href":"https:\/\/kulturbloggen.com\/index.php?rest_route=\/wp\/v2\/users\/34"}],"replies":[{"embeddable":true,"href":"https:\/\/kulturbloggen.com\/index.php?rest_route=%2Fwp%2Fv2%2Fcomments&post=132387"}],"version-history":[{"count":9,"href":"https:\/\/kulturbloggen.com\/index.php?rest_route=\/wp\/v2\/posts\/132387\/revisions"}],"predecessor-version":[{"id":132412,"href":"https:\/\/kulturbloggen.com\/index.php?rest_route=\/wp\/v2\/posts\/132387\/revisions\/132412"}],"wp:attachment":[{"href":"https:\/\/kulturbloggen.com\/index.php?rest_route=%2Fwp%2Fv2%2Fmedia&parent=132387"}],"wp:term":[{"taxonomy":"category","embeddable":true,"href":"https:\/\/kulturbloggen.com\/index.php?rest_route=%2Fwp%2Fv2%2Fcategories&post=132387"},{"taxonomy":"post_tag","embeddable":true,"href":"https:\/\/kulturbloggen.com\/index.php?rest_route=%2Fwp%2Fv2%2Ftags&post=132387"}],"curies":[{"name":"wp","href":"https:\/\/api.w.org\/{rel}","templated":true}]}}