{"id":13211,"date":"2009-09-26T22:50:32","date_gmt":"2009-09-26T20:50:32","guid":{"rendered":"http:\/\/kulturbloggen.com\/?p=13211"},"modified":"2009-09-26T22:50:32","modified_gmt":"2009-09-26T20:50:32","slug":"svenska-regerande-fotbollsvarldsmastarna-foll-mot-norge","status":"publish","type":"post","link":"https:\/\/kulturbloggen.com\/?p=13211","title":{"rendered":"Svenska regerande fotbollsv\u00e4rldsm\u00e4starna f\u00f6ll mot Norge"},"content":{"rendered":"<p><img loading=\"lazy\" decoding=\"async\" src=\"http:\/\/sodergren.com\/kulturbloggen\/wp-content\/uploads\/2009\/09\/fotboll-051.jpg\" alt=\"fotboll 051\" title=\"fotboll 051\" width=\"300\" height=\"225\" class=\"aligncenter size-full wp-image-13216\" \/><br \/>\nDet norska f\u00f6rfattarlandslaget besegrade det svenska f\u00f6rfattarlandslaget i en fotbollslandskamp p\u00e5 Heden i G\u00f6teborg med 3-1.<br \/>\nVi kultur- och bokbloggare som s\u00e5g matchen tippar att kanske det svenska f\u00f6rfattarlandslaget varit mer aktiva i montrarna och alla seminarier under Bokm\u00e4ssan.<br \/>\n&#8211; Jo, det \u00e4r nog anledningen, h\u00f6ll den stackars svenska m\u00e5lvakten med om, som sl\u00e4ppte in tre m\u00e5l varav tv\u00e5 var p\u00e5 straff.<\/p>\n<p>Det hj\u00e4lpte inte att det svenska lagets lagkapten Fredrik Ekelund \u00e4r en bollkonstn\u00e4r av h\u00f6g rang. Norrm\u00e4nnen var nog lite b\u00e4ttre.<\/p>\n<p>Det finns tio f\u00f6rfattarlandslag i fotboll, allts\u00e5 f\u00f6rfattare fr\u00e5n ett land som bildar ett landslag och f\u00f6r tillf\u00e4llet \u00e4r faktiskt det svenska landslaget v\u00e4rldsm\u00e4stare. Senast det svenska laget m\u00f6tte det norska blev det allts\u00e5 svensk seger. 1-3-f\u00f6rlusten p\u00e5 Bokm\u00e4ssan var den f\u00f6rsta f\u00f6rlusten f\u00f6r det svenska laget som ocks\u00e5 \u00e5kte p\u00e5 tre andra tr\u00e5kigheter.  Tre av spelarna skadade sig. Tomas Bodstr\u00f6m, tidigare minister, spelade sin andra match i det svenska f\u00f6rfattarlaget, och han str\u00e4ckte h\u00f6ger l\u00e5rmuskel illa.<\/p>\n<p>&#8211; Usch, det kommer att ta l\u00e5ng tid innan jag kan spela igen, sade Bodstr\u00f6m till Kulturbloggen.<\/p>\n<p>Pontus Lindh, poet och lagets coach f\u00f6r kv\u00e4llens match rodde dock att Bodstr\u00f6m snart ska vara tillbaka i laget:<br \/>\n&#8211; Han \u00e4r av segt virke, sade Pontus Lindh.<\/p>\n<p>Kulturbloggen som har ett f\u00f6rflutet som sportjournalist tyckte det var j\u00e4ttekul att avsluta sitt bes\u00f6k p\u00e5 \u00e5rets bokm\u00e4ssa med att se en fotbollsmatch. Det var f\u00f6r \u00f6vrigt premi\u00e4r f\u00f6r landslagsfotboll i samband med bokm\u00e4ssan.<\/p>\n<p>Norge tog ledningen i f\u00f6rsta halvlek med ett m\u00e5l av \u00d6yvind Saether. Inte helt or\u00e4ttvist, \u00e4ven om Bodstr\u00f6m hade ett skott mot m\u00e5l (r\u00e4tt svagt) s\u00e5 dominerade norrm\u00e4nnen f\u00f6rsta halvlek. I andra halvlek kom det svenska laget ig\u00e5ng b\u00e4ttre och fick till ett par farligheter framf\u00f6r norska m\u00e5let, som kunde blivit m\u00e5l.<br \/>\nUnder ett anfall blev en svensk anfallare nerdragen i straffomr\u00e5det och straffen sattes mitt i prick och de bl\u00e5gula hade kvitterat till 1-1.<\/p>\n<p>Tr\u00e5kigt nog ur bl\u00e5gul vinkel n\u00f6jde sig inte norrm\u00e4nnen utan de l\u00e5g p\u00e5 och kanske inte helt or\u00e4ttvist fick de ihop tv\u00e5 straffar som Oddmund F Vaggsholm s\u00e4kert n\u00e4tade bakom den svenske m\u00e5lvakten Magnus Sj\u00f6holm.<\/p>\n<p>&#8211; Det \u00e4r bara att s\u00e4ga grattis till Norge. De var det b\u00e4ttre laget, det \u00e4r inget att s\u00e4ga om det, sade lagkaptenen och Malm\u00f6f\u00f6rfattaren Fredrik Ekelund n\u00e4r han efter matchen intervjuades av norsk tv (jag vet inte vad det var f\u00f6r slags tv-kanal, men en stor tv-kamera var det och en norsk kvinnlig reporter st\u00e4llde fr\u00e5gorna).<\/p>\n<p>Det svenska laget ska spela f\u00f6rfattarfotbolls-VM n\u00e4sta \u00e5r. Det g\u00e5r i  en liten ort utanf\u00f6r tyska staden Essen i samband med en kulturfestival.<\/p>\n<p>Fredrik Ekelund har varit lagkapten f\u00f6r det svenska f\u00f6rfattarlandslaget sedan det bildades f\u00f6r fem \u00e5r sedan. S\u00e5som f\u00f6rfattare till boken &#8221;Sambafotboll&#8221; \u00e4r han f\u00f6rst\u00e5s ganska given p\u00e5 den positionen. Han ber\u00e4ttade att han \u00e5ker till Brasilien tv\u00e5 g\u00e5nger om \u00e5ret f\u00f6r att se, uppleva och spela fotboll d\u00e4r. Hans bok &#8221;Sambafotboll&#8221; ska f\u00f6rresten komma ut i en ny version i samband med fotbolls-VM i Brasilien om fem \u00e5r.<\/p>\n<p><a href=\"http:\/\/www.forfattarlandslaget.se\/\">Det svenska f\u00f6rfattarlandslagets hemsida.<\/a><\/p>\n<p><a href=\"http:\/\/www.enannansida.se\/bok\/\">Petra, som bloggar p\u00e5 En annan sida<\/a>, var ocks\u00e5 med och kollade f\u00f6rfattarfotbollen. Hon kommer ocks\u00e5 att blogga om det. Jag l\u00e4gger in direkt l\u00e4nken dit n\u00e4r hennes inl\u00e4gg kommit ut.<\/p>\n<p>L\u00e4s \u00e4ven andra bloggares \u00e5sikter om <a href=\"http:\/\/bloggar.se\/om\/fotboll\" rel=\"tag\">fotboll<\/a>, <a href=\"http:\/\/bloggar.se\/om\/bokm%E4ssan\" rel=\"tag\">bokm\u00e4ssan<\/a>, <a href=\"http:\/\/bloggar.se\/om\/f%F6rfattare\" rel=\"tag\">f\u00f6rfattare<\/a>, <a href=\"http:\/\/bloggar.se\/om\/Norge\" rel=\"tag\">Norge<\/a>, <a href=\"http:\/\/bloggar.se\/om\/Tomas+Bodstr%F6m\" rel=\"tag\">Tomas Bodstr\u00f6m<\/a>, <a href=\"http:\/\/bloggar.se\/om\/Fredrik+Ekelund\" rel=\"tag\">Fredrik Ekelund<\/a><\/p>\n","protected":false},"excerpt":{"rendered":"<p>Det norska f\u00f6rfattarlandslaget besegrade det svenska f\u00f6rfattarlandslaget i en fotbollslandskamp p\u00e5 Heden i G\u00f6teborg med 3-1. Vi kultur- och bokbloggare som s\u00e5g matchen tippar att kanske det svenska f\u00f6rfattarlandslaget varit mer aktiva i montrarna och alla seminarier under Bokm\u00e4ssan. &#8211; Jo, det \u00e4r nog anledningen, h\u00f6ll den stackars svenska m\u00e5lvakten med om, som sl\u00e4ppte in [&hellip;]<\/p>\n","protected":false},"author":2,"featured_media":0,"comment_status":"open","ping_status":"open","sticky":false,"template":"","format":"standard","meta":{"_genesis_hide_title":false,"_genesis_hide_breadcrumbs":false,"_genesis_hide_singular_image":false,"_genesis_hide_footer_widgets":false,"_genesis_custom_body_class":"","_genesis_custom_post_class":"","_genesis_layout":"","footnotes":""},"categories":[3],"tags":[783,1919,12292,4032],"class_list":{"0":"post-13211","1":"post","2":"type-post","3":"status-publish","4":"format-standard","6":"category-litteratur","7":"tag-bokmassan","8":"tag-forfattare","9":"tag-fotboll-sport-nyheter","10":"tag-norge","11":"entry"},"_links":{"self":[{"href":"https:\/\/kulturbloggen.com\/index.php?rest_route=\/wp\/v2\/posts\/13211","targetHints":{"allow":["GET"]}}],"collection":[{"href":"https:\/\/kulturbloggen.com\/index.php?rest_route=\/wp\/v2\/posts"}],"about":[{"href":"https:\/\/kulturbloggen.com\/index.php?rest_route=\/wp\/v2\/types\/post"}],"author":[{"embeddable":true,"href":"https:\/\/kulturbloggen.com\/index.php?rest_route=\/wp\/v2\/users\/2"}],"replies":[{"embeddable":true,"href":"https:\/\/kulturbloggen.com\/index.php?rest_route=%2Fwp%2Fv2%2Fcomments&post=13211"}],"version-history":[{"count":0,"href":"https:\/\/kulturbloggen.com\/index.php?rest_route=\/wp\/v2\/posts\/13211\/revisions"}],"wp:attachment":[{"href":"https:\/\/kulturbloggen.com\/index.php?rest_route=%2Fwp%2Fv2%2Fmedia&parent=13211"}],"wp:term":[{"taxonomy":"category","embeddable":true,"href":"https:\/\/kulturbloggen.com\/index.php?rest_route=%2Fwp%2Fv2%2Fcategories&post=13211"},{"taxonomy":"post_tag","embeddable":true,"href":"https:\/\/kulturbloggen.com\/index.php?rest_route=%2Fwp%2Fv2%2Ftags&post=13211"}],"curies":[{"name":"wp","href":"https:\/\/api.w.org\/{rel}","templated":true}]}}