{"id":132063,"date":"2020-01-27T19:02:43","date_gmt":"2020-01-27T17:02:43","guid":{"rendered":"https:\/\/kulturbloggen.com\/?p=132063"},"modified":"2020-01-27T19:02:45","modified_gmt":"2020-01-27T17:02:45","slug":"ulf-lundell-ger-sig-ut-pa-turne","status":"publish","type":"post","link":"https:\/\/kulturbloggen.com\/?p=132063","title":{"rendered":"Ulf Lundell ger sig ut p\u00e5 turn\u00e9"},"content":{"rendered":"<p><img loading=\"lazy\" decoding=\"async\" class=\"aligncenter size-full wp-image-132066\" src=\"https:\/\/kulturbloggen.com\/wp-content\/uploads\/2020\/01\/unnamed-13.jpg\" alt=\"\" width=\"238\" height=\"337\" srcset=\"https:\/\/kulturbloggen.com\/wp-content\/uploads\/2020\/01\/unnamed-13.jpg 238w, https:\/\/kulturbloggen.com\/wp-content\/uploads\/2020\/01\/unnamed-13-212x300.jpg 212w\" sizes=\"auto, (max-width: 238px) 100vw, 238px\" \/><\/p>\n<p>Ulf Lundell ger sig ut p\u00e5 turn\u00e9. I ett pressmail skriver han sj\u00e4lv om turn\u00e9n:<\/p>\n<p>Tack f\u00f6r 2019 och tack f\u00f6r uppslutningen p\u00e5 julgigen p\u00e5 Berns 22, 23 december!<br \/>\nNu, \u00e4ntligen, \u00e4r helgerna \u00f6ver, det \u00e4r Vardag igen.<br \/>\noxveckor och fattigm\u00e5nad. Men ljusare om mornarna och ljusare om kv\u00e4llarna eller iallafall vid fyra halv fem. Det tar sej. Snart kommer l\u00e4rkan, snart kommer tranorna.<br \/>\nS\u00e5 varf\u00f6r inte en sommarturn\u00e9 till n\u00e4r vi \u00e4r ig\u00e5ng?<br \/>\nJag tror vi b\u00f6rjar i Kiruna. D\u00e4r har jag spelat en g\u00e5ng innan. Om man tror sej vara en stor m\u00e4nskovarelse eller artist ska man s\u00e4tta upp en scen i det landskapet d\u00e4ruppe s\u00e5 \u00e5terg\u00e5r man omg\u00e5ende till \u00f6dmjukare storlekar. M\u00e4ktigt m\u00e4ktigt. Till Norge ocks\u00e5 och lite \u00f6verallt.<br \/>\nHoppas vi slipper \u00e5ka i Dolly Partons buss som vi gjorde sommar 10. Den var i budoirigaste laget, r\u00f6tt och glitter och ljuskrona och badkar. Men man vet aldrig.<br \/>\nSt\u00e5r ni p\u00e5 benen s\u00e5 st\u00e5r vi p\u00e5 benen. Min ambition \u00e4r som alltid p\u00e5 repetitionerna, att komma ner till 2.15 max. Hittills har det inte funkat, men det sitter n\u00e5n p\u00e5 min axel och viskar: vet du hur gammal du \u00e4r, grabben?<br \/>\nJag ser att, som det ser ut f\u00f6r dagen, vi slutar i den legendariska ladan i Mariebergsskogen, Karlstad. P\u00e5 den scenen har The Who och allt m\u00f6jligt spelat och Jimi Hendrix. Han hade, tro det eller ej, ett sj\u00f6lejon som f\u00f6rband. Det kommer inte vi att ha. Det blir extremt tr\u00e5ngt och bullrigt, men det f\u00e5r bli en hyllning till hela rock- och pophistorien, p\u00e5 n\u00e5got s\u00e4tt. Bara att tr\u00e4nga in dagen i den g\u00e5rdagen f\u00e5r anses vara hyllning nog. Och allt d\u00e4r emellan. Det blir v\u00e4ldigt ljust i Kiruna och det l\u00e4r blir magiskt augustim\u00f6rkt i Karlstad. Och skrikande tornsvalor \u00f6ver ruinen i Borgholm och allt m\u00f6jligt. Lika bra att b\u00f6rja skruva p\u00e5 en l\u00e5tlista. L\u00e5t oss g\u00f6ra en enk\u00e4t: p\u00e5 rockhead ulflundell.com kan f\u00f6resl\u00e5s: dom h\u00e4r m\u00e5ste ni spela, dom h\u00e4r f\u00e5r ni absolut inte spela, vi har h\u00f6rt dom till leda. Det kan blir en sk\u00e4rmytsling av diverse k\u00e4nslo\u00f6verslag och delade smaker!<\/p>\n<p>See you!<\/p>\n<p>Ulf Lundell<\/p>\n<p>Turn\u00e9datum<br \/>\n27.6 &#8211; Kiruna, Kirunafestivalen<br \/>\n10.7 &#8211; Fredrikstad, Hvaler Gjestgiveri<br \/>\n11.7 &#8211; T\u00f8nsberg, Foynhagen<br \/>\n14.7 &#8211; F\u00e5r\u00f6, Stora G\u00e5semora G\u00e5rd<br \/>\n16.7 &#8211; \u00d6sterlen, Kronovalls Vinslott<br \/>\n17.7 &#8211; G\u00e4vle, Furuvik<br \/>\n24.7 &#8211; H\u00f6ga Kusten, Naturscen Skuleberget<br \/>\n25.7 &#8211; Ume\u00e5, Skeppsbron<br \/>\n29.7 &#8211; R\u00e4ttvik, Dalhalla<br \/>\n31.7 &#8211; Borgholm, Borgholms Slottsruin<br \/>\n1.8 &#8211; Malm\u00f6, Folkets Park<br \/>\n7.8 &#8211; G\u00f6teborg, Tr\u00e4dg\u00e5rdsf\u00f6reningen<br \/>\n14.8 &#8211; Stockholm, Skansen<br \/>\n15.8 &#8211; Link\u00f6ping, Borgg\u00e5rden<br \/>\n21.8 &#8211; Karlstad, Mariebergsskogen<br \/>\n22.8 &#8211; Uppsala, Fyrishov<br \/>\n28.8 &#8211; Ronneby, Brunnsparken<br \/>\n29.8 &#8211; Lindesberg, Lindesberg Arena<\/p>\n","protected":false},"excerpt":{"rendered":"<p>Ulf Lundell ger sig ut p\u00e5 turn\u00e9. I ett pressmail skriver han sj\u00e4lv om turn\u00e9n: Tack f\u00f6r 2019 och tack f\u00f6r uppslutningen p\u00e5 julgigen p\u00e5 Berns 22, 23 december! Nu, \u00e4ntligen, \u00e4r helgerna \u00f6ver, det \u00e4r Vardag igen. oxveckor och fattigm\u00e5nad. Men ljusare om mornarna och ljusare om kv\u00e4llarna eller iallafall vid fyra halv fem. [&hellip;]<\/p>\n","protected":false},"author":13,"featured_media":0,"comment_status":"closed","ping_status":"closed","sticky":false,"template":"","format":"standard","meta":{"_genesis_hide_title":false,"_genesis_hide_breadcrumbs":false,"_genesis_hide_singular_image":false,"_genesis_hide_footer_widgets":false,"_genesis_custom_body_class":"","_genesis_custom_post_class":"","_genesis_layout":"","footnotes":""},"categories":[7,13624],"tags":[],"class_list":{"0":"post-132063","1":"post","2":"type-post","3":"status-publish","4":"format-standard","6":"category-musik","7":"category-toppnytt","8":"entry"},"_links":{"self":[{"href":"https:\/\/kulturbloggen.com\/index.php?rest_route=\/wp\/v2\/posts\/132063","targetHints":{"allow":["GET"]}}],"collection":[{"href":"https:\/\/kulturbloggen.com\/index.php?rest_route=\/wp\/v2\/posts"}],"about":[{"href":"https:\/\/kulturbloggen.com\/index.php?rest_route=\/wp\/v2\/types\/post"}],"author":[{"embeddable":true,"href":"https:\/\/kulturbloggen.com\/index.php?rest_route=\/wp\/v2\/users\/13"}],"replies":[{"embeddable":true,"href":"https:\/\/kulturbloggen.com\/index.php?rest_route=%2Fwp%2Fv2%2Fcomments&post=132063"}],"version-history":[{"count":3,"href":"https:\/\/kulturbloggen.com\/index.php?rest_route=\/wp\/v2\/posts\/132063\/revisions"}],"predecessor-version":[{"id":132067,"href":"https:\/\/kulturbloggen.com\/index.php?rest_route=\/wp\/v2\/posts\/132063\/revisions\/132067"}],"wp:attachment":[{"href":"https:\/\/kulturbloggen.com\/index.php?rest_route=%2Fwp%2Fv2%2Fmedia&parent=132063"}],"wp:term":[{"taxonomy":"category","embeddable":true,"href":"https:\/\/kulturbloggen.com\/index.php?rest_route=%2Fwp%2Fv2%2Fcategories&post=132063"},{"taxonomy":"post_tag","embeddable":true,"href":"https:\/\/kulturbloggen.com\/index.php?rest_route=%2Fwp%2Fv2%2Ftags&post=132063"}],"curies":[{"name":"wp","href":"https:\/\/api.w.org\/{rel}","templated":true}]}}