{"id":131764,"date":"2020-01-19T23:01:26","date_gmt":"2020-01-19T21:01:26","guid":{"rendered":"https:\/\/kulturbloggen.com\/?p=131764"},"modified":"2020-01-20T14:11:11","modified_gmt":"2020-01-20T12:11:11","slug":"overraskande-vinnare-pa-attitydmaxad-gala-p3-guld","status":"publish","type":"post","link":"https:\/\/kulturbloggen.com\/?p=131764","title":{"rendered":"\u00d6verraskande vinnare p\u00e5 attitydmaxad gala &#8211; P3 Guld"},"content":{"rendered":"\n<figure class=\"wp-block-image\"><img loading=\"lazy\" decoding=\"async\" width=\"650\" height=\"433\" src=\"https:\/\/kulturbloggen.com\/wp-content\/uploads\/2020\/01\/R9A3868.jpg\" alt=\"\" class=\"wp-image-131765\" srcset=\"https:\/\/kulturbloggen.com\/wp-content\/uploads\/2020\/01\/R9A3868.jpg 650w, https:\/\/kulturbloggen.com\/wp-content\/uploads\/2020\/01\/R9A3868-300x200.jpg 300w\" sizes=\"auto, (max-width: 650px) 100vw, 650px\" \/><figcaption>Snoh Alegra &#8211; foto Mattias Ahlm\/ Sveriges Radio<\/figcaption><\/figure>\n\n\n\n<p>Kr\u00f6nika om P3 Guld <\/p>\n\n\n\n<p>Partille Arena 18\/1 2020   (direkts\u00e4ndes i SVT och P3)  <\/p>\n\n\n\n<p>Att branschen hajpar galan \u00e4r ett obestridligt faktum. Den som ska vara till f\u00f6r de artister\/ grupper som under \u00e5ret varit popul\u00e4rast i Riksradions ungdomskanal och samtidigt  spegla det inhemska utbudet. M\u00e4rks n\u00e4r man bevakar p\u00e5 plats, att galan slukar mycket resurser p\u00e5 SVT och Sveriges Radio. P\u00e5 fredagskv\u00e4llen k\u00f6rdes soundcheck och man repeterade.  Mot den bakgrunden vore det h\u00f6geligen intressant att f\u00e5 reda p\u00e5 hur m\u00e5nga procent i avsedd m\u00e5lgrupp, som bryr sig s\u00e5 pass mycket att de  tar del av uts\u00e4ndningen, live eller i efterhand.  Har tyv\u00e4rr  inga siffror tillg\u00e4ngliga. Extra intressant att fundera p\u00e5 nu n\u00e4r det beslutats om bantning av P3.<\/p>\n\n\n\n<p>   Som vanligt \u00e5ker man l\u00e4mpligast till evenemanget med partybussar fr\u00e5n G\u00f6teborg C. V\u00e5r v\u00e4rd hade quiz p\u00e5 temat ledmotiv till teveserier fr\u00e5n 80- och 90-tal. Logistiken fungerade fint i b\u00e5da riktningarna. D\u00e4remot blev f\u00f6rfesten p\u00e5 Partille arena t\u00e4mligen avslagen, p\u00e5 grund av att liveakter saknades i \u00e5r. M\u00e5nga fans passade ist\u00e4llet p\u00e5 att besk\u00e5da k\u00e4ndisar p\u00e5 r\u00f6da mattan. D\u00e4rut\u00f6ver fanns n\u00e5gra oansenliga pr\u00f6va p\u00e5- aktiviteter, men v\u00e4ntan tills platsen p\u00e5 l\u00e4karen skulle intas blev l\u00e5ng. Jag f\u00f6rdrev tiden genom att titta p\u00e5 tevesk\u00e4rm som visade Premier League, i intilliggande John Scotts. <\/p>\n\n\n\n<figure class=\"wp-block-image\"><img loading=\"lazy\" decoding=\"async\" width=\"650\" height=\"433\" src=\"https:\/\/kulturbloggen.com\/wp-content\/uploads\/2020\/01\/R9A4378.jpg\" alt=\"\" class=\"wp-image-131770\" srcset=\"https:\/\/kulturbloggen.com\/wp-content\/uploads\/2020\/01\/R9A4378.jpg 650w, https:\/\/kulturbloggen.com\/wp-content\/uploads\/2020\/01\/R9A4378-300x200.jpg 300w\" sizes=\"auto, (max-width: 650px) 100vw, 650px\" \/><figcaption>Miriam Bryant &#8211; foto Mattias Ahlm\/ Sveriges Radio<\/figcaption><\/figure>\n\n\n\n<p>Vad som kallas &#8221;en hyllning till svensk musik&#8221; hade i \u00e5r n\u00f6jt sig med en programledare. Kodjo Akolor v\u00e4rmde upp publiken precis f\u00f6re s\u00e4ndningen med genomdrag av alls\u00e5ng till klatschig koreografi. Minns inte riktigt hur inslaget sedan stoppades in i programmet. Visst \u00e4r Akolor ett proffs, en p\u00e5l\u00e4st v\u00e4rd som exalterad tillf\u00f6r energi. Men min \u00e5sikt \u00e4r att det var on\u00f6digt mycket fokus p\u00e5 hans person, vars egoboost emellan\u00e5t balanserades av en smula sj\u00e4lvironi.<\/p>\n\n\n\n<p> Tasksparken mot TV4-Malou och Arga snickaren var f\u00e5nigt f\u00f6ruts\u00e4gbar  och sk\u00e4mtet om termosbomber direkt osmakligt. Typiskt d\u00e5 att enda kontroversen efter\u00e5t, handlade om hur Matilda &#8221;Mattis&#8221; \u00c5restad fr\u00e5n Arre! Arre! avslutade sitt tacktal. Hennes attack p\u00e5 Jimmie \u00c5kesson klandrades som ni kunnat l\u00e4sa, omg\u00e5ende fr\u00e5n arrang\u00f6rsh\u00e5ll.  N\u00e4r jag skulle tillbaka till G\u00f6teborg med destination efterfesten p\u00e5 Park, v\u00e4ntade jag p\u00e5 transport tillsammans med det rebelliska metal-g\u00e4nget. Missade chansen att dryfta vad som blev \u00e5rets snackis. Ska till\u00e4gga att det omixade ljudet p\u00e5 plats l\u00e5ter skarpt, framf\u00f6r allt mycket diskant n\u00e4r folk talar i mikrofon i hetsigt tonl\u00e4ge.<\/p>\n\n\n\n<figure class=\"wp-block-image\"><img loading=\"lazy\" decoding=\"async\" width=\"636\" height=\"650\" src=\"https:\/\/kulturbloggen.com\/wp-content\/uploads\/2020\/01\/37A0259.jpg\" alt=\"\" class=\"wp-image-131778\" srcset=\"https:\/\/kulturbloggen.com\/wp-content\/uploads\/2020\/01\/37A0259.jpg 636w, https:\/\/kulturbloggen.com\/wp-content\/uploads\/2020\/01\/37A0259-294x300.jpg 294w\" sizes=\"auto, (max-width: 636px) 100vw, 636px\" \/><figcaption>Arre! Arre! &#8211; foto Henrik Brunng\u00e5rd \/ Sveriges Radio<\/figcaption><\/figure>\n\n\n\n<p>L\u00e5t mig p\u00e5st\u00e5 utan noggrann genomg\u00e5ng att 3\/4 av de nominerade j\u00e4mte liveakter var helt ok\u00e4nda f\u00f6r mig. Vet inte om det s\u00e4ger mest om mig eller om ungdomsradions vurm f\u00f6r nya artister\/ grupper. Erk\u00e4nner att jag huvudsakligen lyssnar p\u00e5 andra sorters musik, men borde \u00e4nd\u00e5 ha b\u00e4ttre koll genom att jag \u00e5rligen bevakar WOW.  Enligt uppgift fr\u00e5n kollega lade oberoende bolag  beslag p\u00e5 priset i sju av nio klasser, vilket ju \u00e4r en uppmuntrande trend f\u00f6r talanger.  Live fanns tv\u00e5 veteraner, n\u00e4mligen skoningsl\u00f6st h\u00e5rdsl\u00e5ende Refused och hiphop-ambassad\u00f6ren Timbuktu. Tv\u00e5  kvinnor har p\u00e5 knappt fem \u00e5r uppn\u00e5tt veteranstatus i dylika sammanhang.  T\u00e4nker f\u00f6rst\u00e5s p\u00e5 Miriam Bryant och Molly Sand\u00e9n.<\/p>\n\n\n\n<figure class=\"wp-block-image\"><img loading=\"lazy\" decoding=\"async\" width=\"650\" height=\"433\" src=\"https:\/\/kulturbloggen.com\/wp-content\/uploads\/2020\/01\/8a32d0c7e5713cbe_800x800ar.jpg\" alt=\"\" class=\"wp-image-131805\" srcset=\"https:\/\/kulturbloggen.com\/wp-content\/uploads\/2020\/01\/8a32d0c7e5713cbe_800x800ar.jpg 650w, https:\/\/kulturbloggen.com\/wp-content\/uploads\/2020\/01\/8a32d0c7e5713cbe_800x800ar-300x200.jpg 300w\" sizes=\"auto, (max-width: 650px) 100vw, 650px\" \/><figcaption>Molly Sand\u00e9n &#8211; foto Mattias Ahlm\/ Sveriges Radio<\/figcaption><\/figure>\n\n\n\n<p>Molly Sand\u00e9n b\u00e5de invigde tillst\u00e4llningen och t\u00e4vlade i flera klasser.  Blev ju  flerfaldigt bel\u00f6nad. Uppenbart hur mycket det betyder f\u00f6r henne, nu n\u00e4r hon i l\u00e5tskrivandet inriktat sig p\u00e5 personliga utgjutelser, som verkar f\u00f6rorsaka lika mycket \u00e5ngest som kraft. <em>&#8221;Tack f\u00f6r att ni st\u00e5r ut med mitt k\u00e4nslokaos.&#8221;<\/em> Aprop\u00e5 Guldmicken kan meddelas att jag s\u00e5g hennes spelning p\u00e5 Liseberg i somras. Helt okej gig som lockade stor folkmassa, men platsar inte p\u00e5 min 100-b\u00e4sta lista. Tror hon kan bidra till \u00f6kat sj\u00e4lvf\u00f6rtroende hos ton\u00e5rstjejer,  i s\u00e5 fall  en ber\u00f6mv\u00e4rd bedrift. Sympatiskt att hon p\u00e5 P3 Guld bifogar ett volymsvagt intro fr\u00e5n cellist och keyboard.  L\u00e5ten  smart uppbyggd med hookig refr\u00e4ng, sedvanligt f\u00f6rst\u00e4rkt av drumpad.  <\/p>\n\n\n\n<figure class=\"wp-block-image\"><img loading=\"lazy\" decoding=\"async\" width=\"650\" height=\"433\" src=\"https:\/\/kulturbloggen.com\/wp-content\/uploads\/2020\/01\/R9A4014.jpg\" alt=\"\" class=\"wp-image-131791\" srcset=\"https:\/\/kulturbloggen.com\/wp-content\/uploads\/2020\/01\/R9A4014.jpg 650w, https:\/\/kulturbloggen.com\/wp-content\/uploads\/2020\/01\/R9A4014-300x200.jpg 300w\" sizes=\"auto, (max-width: 650px) 100vw, 650px\" \/><figcaption>Refused &#8211; Mattias Ahlm\/ Sveriges Radio<\/figcaption><\/figure>\n\n\n\n<p>Rock f\u00f6rekommer ganska sparsamt p\u00e5 denna ungdomliga gala, inget undantag i \u00e5r. P\u00e5litliga popcharm\u00f6ren Miriam Bryant hade inte bara tillg\u00e5ng till tre syntsk\u00f6tare. Hade som ni s\u00e5g ocks\u00e5 inkluderat en elgitarrist som hoppade fram och drog ett solo. Levererade En pigg popd\u00e4nga i optimistisk anda levererades, kanske lite baktung. Trodde att jag skulle gilla comebackande Refused. Hardcorebandet fr\u00e5n Ume\u00e5 med energiske frontmannen Dennis Lyxz\u00e9n (h\u00f6rt honom live ett par g\u00e5nger i andra  konstellationer) blev emellertid en besvikelse.  Deras skoningsl\u00f6sa sound med bankande trummis och statiska riff gick inte hem hos mig. R\u00e4cker inte med kopi\u00f6st larmig ljudmatta och rundg\u00e5ng om inte l\u00e5ten sticker ut. <\/p>\n\n\n\n<p>Stor andel av musikinslagen och priskategorierna \u00e4r som bekant av den karakt\u00e4r, att de platsar hos Mats Nilesk\u00e4r (satt fem meter ifr\u00e5n mig) i <em>Soul Corner. <\/em>En skapligt medryckande l\u00e5t med p\u00e5kostad scenografi var <em>Br\u00e5kmakargatan<\/em>. Lustigt att se den f\u00f6r mig obekanta storv\u00e4xta Ozzy tillsammans med Timbuktu. Kul att publiken h\u00e4ngde p\u00e5 och viftade fr\u00e5n sida till sida. Prisade Dree Low &amp; Einar f\u00f6rv\u00e5nade med att i <em>Dag Hammarskj\u00f6ld <\/em>rimma p\u00e5 v\u00e4rdekonstant. Sannolikt hade duon enats om en id\u00e9 som skulle motverka hiphoppares  rykte, avseende vad de rappar om. G\u00e4rna mer s\u00e5dana initiativ! Att Einar tar hem kategorin \u00c5rets l\u00e5t med tillbakalutat beat g\u00f6r mig f\u00f6rbryllad. Varf\u00f6r? Jo, det \u00e4r obegripligt och obehagligt att ungdomarna har r\u00f6stat fram denna torftiga, tvivelaktiga text. Inte v\u00e4sensskild fr\u00e5n den genomvidriga, sexistiska dynga till l\u00e5ttext ocks\u00e5 signerad Einar, som en privatperson hade publicerat f\u00f6r k\u00e4nnedom p\u00e5 P3 Gulds facebooksida. Puerila provokationer tycks vara hans varum\u00e4rke.<\/p>\n\n\n\n<figure class=\"wp-block-image\"><img loading=\"lazy\" decoding=\"async\" width=\"650\" height=\"433\" src=\"https:\/\/kulturbloggen.com\/wp-content\/uploads\/2020\/01\/R9A4532.jpg\" alt=\"\" class=\"wp-image-131798\" srcset=\"https:\/\/kulturbloggen.com\/wp-content\/uploads\/2020\/01\/R9A4532.jpg 650w, https:\/\/kulturbloggen.com\/wp-content\/uploads\/2020\/01\/R9A4532-300x200.jpg 300w\" sizes=\"auto, (max-width: 650px) 100vw, 650px\" \/><figcaption>Dree Low &amp; Einar &#8211; foto Mattias Ahlm\/ Sveriges Radio<\/figcaption><\/figure>\n\n\n\n<p><\/p>\n\n\n\n<p>St\u00f6rsta beh\u00e5llningen var tvekl\u00f6st Snoh Alegra fr\u00e5n Enk\u00f6ping, numera bosatt i L.A. En dam som till utseendet p\u00e5minde om Sad\u00e9 och i musiken om Jill Scott. Har man haft Prince som mentor och uppm\u00e4rksammats av Obama, borde f\u00f6ruts\u00e4ttningar finns f\u00f6r en global karri\u00e4r, \u00e4ven om konkurrensen \u00e4r stenh\u00e5rd. Enda att beklaga med hennes tunga, luftiga melodi och sofistikerade soulfunk: att den inte fick p\u00e5g\u00e5 l\u00e4ngre. En f\u00f6r mig lika ok\u00e4nd f\u00f6rm\u00e5ga lystrade till namnet Winona Oak. I mina \u00f6ron en lovande artist vars egna profil det beh\u00f6ver slipas ytterligare p\u00e5. <\/p>\n\n\n\n<p> Viktor Leksell tillh\u00f6rde skaran av nominerade och liveartister som r\u00f6nte markant bifall hos den unga publiken. Gjorde absolut inget best\u00e5ende intryck med sin mj\u00e4liga dussinpop \u00e1 la Justin Bieber. \u00c5 andra sidan \u00e4r jag helt fel m\u00e5lgrupp. GAMMAL feat Peg Parnevik sist ut, framstod som ganska trist och anonym schlagerpop. Tror flera delade min uppfattning, eftersom m\u00e5nga l\u00e4mnade arenan n\u00e4r de h\u00f6ll ig\u00e5ng med  dansare som skymde sikten.  Att publik \u00f6vergav sina platser d\u00e5 kan ocks\u00e5 bero p\u00e5 att detta vara galans sista inslag och de bilburna ville slippa k\u00f6er.<\/p>\n\n\n\n<figure class=\"wp-block-image\"><img loading=\"lazy\" decoding=\"async\" width=\"650\" height=\"433\" src=\"https:\/\/kulturbloggen.com\/wp-content\/uploads\/2020\/01\/bbb6d77b2529f99b_800x800ar.jpg\" alt=\"\" class=\"wp-image-131806\" srcset=\"https:\/\/kulturbloggen.com\/wp-content\/uploads\/2020\/01\/bbb6d77b2529f99b_800x800ar.jpg 650w, https:\/\/kulturbloggen.com\/wp-content\/uploads\/2020\/01\/bbb6d77b2529f99b_800x800ar-300x200.jpg 300w\" sizes=\"auto, (max-width: 650px) 100vw, 650px\" \/><figcaption>Dree Low &#8211; foto Mattias Ahlm\/ Sveriges Radio<\/figcaption><\/figure>\n\n\n\n<p>Roade mest gjorde Youtube-fenomenet Seth Everman, vars avskalade tolkningar av svenska hits blev till k\u00e4rleksfulla parodier som antydde h\u00e4rligt halvgalen genialitet. Prisutdelare Hanna Hellquist tyckte jag om f\u00f6r hennes v\u00e4rml\u00e4ndska lokala twist. Ett vettigt inslag att appl\u00e5dera \u00e4r sj\u00e4lvklart hyllandet av trion som genomf\u00f6rde Musikhj\u00e4lpen. Som sagt av sju pristagare hade jag bara h\u00f6rt talas om tv\u00e5. Underligt att inte Avicii bel\u00f6nades postumt. Och minst lika m\u00e4rkligt att Robyn sidsteppades.. Hon som gjort  decenniets b\u00e4sta l\u00e5t enligt Rolling Stone, \u00e4r uppenbarligen en st\u00f6rre stj\u00e4rna internationellt.<\/p>\n\n\n\n<p>Hygglig standard p\u00e5 \u00e5rets gala, \u00e4ven om orken tr\u00f6t hos mig efter ungef\u00e4r en timma. Blir s\u00e5 mycket intryck att snappa upp, s\u00e5 mycket visuella effekter i intensivt ljud.  Kan liknas vid en utflykt till en fr\u00e4mmande milj\u00f6 v\u00e4rd att utforska.<\/p>\n","protected":false},"excerpt":{"rendered":"<p>Kr\u00f6nika om P3 Guld Partille Arena 18\/1 2020 (direkts\u00e4ndes i SVT och P3) Att branschen hajpar galan \u00e4r ett obestridligt faktum. Den som ska vara till f\u00f6r de artister\/ grupper som under \u00e5ret varit popul\u00e4rast i Riksradions ungdomskanal och samtidigt spegla det inhemska utbudet. M\u00e4rks n\u00e4r man bevakar p\u00e5 plats, att galan slukar mycket resurser [&hellip;]<\/p>\n","protected":false},"author":34,"featured_media":0,"comment_status":"closed","ping_status":"closed","sticky":false,"template":"","format":"standard","meta":{"_genesis_hide_title":false,"_genesis_hide_breadcrumbs":false,"_genesis_hide_singular_image":false,"_genesis_hide_footer_widgets":false,"_genesis_custom_body_class":"","_genesis_custom_post_class":"","_genesis_layout":"","footnotes":""},"categories":[44],"tags":[],"class_list":{"0":"post-131764","1":"post","2":"type-post","3":"status-publish","4":"format-standard","6":"category-chadie","7":"entry"},"_links":{"self":[{"href":"https:\/\/kulturbloggen.com\/index.php?rest_route=\/wp\/v2\/posts\/131764","targetHints":{"allow":["GET"]}}],"collection":[{"href":"https:\/\/kulturbloggen.com\/index.php?rest_route=\/wp\/v2\/posts"}],"about":[{"href":"https:\/\/kulturbloggen.com\/index.php?rest_route=\/wp\/v2\/types\/post"}],"author":[{"embeddable":true,"href":"https:\/\/kulturbloggen.com\/index.php?rest_route=\/wp\/v2\/users\/34"}],"replies":[{"embeddable":true,"href":"https:\/\/kulturbloggen.com\/index.php?rest_route=%2Fwp%2Fv2%2Fcomments&post=131764"}],"version-history":[{"count":41,"href":"https:\/\/kulturbloggen.com\/index.php?rest_route=\/wp\/v2\/posts\/131764\/revisions"}],"predecessor-version":[{"id":131814,"href":"https:\/\/kulturbloggen.com\/index.php?rest_route=\/wp\/v2\/posts\/131764\/revisions\/131814"}],"wp:attachment":[{"href":"https:\/\/kulturbloggen.com\/index.php?rest_route=%2Fwp%2Fv2%2Fmedia&parent=131764"}],"wp:term":[{"taxonomy":"category","embeddable":true,"href":"https:\/\/kulturbloggen.com\/index.php?rest_route=%2Fwp%2Fv2%2Fcategories&post=131764"},{"taxonomy":"post_tag","embeddable":true,"href":"https:\/\/kulturbloggen.com\/index.php?rest_route=%2Fwp%2Fv2%2Ftags&post=131764"}],"curies":[{"name":"wp","href":"https:\/\/api.w.org\/{rel}","templated":true}]}}