{"id":131734,"date":"2020-01-19T03:50:29","date_gmt":"2020-01-19T01:50:29","guid":{"rendered":"https:\/\/kulturbloggen.com\/?p=131734"},"modified":"2020-01-19T03:50:30","modified_gmt":"2020-01-19T01:50:30","slug":"vinnarna-p3-guld-2020","status":"publish","type":"post","link":"https:\/\/kulturbloggen.com\/?p=131734","title":{"rendered":"Vinnarna P3 Guld 2020"},"content":{"rendered":"\n<figure class=\"wp-block-image\"><img loading=\"lazy\" decoding=\"async\" width=\"650\" height=\"433\" src=\"https:\/\/kulturbloggen.com\/wp-content\/uploads\/2020\/01\/56A2139.jpg\" alt=\"\" class=\"wp-image-131735\" srcset=\"https:\/\/kulturbloggen.com\/wp-content\/uploads\/2020\/01\/56A2139.jpg 650w, https:\/\/kulturbloggen.com\/wp-content\/uploads\/2020\/01\/56A2139-300x200.jpg 300w\" sizes=\"auto, (max-width: 650px) 100vw, 650px\" \/><figcaption>Alla vinnare som var p\u00e5 plats i Partille arena &#8211; foto Mattias Ahlm\/ Sveriges Radio<\/figcaption><\/figure>\n\n\n\n<p>P3  Guld<\/p>\n\n\n\n<p>Partille arena<\/p>\n\n\n\n<p>18\/1 2020<\/p>\n\n\n\n<p>Under l\u00f6rdagskv\u00e4llen direkts\u00e4ndes galan i SVT och P3. F\u00f6ljde lives\u00e4ndningen gjorde en publik p\u00e5 uppskattningsvis 4 000 personer, inklusive undertecknad. <\/p>\n\n\n\n<p>Mest framg\u00e5ngsrik kan  Molly Sand\u00e9n koras till som segrade i tv\u00e5 tunga kategorier, n\u00e4mligen Guldmicken f\u00f6r \u00e5rets liveakt samt f\u00f6r \u00c5rets pop. Dree Low sk\u00f6rdade ocks\u00e5 avsev\u00e4rd framg\u00e5ng, i och med att han tog hem b\u00e5de \u00c5rets hiphop\/ r\u00b4n\u00b4b och kategorin Framtidens artist.<\/p>\n\n\n<p><em><strong>Vinnarna av P3 Guld 2020:<\/strong><\/em><\/p>\n<p><em>Guldmicken:\u00a0<\/em>Molly Sand\u00e9n<\/p>\n<p><em>\u00c5rets artist:\u00a0<\/em>Z.E<\/p>\n<p><em>\u00c5rets grupp:\u00a0<\/em>Aden x Asme<\/p>\n<p><em>\u00c5rets l\u00e5t:\u00a0<\/em>Katten i trakten &#8211; Ein\u00e1r (text &amp; musik Nils Gr\u00f6nberg, Jeremy Kerbel, Raphael Kerbel)<\/p>\n<p><em>\u00c5rets artist:\u00a0<\/em>Drew Low<\/p>\n<p><em>\u00c5rets rock \/ metal:\u00a0<\/em>Arre! Arre!<\/p>\n<p><em>\u00c5rets dans:\u00a0<\/em>Korn\u00e9l Kov\u00e1cs<\/p>\n<p><em>\u00c5rets hiphop\/ r\u00b4n\u00b4b:\u00a0<\/em>Dree Low<\/p>\n<p><em>\u00c5rets pop:\u00a0<\/em>Molly Sand\u00e9n<\/p>\n<p>\u00a0<\/p>\n<p>I de fem f\u00f6rsta kategorierna har P3-publiken r\u00f6stat fram vinnar5na p\u00e5 egen hand. i de fyra sista har publikens och jurygruppernas r\u00f6stningspo\u00e4ng v\u00e4gts samman.<\/p>\n<p>P3 Guld g\u00e5r att lyssna p\u00e5 igen i appen Sveriges Radio Play och p\u00e5 SVT Play.<\/p>\n<p>Evenemanget P3 Guld 2020 \u00e5r ett samarbete mellan Sveriges Radio, Partille arena samt G\u00f6teborg &amp; Co.<\/p>\n<p>\u00a0<\/p>\n<p>Obs Under s\u00f6ndagen kommer en kr\u00f6nika publiceras i Kulturbloggen om galan.<\/p>\n<p>\u00a0<\/p>\n<p>\u00a0<\/p>\n<p>\u00a0<\/p>\n<p>\u00a0<\/p>\n<p>\u00a0<\/p>","protected":false},"excerpt":{"rendered":"<p>P3 Guld Partille arena 18\/1 2020 Under l\u00f6rdagskv\u00e4llen direkts\u00e4ndes galan i SVT och P3. F\u00f6ljde lives\u00e4ndningen gjorde en publik p\u00e5 uppskattningsvis 4 000 personer, inklusive undertecknad. Mest framg\u00e5ngsrik kan Molly Sand\u00e9n koras till som segrade i tv\u00e5 tunga kategorier, n\u00e4mligen Guldmicken f\u00f6r \u00e5rets liveakt samt f\u00f6r \u00c5rets pop. Dree Low sk\u00f6rdade ocks\u00e5 avsev\u00e4rd framg\u00e5ng, i [&hellip;]<\/p>\n","protected":false},"author":34,"featured_media":0,"comment_status":"closed","ping_status":"closed","sticky":false,"template":"","format":"standard","meta":{"_genesis_hide_title":false,"_genesis_hide_breadcrumbs":false,"_genesis_hide_singular_image":false,"_genesis_hide_footer_widgets":false,"_genesis_custom_body_class":"","_genesis_custom_post_class":"","_genesis_layout":"","footnotes":""},"categories":[13624],"tags":[],"class_list":{"0":"post-131734","1":"post","2":"type-post","3":"status-publish","4":"format-standard","6":"category-toppnytt","7":"entry"},"_links":{"self":[{"href":"https:\/\/kulturbloggen.com\/index.php?rest_route=\/wp\/v2\/posts\/131734","targetHints":{"allow":["GET"]}}],"collection":[{"href":"https:\/\/kulturbloggen.com\/index.php?rest_route=\/wp\/v2\/posts"}],"about":[{"href":"https:\/\/kulturbloggen.com\/index.php?rest_route=\/wp\/v2\/types\/post"}],"author":[{"embeddable":true,"href":"https:\/\/kulturbloggen.com\/index.php?rest_route=\/wp\/v2\/users\/34"}],"replies":[{"embeddable":true,"href":"https:\/\/kulturbloggen.com\/index.php?rest_route=%2Fwp%2Fv2%2Fcomments&post=131734"}],"version-history":[{"count":2,"href":"https:\/\/kulturbloggen.com\/index.php?rest_route=\/wp\/v2\/posts\/131734\/revisions"}],"predecessor-version":[{"id":131737,"href":"https:\/\/kulturbloggen.com\/index.php?rest_route=\/wp\/v2\/posts\/131734\/revisions\/131737"}],"wp:attachment":[{"href":"https:\/\/kulturbloggen.com\/index.php?rest_route=%2Fwp%2Fv2%2Fmedia&parent=131734"}],"wp:term":[{"taxonomy":"category","embeddable":true,"href":"https:\/\/kulturbloggen.com\/index.php?rest_route=%2Fwp%2Fv2%2Fcategories&post=131734"},{"taxonomy":"post_tag","embeddable":true,"href":"https:\/\/kulturbloggen.com\/index.php?rest_route=%2Fwp%2Fv2%2Ftags&post=131734"}],"curies":[{"name":"wp","href":"https:\/\/api.w.org\/{rel}","templated":true}]}}