{"id":131724,"date":"2020-01-18T11:02:27","date_gmt":"2020-01-18T09:02:27","guid":{"rendered":"https:\/\/kulturbloggen.com\/?p=131724"},"modified":"2020-01-19T17:11:04","modified_gmt":"2020-01-19T15:11:04","slug":"teaterkritik-pappa-make-och-krigsforbrytare-en-viktig-pjas-om-manniskans-naivitet","status":"publish","type":"post","link":"https:\/\/kulturbloggen.com\/?p=131724","title":{"rendered":"Teaterkritik: Pappa, make och krigsf\u00f6rbrytare &#8211;  en viktig pj\u00e4s om m\u00e4nniskans  naivitet"},"content":{"rendered":"<p><img loading=\"lazy\" decoding=\"async\" class=\"alignnone size-medium wp-image-131728\" src=\"https:\/\/kulturbloggen.com\/wp-content\/uploads\/2020\/01\/Pappa-make-krigsforbrytare-Foto-Soren-Vilks3-768x1152-200x300.jpg\" alt=\"\" width=\"200\" height=\"300\" srcset=\"https:\/\/kulturbloggen.com\/wp-content\/uploads\/2020\/01\/Pappa-make-krigsforbrytare-Foto-Soren-Vilks3-768x1152-200x300.jpg 200w, https:\/\/kulturbloggen.com\/wp-content\/uploads\/2020\/01\/Pappa-make-krigsforbrytare-Foto-Soren-Vilks3-768x1152.jpg 433w\" sizes=\"auto, (max-width: 200px) 100vw, 200px\" \/><\/p>\n<p>Riksteatern<br \/>Medverkande<br \/>Danjin Malinovic<br \/>Fikret \u00c7e\u015fmeli<br \/>Konstn\u00e4rligt team<br \/>Av: Danjin Malinovic<br \/>Regi: Michael Cocke<br \/>Scenografi och kostym: Katrin Br\u00e4nnstr\u00f6m<br \/>Musik: Fikret \u00c7e\u015fmeli<br \/>Ljusdesign: Patrik Nystrand<br \/>Maskdesign: Eva Rizell<\/p>\n<p>Hur kan en vanlig pappa som har allt man kan t\u00e4nka sig &#8211; barn familj v\u00e4nner och framg\u00e5ng &#8211; f\u00f6rvandlas till en m\u00f6rdare, n\u00e5gon som anv\u00e4nder farliga vapen f\u00f6r att attackera oskyldiga m\u00e4nniskor? Hur kan ett liv ta en s\u00e5 drastisk v\u00e4ndning? Manusf\u00f6rfattaren och huvudrollsinnehavaren Danjin Malinovic har efter intervjuer med en krigsf\u00f6rbrytare fr\u00e5n forna Jugoslavien omvandlat orden till teater. Pappa, make och krigsf\u00f6rbrytare \u00e4r en pj\u00e4s om m\u00e4nniskans komplexitet och v\u00e5r r\u00e4dsla f\u00f6r den \u201candre\u201d.<\/p>\n<p>Han f\u00f6rv\u00e4ntade sig att m\u00f6ta ett monster, en m\u00e4nniska vars ondska inte vet n\u00e5gra gr\u00e4nser, men ist\u00e4llet m\u00f6ter han en k\u00e4rleksfull fader, en n\u00e4rvarande make och en krigsf\u00f6rbrytare. N\u00e5gon som \u00e4lskar sin dotter \u00f6ver allt annat. Som sk\u00e4mtar och pratar om stora sporth\u00e4ndelser med sina kompisar. Men som kv\u00e4llstid massakrerar, v\u00e5ldtar och misshandlar kvinnor och barn.<\/p>\n<p>Pappa, make och krigsf\u00f6rbrytare st\u00e4ller de sv\u00e5ra fr\u00e5gorna. Den ser bortom dikotomierna &#8211; gott och ont, ljust och m\u00f6rkt och visar p\u00e5 komplexiteten i m\u00e4nniskan. V\u00e5r naiva syn kring h\u00f6gernationalismens framv\u00e4xt i v\u00e4rlden blir glasklar i Danjin Malinovics regi. Om hur vi skanderar \u201cDet ska aldrig h\u00e4nda igen\u201d, men \u00e4nd\u00e5 r\u00f6star g\u00e5ng efter g\u00e5ng fram h\u00f6gerextrema partier till makten. I krigets Serbien fick vanliga m\u00e4nniskor valm\u00f6jligheter att att inte delta i ett massmord. Av cirka 50 m\u00e4nniskor som frivilligt st\u00e4llde upp som medverkande i kriget backade 15 personer.<\/p>\n<p><img loading=\"lazy\" decoding=\"async\" class=\"alignnone size-medium wp-image-131729\" src=\"https:\/\/kulturbloggen.com\/wp-content\/uploads\/2020\/01\/Pappa-make-krigsforbrytare-Foto-Soren-Vilks4-768x1152-200x300.jpg\" alt=\"\" width=\"200\" height=\"300\" srcset=\"https:\/\/kulturbloggen.com\/wp-content\/uploads\/2020\/01\/Pappa-make-krigsforbrytare-Foto-Soren-Vilks4-768x1152-200x300.jpg 200w, https:\/\/kulturbloggen.com\/wp-content\/uploads\/2020\/01\/Pappa-make-krigsforbrytare-Foto-Soren-Vilks4-768x1152.jpg 433w\" sizes=\"auto, (max-width: 200px) 100vw, 200px\" \/><\/p>\n<p>Danjin Malinovic gick in i projektet med den naiva syn att detta var en man som idag tyngs av stark \u00e5nger. Men inga n\u00e5got s\u00e5dant symptom syntes inte till. Bara fragment av \u00e5nger kunde sk\u00f6njas. Vissa h\u00e4ndelser \u00f6nskar han se ogjorda, medans andra ser han med iskall blick och ett stenansikte likgiltigt p\u00e5. Han ber\u00e4ttar l\u00e4ttjefullt om hur han bygger en koja till sin \u00e4lskade dotter, som hon kallar f\u00f6r Pappas slott, f\u00f6r att i n\u00e4sta stund detaljerat beskriva hur han och hans v\u00e4nner v\u00e5ldf\u00f6r sig mot en fjorton\u00e5rig flicka. Mannen f\u00f6rsvarar handlingarna med att s\u00e4ga att det var det normala d\u00e5. Alla gjorde det. At v\u00e5ldta var lika normalt som att dricka kaffe. Hur hamnar man d\u00e4r? Att g\u00e5 med i en granns\u00e4mja och att d\u00f6da ett barn kan tyckas aktiviteter som befinner sig l\u00e5ngt ifr\u00e5n varandra, men s\u00e5 \u00e4r det inte f\u00f6r honom. Stegen d\u00e4remellan var sm\u00e5. Sakta men s\u00e4kert om s\u00e5 samh\u00e4llet och folket till\u00e5ter normaliserar vi det som tidigare setts som barockt och inhumant. Stefan L\u00f6fven vill st\u00e4nga till d\u00f6rren till m\u00e5nga flyktingar. Men f\u00f6r tio \u00e5r sedan var det en annan visa n\u00e4r han med stolthet i r\u00f6sten meddelade att &#8211; &#8221;I mitt Europa bygger vi inga murar\u201d. Verkligheten har f\u00f6r\u00e4ndrats. Det finns en misst\u00e4nksamhet gentemot &#8221;den andre&#8221;, en r\u00e4dsla Jimmie oc Co spelar p\u00e5. Krigsf\u00f6rbrytaren f\u00f6rklarar ett grymt mord mot en sjuttio\u00e5rig kvinna med att hon annars skulle ha tjallat eller att hon lj\u00f6g om vart hon g\u00f6mde pengarna och d\u00e4rf\u00f6r f\u00f6rtj\u00e4nade att d\u00f6.<\/p>\n<p><img loading=\"lazy\" decoding=\"async\" class=\"alignnone size-medium wp-image-131730\" src=\"https:\/\/kulturbloggen.com\/wp-content\/uploads\/2020\/01\/Pappa-make-krigsforbrytare-Foto-Soren-Vilks7-768x512-300x200.jpg\" alt=\"\" width=\"300\" height=\"200\" srcset=\"https:\/\/kulturbloggen.com\/wp-content\/uploads\/2020\/01\/Pappa-make-krigsforbrytare-Foto-Soren-Vilks7-768x512-300x200.jpg 300w, https:\/\/kulturbloggen.com\/wp-content\/uploads\/2020\/01\/Pappa-make-krigsforbrytare-Foto-Soren-Vilks7-768x512.jpg 650w\" sizes=\"auto, (max-width: 300px) 100vw, 300px\" \/><\/p>\n<p>Pappa, make och krigsf\u00f6rbrytare \u00e4r en v\u00e5gad komplex pj\u00e4s nyanseras bilden av krigsf\u00f6rbrytaren. Efter\u00e5t blir det fr\u00e5gestund med sk\u00e5despelarna. En av \u00e5sk\u00e5darna r\u00e4cker upp handen och riktar sin fr\u00e5ga till Danjin Malinovic &#8211; &#8221;Hur st\u00e4ller sig krigsf\u00f6rbrytaren sj\u00e4lv till pj\u00e4sen?&#8221;. Danjin Malinovic svarar att han inte vet men att hans f\u00f6rhoppning \u00e4r att mannens medverkan visar p\u00e5 hans medm\u00e4nsklighet. Kanske ser han det som en s\u00e4tt att ge tillbaks fr\u00e5n de hundratals personer han tagit fr\u00e5n. Under intervjuerna som s\u00e5 skickligt och sakligt gestaltas i pj\u00e4sen pendlar Danjin Malinovic mellan att k\u00e4nna b\u00e5de k\u00e4nslor av hat och medlidande. Han hatar sig sj\u00e4lv och letar desperat efter ett bevis f\u00f6r att det goda till sistens ska segra d\u00e5 mannen visar k\u00e4nslor av \u00e5nger? Men \u00e4r Malinovics desperation tv\u00e4rtom en absurt besatthet i att finna det enkla i det sv\u00e5ra? N\u00e5got som visas i gestaltning p\u00e5 scen med all \u00f6nskv\u00e4rd tydlighet.<\/p>\n<p>Malinovic \u00e4r inte intresserad av mannen per se utan hans handlingar och om vad det s\u00e4ger om oss m\u00e4nniskor. Vi m\u00e5ste lyssna och bilda oss en f\u00f6rf\u00f6rst\u00e5else f\u00f6r det hemska som skett. Och f\u00f6rst\u00e5 att vem som helst i r\u00e4tt kontext och sammanhang kan hamna d\u00e4r. Pappa, make och krigsf\u00f6rbrytare visar p\u00e5 komplexiteten i m\u00e4nniskan. Vi har alla en krigsf\u00f6rbrytare i oss. Det g\u00e4ller bara att h\u00e5lla honom ur v\u00e4gen och inte skapa r\u00e4tt f\u00f6ruts\u00e4ttningar f\u00f6r honom att kunna gro.<\/p>\n<p>Pappa, make och krigsf\u00f6rbrytare har premi\u00e4r i Lund den 21 januari.<\/p>\n<p><img loading=\"lazy\" decoding=\"async\" class=\"alignnone size-medium wp-image-131731\" src=\"https:\/\/kulturbloggen.com\/wp-content\/uploads\/2020\/01\/Pappa-make-krigsforbrytare-Foto-Soren-Vilks1-768x895-258x300.jpg\" alt=\"\" width=\"258\" height=\"300\" srcset=\"https:\/\/kulturbloggen.com\/wp-content\/uploads\/2020\/01\/Pappa-make-krigsforbrytare-Foto-Soren-Vilks1-768x895-258x300.jpg 258w, https:\/\/kulturbloggen.com\/wp-content\/uploads\/2020\/01\/Pappa-make-krigsforbrytare-Foto-Soren-Vilks1-768x895.jpg 558w\" sizes=\"auto, (max-width: 258px) 100vw, 258px\" \/><\/p>\n<p>Petter Stjernstedt<\/p>\n\n\n<p><\/p>\n","protected":false},"excerpt":{"rendered":"<p>RiksteaternMedverkandeDanjin MalinovicFikret \u00c7e\u015fmeliKonstn\u00e4rligt teamAv: Danjin MalinovicRegi: Michael CockeScenografi och kostym: Katrin Br\u00e4nnstr\u00f6mMusik: Fikret \u00c7e\u015fmeliLjusdesign: Patrik NystrandMaskdesign: Eva Rizell Hur kan en vanlig pappa som har allt man kan t\u00e4nka sig &#8211; barn familj v\u00e4nner och framg\u00e5ng &#8211; f\u00f6rvandlas till en m\u00f6rdare, n\u00e5gon som anv\u00e4nder farliga vapen f\u00f6r att attackera oskyldiga m\u00e4nniskor? Hur kan ett liv [&hellip;]<\/p>\n","protected":false},"author":40,"featured_media":0,"comment_status":"closed","ping_status":"closed","sticky":false,"template":"","format":"standard","meta":{"_genesis_hide_title":false,"_genesis_hide_breadcrumbs":false,"_genesis_hide_singular_image":false,"_genesis_hide_footer_widgets":false,"_genesis_custom_body_class":"","_genesis_custom_post_class":"","_genesis_layout":"","footnotes":""},"categories":[20,30,13624],"tags":[],"class_list":{"0":"post-131724","1":"post","2":"type-post","3":"status-publish","4":"format-standard","6":"category-film","7":"category-teater","8":"category-toppnytt","9":"entry"},"_links":{"self":[{"href":"https:\/\/kulturbloggen.com\/index.php?rest_route=\/wp\/v2\/posts\/131724","targetHints":{"allow":["GET"]}}],"collection":[{"href":"https:\/\/kulturbloggen.com\/index.php?rest_route=\/wp\/v2\/posts"}],"about":[{"href":"https:\/\/kulturbloggen.com\/index.php?rest_route=\/wp\/v2\/types\/post"}],"author":[{"embeddable":true,"href":"https:\/\/kulturbloggen.com\/index.php?rest_route=\/wp\/v2\/users\/40"}],"replies":[{"embeddable":true,"href":"https:\/\/kulturbloggen.com\/index.php?rest_route=%2Fwp%2Fv2%2Fcomments&post=131724"}],"version-history":[{"count":7,"href":"https:\/\/kulturbloggen.com\/index.php?rest_route=\/wp\/v2\/posts\/131724\/revisions"}],"predecessor-version":[{"id":131760,"href":"https:\/\/kulturbloggen.com\/index.php?rest_route=\/wp\/v2\/posts\/131724\/revisions\/131760"}],"wp:attachment":[{"href":"https:\/\/kulturbloggen.com\/index.php?rest_route=%2Fwp%2Fv2%2Fmedia&parent=131724"}],"wp:term":[{"taxonomy":"category","embeddable":true,"href":"https:\/\/kulturbloggen.com\/index.php?rest_route=%2Fwp%2Fv2%2Fcategories&post=131724"},{"taxonomy":"post_tag","embeddable":true,"href":"https:\/\/kulturbloggen.com\/index.php?rest_route=%2Fwp%2Fv2%2Ftags&post=131724"}],"curies":[{"name":"wp","href":"https:\/\/api.w.org\/{rel}","templated":true}]}}