{"id":13169,"date":"2009-09-25T04:25:05","date_gmt":"2009-09-25T02:25:05","guid":{"rendered":"http:\/\/kulturbloggen.com\/?p=13169"},"modified":"2009-09-25T04:25:05","modified_gmt":"2009-09-25T02:25:05","slug":"forhandstitt-jag-alskade-honom","status":"publish","type":"post","link":"https:\/\/kulturbloggen.com\/?p=13169","title":{"rendered":"F\u00f6rhandstitt: Jag \u00e4lskade honom"},"content":{"rendered":"<p><strong> <a href=\"http:\/\/sodergren.com\/kulturbloggen\/wp-content\/uploads\/2009\/09\/Jag_\u00e4lskade.jpg\"><img loading=\"lazy\" decoding=\"async\" class=\"alignright size-full wp-image-13170\" title=\"Jag_\u00e4lskade\" src=\"http:\/\/sodergren.com\/kulturbloggen\/wp-content\/uploads\/2009\/09\/Jag_\u00e4lskade.jpg\" alt=\"Jag_\u00e4lskade\" width=\"300\" height=\"285\" \/><\/a>Jag \u00e4lskade honom<\/strong> bygger p\u00e5 en bok av Anna Gavalda. Efter att ha sett filmen blir jag faktiskt nyfiken p\u00e5 boken.<\/p>\n<p>Efter en r\u00e4tt p\u00e5frestande b\u00f6rjan tog den sig.\u00a0 Jag har sv\u00e5rt f\u00f6r l\u00e5ngdragna scener med snyftande och sn\u00f6rvlande m\u00e4nniskor. Ingen skugga \u00f6ver filmen, sen artade sig som sagt. Det var itne sv\u00e5rt att luta sig tillbaka och f\u00f6lja historien.<\/p>\n<p>Jag gillar att filmen aldrig tappar kontakten med ramber\u00e4ttelsen, allts\u00e5 historien som \u00e4r orsaken till att ber\u00e4ttaren \u00e4r d\u00e4r och ber\u00e4tttar.<\/p>\n<p>S\u00e5 h\u00e4r skriver SF om filmen<\/p>\n<blockquote><p>En kv\u00e4ll best\u00e4mmer sig Pierre f\u00f6r att dela med sig av sin mest sm\u00e4rtsamma hemlighet till sin sv\u00e4rdotter Chlo\u00e9, som precis har blivit \u00f6vergiven av sin make &#8211; Pierres son. Pierres hemlighet har pl\u00e5gat honom under tjugo \u00e5rs tid och p\u00e5verkat honom starkt, b\u00e5de p\u00e5 gott och p\u00e5 ont. Det handlar om hans hemliga k\u00e4rlek till Mathilde, kvinnan som han l\u00e4mnade f\u00f6r att i st\u00e4llet v\u00e4lja en enklare och bekv\u00e4mare v\u00e4g i livet.<\/p><\/blockquote>\n<p>Det finns massor f\u00f6r den analytiskt lagde. \u00a0Den handlar om om\u00f6jlig k\u00e4rlek, det gamla vanliga. Det som g\u00f6r den sympatisk \u00e4r att filmen inte f\u00f6rs\u00f6ker g\u00f6ra det hela s\u00e5 storslaget. Det \u00e4r ingen Doktor Zhivago utan h\u00e5ller sig p\u00e5 den vardliga sidan d\u00e4r vi alla kan k\u00e4nna igen oss.<\/p>\n<p>Vi f\u00e5r se en hel del fint sk\u00e5despeleri. S\u00e4rskilt kvinnorna spelar sina roller med \u00f6vertygelse. Florence Lorette-Caille \u00e4r s\u00e5 bra att det g\u00f6r ont.<\/p>\n<p>Premi\u00e4r 2\/10. L\u00e4s mer <a title=\"Jag \u00e4lskade honom\" href=\"http:\/\/www.sf.se\/filmer\/film\/16002672\/Jag-aelskade-honom?pre=true&amp;prs=null\">h\u00e4r<\/a>.<\/p>\n<p><a title=\"intressant\" href=\"http:\/\/intressant.se\/intressant\">Intressant?<\/a> L\u00e4s \u00e4ven andra bloggares \u00e5sikter om <a rel=\"tag\" href=\"http:\/\/bloggar.se\/om\/Jag+%E4lskade+honom\">Jag \u00e4lskade honom<\/a>, <a rel=\"tag\" href=\"http:\/\/bloggar.se\/om\/film\">film<\/a>, <a rel=\"tag\" href=\"http:\/\/bloggar.se\/om\/f%F6rhandstitt\">f\u00f6rhandstitt<\/a>, <a rel=\"tag\" href=\"http:\/\/bloggar.se\/om\/kulturbloggen\">kulturbloggen<\/a>, <a rel=\"tag\" href=\"http:\/\/bloggar.se\/om\/premi%E4r\">premi\u00e4r<\/a><\/p>\n","protected":false},"excerpt":{"rendered":"<p>Jag \u00e4lskade honom bygger p\u00e5 en bok av Anna Gavalda. Efter att ha sett filmen blir jag faktiskt nyfiken p\u00e5 boken. Efter en r\u00e4tt p\u00e5frestande b\u00f6rjan tog den sig.\u00a0 Jag har sv\u00e5rt f\u00f6r l\u00e5ngdragna scener med snyftande och sn\u00f6rvlande m\u00e4nniskor. Ingen skugga \u00f6ver filmen, sen artade sig som sagt. Det var itne sv\u00e5rt att luta [&hellip;]<\/p>\n","protected":false},"author":13,"featured_media":0,"comment_status":"open","ping_status":"open","sticky":false,"template":"","format":"standard","meta":{"_genesis_hide_title":false,"_genesis_hide_breadcrumbs":false,"_genesis_hide_singular_image":false,"_genesis_hide_footer_widgets":false,"_genesis_custom_body_class":"","_genesis_custom_post_class":"","_genesis_layout":"","footnotes":""},"categories":[20],"tags":[1926,2597,3084,4457,12286],"class_list":{"0":"post-13169","1":"post","2":"type-post","3":"status-publish","4":"format-standard","6":"category-film","7":"tag-forhandstitt","8":"tag-jag-alskade-honom","9":"tag-kulturbloggen","10":"tag-premiar","11":"tag-film","12":"entry"},"_links":{"self":[{"href":"https:\/\/kulturbloggen.com\/index.php?rest_route=\/wp\/v2\/posts\/13169","targetHints":{"allow":["GET"]}}],"collection":[{"href":"https:\/\/kulturbloggen.com\/index.php?rest_route=\/wp\/v2\/posts"}],"about":[{"href":"https:\/\/kulturbloggen.com\/index.php?rest_route=\/wp\/v2\/types\/post"}],"author":[{"embeddable":true,"href":"https:\/\/kulturbloggen.com\/index.php?rest_route=\/wp\/v2\/users\/13"}],"replies":[{"embeddable":true,"href":"https:\/\/kulturbloggen.com\/index.php?rest_route=%2Fwp%2Fv2%2Fcomments&post=13169"}],"version-history":[{"count":0,"href":"https:\/\/kulturbloggen.com\/index.php?rest_route=\/wp\/v2\/posts\/13169\/revisions"}],"wp:attachment":[{"href":"https:\/\/kulturbloggen.com\/index.php?rest_route=%2Fwp%2Fv2%2Fmedia&parent=13169"}],"wp:term":[{"taxonomy":"category","embeddable":true,"href":"https:\/\/kulturbloggen.com\/index.php?rest_route=%2Fwp%2Fv2%2Fcategories&post=13169"},{"taxonomy":"post_tag","embeddable":true,"href":"https:\/\/kulturbloggen.com\/index.php?rest_route=%2Fwp%2Fv2%2Ftags&post=13169"}],"curies":[{"name":"wp","href":"https:\/\/api.w.org\/{rel}","templated":true}]}}