{"id":131466,"date":"2020-01-10T20:21:25","date_gmt":"2020-01-10T18:21:25","guid":{"rendered":"https:\/\/kulturbloggen.com\/?p=131466"},"modified":"2020-01-10T20:21:26","modified_gmt":"2020-01-10T18:21:26","slug":"lyssna-%e2%80%8bozzy-osbourne-feat-elton-john-ordinary-man","status":"publish","type":"post","link":"https:\/\/kulturbloggen.com\/?p=131466","title":{"rendered":"Lyssna: \u200bOzzy Osbourne feat. Elton John &#8211; Ordinary Man"},"content":{"rendered":"<p>\u200b<img loading=\"lazy\" decoding=\"async\" class=\"aligncenter size-full wp-image-131482\" src=\"https:\/\/kulturbloggen.com\/wp-content\/uploads\/2020\/01\/unnamed-10.jpg\" alt=\"\" width=\"337\" height=\"337\" srcset=\"https:\/\/kulturbloggen.com\/wp-content\/uploads\/2020\/01\/unnamed-10.jpg 337w, https:\/\/kulturbloggen.com\/wp-content\/uploads\/2020\/01\/unnamed-10-150x150.jpg 150w, https:\/\/kulturbloggen.com\/wp-content\/uploads\/2020\/01\/unnamed-10-300x300.jpg 300w\" sizes=\"auto, (max-width: 337px) 100vw, 337px\" \/><\/p>\n<p>Ozzy Osbourne sl\u00e4pper albumet \u201cOrdinary Man\u201d 21 februari och titelsp\u00e5ret sl\u00e4pptes 10 januari 2020.<\/p>\n<p>Ett pressmail:<br \/>\nFredagen den 21 februari sl\u00e4pper Ozzy Osbourne sitt nya album \u201cOrdinary Man\u201d \u2013 f\u00f6rsta albumsl\u00e4ppet p\u00e5 n\u00e4ra tio \u00e5r. Den 10:e januari sl\u00e4pptes titelsp\u00e5ret \u201dOrdinary Man\u201d som han g\u00f6r tillsammans med sin gode v\u00e4n Elton John. L\u00e5tarna \u201dUnder The Graveyard\u201d och \u201dStraight To Hell\u201d (med Slash fr\u00e5n Guns N\u2019 Roses) \u00e4r sl\u00e4ppta sedan tidigare.<\/p>\n<p>Ozzy om inspelningen av albumet:<br \/>\n\u201cIt was a lot of fun to do though it\u2019s a lot different from my other albums,\u201d. \u201cWe recorded it quickly, which I haven\u2019t done since the first Black Sabbath album. This made it a different process, which I actually enjoyed.\u201d<\/p>\n<p>Albumet \u00e4r inspelat i Los Angeles med albumets producent Andrew Watts p\u00e5 gitarr, Duff McKagan (Guns N\u2019 Roses) p\u00e5 bas och Chad Smith (Red Hot Chili Peppers) p\u00e5 trummor. F\u00f6rutom n\u00e4mnda musiker g\u00e4stas albumet ocks\u00e5 av Ozzys v\u00e4nner Elton John, Post Malone och Tom Morello.<\/p>\n<p>\u201cIt all just came together,\u201d ber\u00e4ttar Ozzy om g\u00e4sterna p\u00e5 albumet. \u201cSlash is a dear friend of mine, as is Elton. When I was writing \u2018Ordinary Man,\u2019 it reminded me of an old Elton song and I said to Sharon, \u2018I wonder if he would sing on it?\u2019 We asked and lo and behold, he agreed and sings and play piano on the song.\u201d<\/p>\n<p><iframe loading=\"lazy\" src=\"https:\/\/open.spotify.com\/embed\/album\/39yp6JEfOhqVEpCiy6i6M3\" width=\"300\" height=\"380\" frameborder=\"0\"><\/iframe><\/p>\n","protected":false},"excerpt":{"rendered":"<p>\u200b Ozzy Osbourne sl\u00e4pper albumet \u201cOrdinary Man\u201d 21 februari och titelsp\u00e5ret sl\u00e4pptes 10 januari 2020. Ett pressmail: Fredagen den 21 februari sl\u00e4pper Ozzy Osbourne sitt nya album \u201cOrdinary Man\u201d \u2013 f\u00f6rsta albumsl\u00e4ppet p\u00e5 n\u00e4ra tio \u00e5r. Den 10:e januari sl\u00e4pptes titelsp\u00e5ret \u201dOrdinary Man\u201d som han g\u00f6r tillsammans med sin gode v\u00e4n Elton John. L\u00e5tarna \u201dUnder [&hellip;]<\/p>\n","protected":false},"author":13,"featured_media":0,"comment_status":"closed","ping_status":"closed","sticky":false,"template":"","format":"standard","meta":{"_genesis_hide_title":false,"_genesis_hide_breadcrumbs":false,"_genesis_hide_singular_image":false,"_genesis_hide_footer_widgets":false,"_genesis_custom_body_class":"","_genesis_custom_post_class":"","_genesis_layout":"","footnotes":""},"categories":[7,13624],"tags":[],"class_list":{"0":"post-131466","1":"post","2":"type-post","3":"status-publish","4":"format-standard","6":"category-musik","7":"category-toppnytt","8":"entry"},"_links":{"self":[{"href":"https:\/\/kulturbloggen.com\/index.php?rest_route=\/wp\/v2\/posts\/131466","targetHints":{"allow":["GET"]}}],"collection":[{"href":"https:\/\/kulturbloggen.com\/index.php?rest_route=\/wp\/v2\/posts"}],"about":[{"href":"https:\/\/kulturbloggen.com\/index.php?rest_route=\/wp\/v2\/types\/post"}],"author":[{"embeddable":true,"href":"https:\/\/kulturbloggen.com\/index.php?rest_route=\/wp\/v2\/users\/13"}],"replies":[{"embeddable":true,"href":"https:\/\/kulturbloggen.com\/index.php?rest_route=%2Fwp%2Fv2%2Fcomments&post=131466"}],"version-history":[{"count":3,"href":"https:\/\/kulturbloggen.com\/index.php?rest_route=\/wp\/v2\/posts\/131466\/revisions"}],"predecessor-version":[{"id":131483,"href":"https:\/\/kulturbloggen.com\/index.php?rest_route=\/wp\/v2\/posts\/131466\/revisions\/131483"}],"wp:attachment":[{"href":"https:\/\/kulturbloggen.com\/index.php?rest_route=%2Fwp%2Fv2%2Fmedia&parent=131466"}],"wp:term":[{"taxonomy":"category","embeddable":true,"href":"https:\/\/kulturbloggen.com\/index.php?rest_route=%2Fwp%2Fv2%2Fcategories&post=131466"},{"taxonomy":"post_tag","embeddable":true,"href":"https:\/\/kulturbloggen.com\/index.php?rest_route=%2Fwp%2Fv2%2Ftags&post=131466"}],"curies":[{"name":"wp","href":"https:\/\/api.w.org\/{rel}","templated":true}]}}