{"id":131455,"date":"2020-01-10T19:31:30","date_gmt":"2020-01-10T17:31:30","guid":{"rendered":"https:\/\/kulturbloggen.com\/?p=131455"},"modified":"2020-01-10T19:31:31","modified_gmt":"2020-01-10T17:31:31","slug":"robyn-klar-for-way-out-west","status":"publish","type":"post","link":"https:\/\/kulturbloggen.com\/?p=131455","title":{"rendered":"Robyn klar f\u00f6r Way Out West"},"content":{"rendered":"<p><img loading=\"lazy\" decoding=\"async\" class=\"aligncenter size-full wp-image-131457\" src=\"https:\/\/kulturbloggen.com\/wp-content\/uploads\/2020\/01\/unnamed-7-1.jpg\" alt=\"\" width=\"636\" height=\"636\" srcset=\"https:\/\/kulturbloggen.com\/wp-content\/uploads\/2020\/01\/unnamed-7-1.jpg 636w, https:\/\/kulturbloggen.com\/wp-content\/uploads\/2020\/01\/unnamed-7-1-150x150.jpg 150w, https:\/\/kulturbloggen.com\/wp-content\/uploads\/2020\/01\/unnamed-7-1-300x300.jpg 300w\" sizes=\"auto, (max-width: 636px) 100vw, 636px\" \/><\/p>\n<p>Robyn klar f\u00f6r Way Out West sommaren 2020.<\/p>\n<p>Ett pressmeddelande:<br \/>\nHon har f\u00f6r\u00e4dlat konsten att g\u00f6ra upplyftande anthems av nedst\u00e4mda k\u00e4nslor och kan v\u00e4nda sm\u00e4rtor till triumf som ingen annan. Hon befinner sig mitt emellan pop och underground \u2013 tillg\u00e4nglig men trov\u00e4rdig, en discopopdrottning med integritet, fj\u00e4derl\u00e4tt men urstark.<\/p>\n<p>Hennes elektriska liveshow \u00e4r n\u00e5got alla borde f\u00e5 uppleva och vi \u00e4r otroligt stolta \u00f6ver att f\u00e5 erbjuda en s\u00e5dan chans i Slottsskogen i sommar. Det \u00e4r nu klart att Robyn \u2013 en av v\u00e5r tids absolut st\u00f6rsta popikoner \u2013 avslutar Way Out West l\u00f6rdag 15 augusti.<\/p>\n<p>N\u00e4r tiotalets st\u00f6rsta musikbedrifter summerats av b\u00e5de svensk och internationell press \u00e4r Robyn ett av de allra mest \u00e5terkommande namnen n\u00e4r det kommer till inflytande. Rolling Stone kallade Dancing on My Own f\u00f6r decenniets absolut b\u00e4sta l\u00e5t och i v\u00e5ras s\u00e5lde hon ut Madison Square Garden i New York \u2013 att det \u00e4r en megastj\u00e4rna som avslutar 2020 \u00e5rs festival r\u00e5der det inga tvivel om.<\/p>\n","protected":false},"excerpt":{"rendered":"<p>Robyn klar f\u00f6r Way Out West sommaren 2020. Ett pressmeddelande: Hon har f\u00f6r\u00e4dlat konsten att g\u00f6ra upplyftande anthems av nedst\u00e4mda k\u00e4nslor och kan v\u00e4nda sm\u00e4rtor till triumf som ingen annan. Hon befinner sig mitt emellan pop och underground \u2013 tillg\u00e4nglig men trov\u00e4rdig, en discopopdrottning med integritet, fj\u00e4derl\u00e4tt men urstark. Hennes elektriska liveshow \u00e4r n\u00e5got alla [&hellip;]<\/p>\n","protected":false},"author":13,"featured_media":0,"comment_status":"closed","ping_status":"closed","sticky":false,"template":"","format":"standard","meta":{"_genesis_hide_title":false,"_genesis_hide_breadcrumbs":false,"_genesis_hide_singular_image":false,"_genesis_hide_footer_widgets":false,"_genesis_custom_body_class":"","_genesis_custom_post_class":"","_genesis_layout":"","footnotes":""},"categories":[7,13624],"tags":[],"class_list":{"0":"post-131455","1":"post","2":"type-post","3":"status-publish","4":"format-standard","6":"category-musik","7":"category-toppnytt","8":"entry"},"_links":{"self":[{"href":"https:\/\/kulturbloggen.com\/index.php?rest_route=\/wp\/v2\/posts\/131455","targetHints":{"allow":["GET"]}}],"collection":[{"href":"https:\/\/kulturbloggen.com\/index.php?rest_route=\/wp\/v2\/posts"}],"about":[{"href":"https:\/\/kulturbloggen.com\/index.php?rest_route=\/wp\/v2\/types\/post"}],"author":[{"embeddable":true,"href":"https:\/\/kulturbloggen.com\/index.php?rest_route=\/wp\/v2\/users\/13"}],"replies":[{"embeddable":true,"href":"https:\/\/kulturbloggen.com\/index.php?rest_route=%2Fwp%2Fv2%2Fcomments&post=131455"}],"version-history":[{"count":2,"href":"https:\/\/kulturbloggen.com\/index.php?rest_route=\/wp\/v2\/posts\/131455\/revisions"}],"predecessor-version":[{"id":131458,"href":"https:\/\/kulturbloggen.com\/index.php?rest_route=\/wp\/v2\/posts\/131455\/revisions\/131458"}],"wp:attachment":[{"href":"https:\/\/kulturbloggen.com\/index.php?rest_route=%2Fwp%2Fv2%2Fmedia&parent=131455"}],"wp:term":[{"taxonomy":"category","embeddable":true,"href":"https:\/\/kulturbloggen.com\/index.php?rest_route=%2Fwp%2Fv2%2Fcategories&post=131455"},{"taxonomy":"post_tag","embeddable":true,"href":"https:\/\/kulturbloggen.com\/index.php?rest_route=%2Fwp%2Fv2%2Ftags&post=131455"}],"curies":[{"name":"wp","href":"https:\/\/api.w.org\/{rel}","templated":true}]}}