{"id":131019,"date":"2019-12-29T04:23:19","date_gmt":"2019-12-29T02:23:19","guid":{"rendered":"https:\/\/kulturbloggen.com\/?p=131019"},"modified":"2019-12-30T01:39:57","modified_gmt":"2019-12-29T23:39:57","slug":"kontemplativ-sinnrik-vav-manen-och-den-eviga-kon-av-irene-sjoberg-lundin-ove-almgren-och-jila-mossaed","status":"publish","type":"post","link":"https:\/\/kulturbloggen.com\/?p=131019","title":{"rendered":"Kontemplativ sinnrik v\u00e4v &#8211; M\u00e5nen och den eviga kon av Ir\u00e9ne Sj\u00f6berg &#8211; Lundin\/ Owe Almgren och Jila Mossaed"},"content":{"rendered":"\n<figure class=\"wp-block-image\"><img loading=\"lazy\" decoding=\"async\" width=\"650\" height=\"648\" src=\"https:\/\/kulturbloggen.com\/wp-content\/uploads\/2019\/12\/28164848-RPrD7.jpg\" alt=\"\" class=\"wp-image-131020\" srcset=\"https:\/\/kulturbloggen.com\/wp-content\/uploads\/2019\/12\/28164848-RPrD7.jpg 650w, https:\/\/kulturbloggen.com\/wp-content\/uploads\/2019\/12\/28164848-RPrD7-150x150.jpg 150w, https:\/\/kulturbloggen.com\/wp-content\/uploads\/2019\/12\/28164848-RPrD7-300x300.jpg 300w\" sizes=\"auto, (max-width: 650px) 100vw, 650px\" \/><figcaption>Omslagsm\u00e5lning Ir\u00e9ne Sj\u00f6berg Lundin<br><\/figcaption><\/figure>\n\n\n\n<p>Ir\u00e9ne Sj\u00f6berg &#8211; Lundin, Owe Almgren och Jila Mossaed<\/p>\n\n\n\n<p>M\u00e5nen och den eviga kon<\/p>\n\n\n\n<p>4<\/p>\n\n\n\n<p>Inspelad och mixad av \u00c5ke Linton maj 2019 i Svenska Grammofonstudion G\u00f6teborg<\/p>\n\n\n\n<p>Mastering: Henrik Als\u00e9r, Ultimate Mastering<\/p>\n\n\n\n<p>Producerad av Oh Yeah Records med st\u00f6d av Per G\u00f6ran Traung<\/p>\n\n\n\n<p>40:17<\/p>\n\n\n\n<p>Release: 27\/9 2019<\/p>\n\n\n\n<p>Med tanke p\u00e5 omedelbara n\u00e4rheten till G\u00f6teborg har det \u00e4nd\u00e5 ordnats en hel del kulturevenemang under de snart 35 \u00e5r jag bott i M\u00f6lndal. F\u00f6r att anknyta till f\u00f6religgande skiva, har i sexton \u00e5r extroverta eldsj\u00e4len Ir\u00e9ne Sj\u00f6berg-Lundin &#8211; tidigare kantor i Svenska Kyrkan &#8211; arrangerat omv\u00e4xlande program med utomordentlig verksh\u00f6jd. \u00c5tskilliga celebriteter har g\u00e4stat under \u00e5rens lopp.  Har varit  publik n\u00e4r hon bjudit in till festival i F\u00e4ssbergs kyrka, program i kyrkorna i Stensj\u00f6ns f\u00f6rsamling, Kulturhallen (numera second hand butik), i sitt galleri,  pianokonserter i Fabriken samt konstn\u00e4rliga tilldragelser i katakomberna i G\u00f6taforsliden intill; en unik plats som utgjort bas f\u00f6r omfattande verksamheten. Har alltid g\u00e5tt med \u00f6ppna sinnen utan pressen att vara \u00e5lagd skrivuppdrag. Efter att i november lyssnat p\u00e5 en suggestiv duo som musicerade p\u00e5 flygel och kontrabas, interfolierat med l\u00e4sning av \u00f6sterl\u00e4ndsk poesi, erh\u00f6ll jag ett ex av <em>M\u00e5nen och den eviga kon. <\/em>Titeln \u00e4r synonym med  Jila Mossaeds f\u00f6rsta bok skriven p\u00e5 svenska.  Vad vi h\u00f6r p\u00e5 albumet \u00e4r vad som \u00e4gde rum i maj i Katakomberna inf\u00f6r en and\u00e4ktig publik. Under publiken forsar vattenmassorna i M\u00f6lndals\u00e5n.<\/p>\n\n\n\n<p>Med oregelbundna mellanrum planerar s\u00e5ledes arrang\u00f6ren in konserter med sig sj\u00e4lv p\u00e5 scen. Det g\u00f6r hon enligt mitt f\u00f6rmenande r\u00e4tt i, \u00e4r l\u00e4tt att falla f\u00f6r hennes uts\u00f6kta, impressionistiska stil.  Sj\u00f6berg &#8211; Lundin best\u00e4mde sig f\u00f6r att pianots harmonier skulle m\u00f6tas av toner fr\u00e5n elbas, varvid hon kontaktade sin favorit Owe Almgren boendes p\u00e5 n\u00e4ra avst\u00e5nd. Upprinnelsen till id\u00e9n bestod i en f\u00f6rtjusning, n\u00e4r Ir\u00e9ne bekantade sig med poesin av kvinnan som 1986 flydde fr\u00e5n Iran.  Blev ett telefonsamtal till den nyligen invalde akademiledamoten Jila Mossaed boende i G\u00f6teborg.  Att hon tackade ja till att komma och l\u00e4sa var f\u00f6rst\u00e5s sj\u00e4lva  f\u00f6ruts\u00e4ttningen f\u00f6r projektet som s\u00e5dant. <\/p>\n\n\n\n<p>Duon spelar tre stycken av pianisten och f\u00f6retar sig d\u00e4rtill ett antal improvisationer. Mestadels separerat men vid enstaka tillf\u00e4llen integrerat med musiken l\u00e4ser Mossaed ur sina fyra senaste diktsamlingar. P\u00e5 albumets insida ber\u00e4ttar initiativtagaren att hon f\u00f6r\u00e4lskade sig i poesin med sitt vackra spr\u00e5k och m\u00e5nga ber\u00e4ttelser. <em>&#8221;S\u00e5 mycket av allt, sorg, saknad, k\u00e4rlek, hopp&#8230;&#8221; <\/em>Jag har h\u00f6rt prisbel\u00f6nte Mossaed deklamera sin poesi ett par g\u00e5nger. L\u00e4gger nu m\u00e4rke till att hon korsar den stora v\u00e4rlden med den lilla genom drastiska metaforer. I eminenta upps\u00e4ttningen <em>Upprorets poet <\/em> l\u00e5ter hon som manusf\u00f6rfattare en av den unga sk\u00e5despelarna figurera som alter ego. Finns en komplikation med att kvinnan som flydde Iran som 38-\u00e5ring l\u00e4ser sina egna dikter En p\u00e5taglig brytning \u00e4r noterbar. Att vissa ljud inte kan uttalas korrekt blir rent av till ett uppslag. \u00c5 andra sidan onekligen en tyngd och seriositet n\u00e4r orden kommer direkt fr\u00e5n k\u00e4llan. Tyv\u00e4rr finns inte texth\u00e4fte bifogat, vilket g\u00f6r att den genuint intresserade f\u00e5r leta i bokl\u00e5dor. <\/p>\n\n\n\n<figure class=\"wp-block-image\"><img loading=\"lazy\" decoding=\"async\" width=\"237\" height=\"300\" src=\"https:\/\/kulturbloggen.com\/wp-content\/uploads\/2019\/12\/fa\u0308rg-237x300.jpg\" alt=\"\" class=\"wp-image-131035\" \/><figcaption>foto Eva Bergstr\u00f6m<\/figcaption><\/figure>\n\n\n\n<p>Tycker mycket om inledande <em>Love to&#8230; <\/em>L\u00e5ter omfamnande och \u00f6ppen, en v\u00e4rdig och stillsam komposition som repriseras allra sist. N\u00e4r melodin \u00e5terkommer h\u00f6rs i f\u00f6rgrunden poetens r\u00f6st. Melankoliska ackord p\u00e5 flygeln backas upp av fink\u00e4nslig, lagom dov elbas. Tonerna s\u00f6ker sig fram, fast paradoxalt nog p\u00e5 ett m\u00e5lmedvetet s\u00e4tt. Efterhand f\u00f6rskjuts elbasens underst\u00f6djande roll, dess position flyttas fram. I \u00f6vrigt framst\u00e5r musiken \u00f6verv\u00e4gande som skisser, liknar demoversioner. Ibland ter sig improvisationen  experimentell utan att kantra,  n\u00e4r pianostr\u00e4ngar sl\u00e5s an och f\u00f6rsynt mullrande basg\u00e5ngar ger sig till k\u00e4nna.. \u00c5ttonde sp\u00e5ret b\u00f6rjar med intro p\u00e5 elbas. Uppskattar hur den egentligen aparta duon f\u00f6renar sig, deras naturliga handlag med sina instrument.<\/p>\n\n\n\n<p>M\u00e5nga har med framg\u00e5ng tonsatt dikter. Tror d\u00e4remot det \u00e4r t\u00e4mligen s\u00e4llsynt att man producerar plattor d\u00e4r musik och dikt \u00e4r skilda uttryck, \u00e4ven om de stundtals samexisterar. H\u00e5ller med skivbolaget (som drivs av familjen Almgren) om att musiken \u00e4r dels meditativ, dels kraftfull. I mina \u00f6ron l\u00e5ter det genrefritt, m\u00f6jligen med en oh\u00e4mmad dragning \u00e5t kammarjazz eller eftert\u00e4nksamt soundtrack. Om mitt tips bidrar till att fler hittar detta vackra verk fyllt av kreativitet och sinnrika strofer, har min f\u00f6resats infriats.<\/p>\n\n\n\n<p><\/p>\n\n\n\n<p><\/p>\n\n\n\n<p><\/p>\n\n\n\n<p>    <\/p>\n\n\n\n<p><\/p>\n\n\n\n<p><\/p>\n","protected":false},"excerpt":{"rendered":"<p>Ir\u00e9ne Sj\u00f6berg &#8211; Lundin, Owe Almgren och Jila Mossaed M\u00e5nen och den eviga kon 4 Inspelad och mixad av \u00c5ke Linton maj 2019 i Svenska Grammofonstudion G\u00f6teborg Mastering: Henrik Als\u00e9r, Ultimate Mastering Producerad av Oh Yeah Records med st\u00f6d av Per G\u00f6ran Traung 40:17 Release: 27\/9 2019 Med tanke p\u00e5 omedelbara n\u00e4rheten till G\u00f6teborg har [&hellip;]<\/p>\n","protected":false},"author":34,"featured_media":0,"comment_status":"closed","ping_status":"closed","sticky":false,"template":"","format":"standard","meta":{"_genesis_hide_title":false,"_genesis_hide_breadcrumbs":false,"_genesis_hide_singular_image":false,"_genesis_hide_footer_widgets":false,"_genesis_custom_body_class":"","_genesis_custom_post_class":"","_genesis_layout":"","footnotes":""},"categories":[22],"tags":[],"class_list":{"0":"post-131019","1":"post","2":"type-post","3":"status-publish","4":"format-standard","6":"category-skivor","7":"entry"},"_links":{"self":[{"href":"https:\/\/kulturbloggen.com\/index.php?rest_route=\/wp\/v2\/posts\/131019","targetHints":{"allow":["GET"]}}],"collection":[{"href":"https:\/\/kulturbloggen.com\/index.php?rest_route=\/wp\/v2\/posts"}],"about":[{"href":"https:\/\/kulturbloggen.com\/index.php?rest_route=\/wp\/v2\/types\/post"}],"author":[{"embeddable":true,"href":"https:\/\/kulturbloggen.com\/index.php?rest_route=\/wp\/v2\/users\/34"}],"replies":[{"embeddable":true,"href":"https:\/\/kulturbloggen.com\/index.php?rest_route=%2Fwp%2Fv2%2Fcomments&post=131019"}],"version-history":[{"count":19,"href":"https:\/\/kulturbloggen.com\/index.php?rest_route=\/wp\/v2\/posts\/131019\/revisions"}],"predecessor-version":[{"id":131041,"href":"https:\/\/kulturbloggen.com\/index.php?rest_route=\/wp\/v2\/posts\/131019\/revisions\/131041"}],"wp:attachment":[{"href":"https:\/\/kulturbloggen.com\/index.php?rest_route=%2Fwp%2Fv2%2Fmedia&parent=131019"}],"wp:term":[{"taxonomy":"category","embeddable":true,"href":"https:\/\/kulturbloggen.com\/index.php?rest_route=%2Fwp%2Fv2%2Fcategories&post=131019"},{"taxonomy":"post_tag","embeddable":true,"href":"https:\/\/kulturbloggen.com\/index.php?rest_route=%2Fwp%2Fv2%2Ftags&post=131019"}],"curies":[{"name":"wp","href":"https:\/\/api.w.org\/{rel}","templated":true}]}}