{"id":130972,"date":"2019-12-24T11:08:22","date_gmt":"2019-12-24T09:08:22","guid":{"rendered":"https:\/\/kulturbloggen.com\/?p=130972"},"modified":"2019-12-24T11:09:08","modified_gmt":"2019-12-24T09:09:08","slug":"lyssna-pugh-rogefeldt-jesus-i-mobilen","status":"publish","type":"post","link":"https:\/\/kulturbloggen.com\/?p=130972","title":{"rendered":"Lyssna: Pugh Rogefeldt &#8211; Jesus i mobilen"},"content":{"rendered":"<p><img loading=\"lazy\" decoding=\"async\" class=\"aligncenter size-full wp-image-130974\" src=\"https:\/\/kulturbloggen.com\/wp-content\/uploads\/2019\/12\/unnamed-4-2.jpg\" alt=\"\" width=\"337\" height=\"337\" srcset=\"https:\/\/kulturbloggen.com\/wp-content\/uploads\/2019\/12\/unnamed-4-2.jpg 337w, https:\/\/kulturbloggen.com\/wp-content\/uploads\/2019\/12\/unnamed-4-2-150x150.jpg 150w, https:\/\/kulturbloggen.com\/wp-content\/uploads\/2019\/12\/unnamed-4-2-300x300.jpg 300w\" sizes=\"auto, (max-width: 337px) 100vw, 337px\" \/><\/p>\n<p>Pugh Rogefeldt sl\u00e4pper ny singel p\u00e5 julafton: Jesus i mobilen.<br \/>\nHan ber\u00e4ttar om bakgrunden till singelsl\u00e4ppet i ett pressmail:<\/p>\n<p>Om n\u00e5n fr\u00e5gat mej f\u00f6r tio \u00e5r sen om jag kan t\u00e4nka mej att spela in religi\u00f6sa l\u00e5tar hade jag svarat nej.<\/p>\n<p>D\u00e5 visste jag inte vilken inneboende kraft s\u00e5n musik och texter kan ha. F\u00f6r ett \u00e5r sen spelade min sjutton\u00e5rige son som \u00e4r mycket musikintresserad ett par s\u00e5nger med en bluess\u00e5ngare Blind Willie Johnsson inspelad i slutet av nittonhundratjugiotalet.<br \/>\nJag f\u00f6ll pladask inf\u00f6r intensiteten.<br \/>\nSen dess har jag intresserat mej f\u00f6r framf\u00f6r allt gospel fr\u00e5n USA. Har vart en fantastisk resa.<br \/>\nKunde inte l\u00e5ta bli att f\u00f6rs\u00f6ka mej p\u00e5 Svenska tolkningar.<br \/>\nBlev s\u00e5 lyckat att vi, jag och Micke Lyander som \u00e4ger Sandkvie studio i Visby kontaktade Johan Lindstr\u00f6m f\u00f6r att producera.<br \/>\nHan tackade genast ja och kom hit till \u00d6n med n\u00e5gra vassa musiker f\u00f6r n\u00e5gra m\u00e5nader sen.<br \/>\nBlev ett knippe s\u00e5nger.<br \/>\nBlandat med ett par av inte s\u00e5 k\u00e4nda psalmer med egna nya texter.<\/p>\n<p>P\u00e5 julafton 2019 kommer den f\u00f6rsta.<br \/>\n&#8221;Jesus i Mobilen&#8221; som ett smakprov.<br \/>\nEn traditionell s\u00e5ng Jesus on the Mainline som jag har h\u00f6rt genom Staple Singers och Ry Cooder.<br \/>\nFler kommer senare.<br \/>\nNej jag tar det h\u00e4r mest med gl\u00e4dje och \u2026.<br \/>\nJAG HAR INTE BLIVIT RELIGI\u00d6S<\/p>\n<p><iframe loading=\"lazy\" src=\"https:\/\/open.spotify.com\/embed\/album\/3JjxC64SMBgOZDIxLtQaLQ\" width=\"300\" height=\"380\" frameborder=\"0\" allowtransparency=\"true\" allow=\"encrypted-media\"><\/iframe><\/p>\n","protected":false},"excerpt":{"rendered":"<p>Pugh Rogefeldt sl\u00e4pper ny singel p\u00e5 julafton: Jesus i mobilen. Han ber\u00e4ttar om bakgrunden till singelsl\u00e4ppet i ett pressmail: Om n\u00e5n fr\u00e5gat mej f\u00f6r tio \u00e5r sen om jag kan t\u00e4nka mej att spela in religi\u00f6sa l\u00e5tar hade jag svarat nej. D\u00e5 visste jag inte vilken inneboende kraft s\u00e5n musik och texter kan ha. F\u00f6r [&hellip;]<\/p>\n","protected":false},"author":13,"featured_media":0,"comment_status":"closed","ping_status":"closed","sticky":false,"template":"","format":"standard","meta":{"_genesis_hide_title":false,"_genesis_hide_breadcrumbs":false,"_genesis_hide_singular_image":false,"_genesis_hide_footer_widgets":false,"_genesis_custom_body_class":"","_genesis_custom_post_class":"","_genesis_layout":"","footnotes":""},"categories":[7,13624],"tags":[],"class_list":{"0":"post-130972","1":"post","2":"type-post","3":"status-publish","4":"format-standard","6":"category-musik","7":"category-toppnytt","8":"entry"},"_links":{"self":[{"href":"https:\/\/kulturbloggen.com\/index.php?rest_route=\/wp\/v2\/posts\/130972","targetHints":{"allow":["GET"]}}],"collection":[{"href":"https:\/\/kulturbloggen.com\/index.php?rest_route=\/wp\/v2\/posts"}],"about":[{"href":"https:\/\/kulturbloggen.com\/index.php?rest_route=\/wp\/v2\/types\/post"}],"author":[{"embeddable":true,"href":"https:\/\/kulturbloggen.com\/index.php?rest_route=\/wp\/v2\/users\/13"}],"replies":[{"embeddable":true,"href":"https:\/\/kulturbloggen.com\/index.php?rest_route=%2Fwp%2Fv2%2Fcomments&post=130972"}],"version-history":[{"count":5,"href":"https:\/\/kulturbloggen.com\/index.php?rest_route=\/wp\/v2\/posts\/130972\/revisions"}],"predecessor-version":[{"id":130978,"href":"https:\/\/kulturbloggen.com\/index.php?rest_route=\/wp\/v2\/posts\/130972\/revisions\/130978"}],"wp:attachment":[{"href":"https:\/\/kulturbloggen.com\/index.php?rest_route=%2Fwp%2Fv2%2Fmedia&parent=130972"}],"wp:term":[{"taxonomy":"category","embeddable":true,"href":"https:\/\/kulturbloggen.com\/index.php?rest_route=%2Fwp%2Fv2%2Fcategories&post=130972"},{"taxonomy":"post_tag","embeddable":true,"href":"https:\/\/kulturbloggen.com\/index.php?rest_route=%2Fwp%2Fv2%2Ftags&post=130972"}],"curies":[{"name":"wp","href":"https:\/\/api.w.org\/{rel}","templated":true}]}}