{"id":130947,"date":"2019-12-22T04:30:44","date_gmt":"2019-12-22T02:30:44","guid":{"rendered":"https:\/\/kulturbloggen.com\/?p=130947"},"modified":"2019-12-22T13:27:19","modified_gmt":"2019-12-22T11:27:19","slug":"frisinnad-jazz-med-ena-foten-i-folkton-live-i-umea-av-karolina-almgren-project","status":"publish","type":"post","link":"https:\/\/kulturbloggen.com\/?p=130947","title":{"rendered":"Frisinnad jazz med ena foten i folkton &#8211; Live i Ume\u00e5 av Karolina Almgren project"},"content":{"rendered":"\n<figure class=\"wp-block-image\"><img loading=\"lazy\" decoding=\"async\" width=\"650\" height=\"650\" src=\"https:\/\/kulturbloggen.com\/wp-content\/uploads\/2019\/12\/90069564-VHFQg.jpg\" alt=\"\" class=\"wp-image-130948\" srcset=\"https:\/\/kulturbloggen.com\/wp-content\/uploads\/2019\/12\/90069564-VHFQg.jpg 650w, https:\/\/kulturbloggen.com\/wp-content\/uploads\/2019\/12\/90069564-VHFQg-150x150.jpg 150w, https:\/\/kulturbloggen.com\/wp-content\/uploads\/2019\/12\/90069564-VHFQg-300x300.jpg 300w\" sizes=\"auto, (max-width: 650px) 100vw, 650px\" \/><figcaption>Foto: Lina Arvidsson<\/figcaption><\/figure>\n\n\n\n<p>Artist: Karolina Almgren Project<\/p>\n\n\n\n<p>Titel: Live i Ume\u00e5<\/p>\n\n\n\n<p>Betyg: 4<\/p>\n\n\n\n<p>Inspelad 22\/11 2018 under Ume\u00e5 jazzfestival <\/p>\n\n\n\n<p>Mixning &amp; mastring: Henrik Als\u00e9r<\/p>\n\n\n\n<p>Producerad och utgiven av Oh Yeah Records<\/p>\n\n\n\n<p>57:11<\/p>\n\n\n\n<p>Releasedatum: 6\/12 2019<\/p>\n\n\n\n<p>Ett debutalbum vars uruppf\u00f6rande jag h\u00f6rde i Ystad 2017, fast d\u00e5 med annan cellist. Tyckte om musiken som var en best\u00e4llning fr\u00e5n ledningen f\u00f6r stadens jazzfestival. Tidigare samma \u00e5r skrev Karolina Almgren flertalet l\u00e5tar plus samtliga arr till sitt projekt, n\u00e4r hon vistades i Visby som Composer in Residence. Musiken \u00e4r en blandning av mer eller mindre spretande jazz och svensk folkton i olika tempo. Karolina \u00e4r mest k\u00e4nd fr\u00e5n prisade syskonduon Sisters of Invention, har  skrivit f\u00f6r exempelvis Bohusl\u00e4n Big Band, flera g\u00e5nger nominerats till Jazzkatten och hennes  sopransax har f\u00f6rekommit i flera sk\u00e5nska sammanhang (Fanny Gunnarsson Quart, KAALM&#8230;) Hon har g\u00e5tt den vanliga v\u00e4gen numera, fhs d\u00e4rp\u00e5 Musikh\u00f6gskolan i Malm\u00f6.<\/p>\n\n\n\n<p>Projektledaren har valt att omge sig med celebriteten Svante Henryson p\u00e5 cello. I \u00f6vrigt uteslutande kvinnor: Systern Malin p\u00e5 trumset och klockspel, mamma Martina p\u00e5 trummor och percussion samt kontrabasisten Isa Savbrant (Marit Bergman mm). Verkligen en unik s\u00e4ttning. Kan skjuta in att jag \u00e5tminstone vid tre tillf\u00e4llen h\u00f6rt Sisters of Invention live och att jag i Falkenberg h\u00f6rt familjebandet Almgren, det vill s\u00e4ga n\u00e4mnda systrar, mamma och pappa Ove p\u00e5 elbas. F\u00f6r att g\u00f6ra bilden \u00e4nnu mer komplett, meddelas  att Oh Yeah Records \u00e4r familjens eget skivbolag.<\/p>\n\n\n\n<figure class=\"wp-block-image\"><img loading=\"lazy\" decoding=\"async\" width=\"650\" height=\"467\" src=\"https:\/\/kulturbloggen.com\/wp-content\/uploads\/2019\/12\/90100962-LMy5E.jpg\" alt=\"\" class=\"wp-image-130956\" srcset=\"https:\/\/kulturbloggen.com\/wp-content\/uploads\/2019\/12\/90100962-LMy5E.jpg 650w, https:\/\/kulturbloggen.com\/wp-content\/uploads\/2019\/12\/90100962-LMy5E-300x216.jpg 300w\" sizes=\"auto, (max-width: 650px) 100vw, 650px\" \/><figcaption>foto Lina Arvidsson<\/figcaption><\/figure>\n\n\n\n<p>F\u00f6rst av tio l\u00e5tar kommer  ett solostycke p\u00e5 sopransaxofon. Tv\u00e5 teman spelas v\u00e4xelvis, varav det ena  \u00e4r \u00e4lskade <em>Uti v\u00e5r hage<\/em>. Man kan misst\u00e4nka att l\u00e5ten ursprungligen arrades utifr\u00e5n lekfull impro. Den f\u00f6rsta av Karolinas original tar vid. H\u00f6r klockspel, fyllig bas och tv\u00e5 trumset som framst\u00e4ller tassande rytmer. Melodin andas optimism. Sp\u00e4nnande f\u00f6rdelning av tyngd kontra spr\u00f6da toner, vilket ocks\u00e5 k\u00e4nnetecknar sj\u00e4lva albumet. Ih\u00e4rdigt m\u00e5lande ljusa toner p\u00e5 bl\u00e5sinstrument inf\u00f6rlivas i ett suggestivt sound, d\u00e4r cellon f\u00e5r tr\u00e4da fram i helfigur. Syftar p\u00e5 en vindlande l\u00e5t av Wayne Shorter fr\u00e5n -64 betitlad <em>Mahjong <\/em>(som jag har p\u00e5 cd). Virtuose Henryson (h\u00e4rligt brokigt cv) tillf\u00f6r ett fr\u00e4ckt solo, medan basg\u00e5ngens utformning leder tanken till Rena Rama. <\/p>\n\n\n\n<p>Basisten Isa Savbrant har ett uppfriskande solo i <i>In A Sentimental Mood, <\/i>evergreen i ny tappning. Att Ellingtons ballad svidas om resulterar i en toppnotering. Omdaningen av <em>Ack V\u00e4rmeland du sk\u00f6na <\/em>\u00e4r knepigare att greppa. Efter full\u00e4ndat intro av  v\u00e4rldsstj\u00e4rnan p\u00e5 cello utbryter luftigt, aptitligt trumspel i dubbel upplaga. Arrangemanget \u00e4r dock s\u00e5 halsbrytande att den vemodiga melodin hamnar i skym undan. Kan n\u00e4ppeligen ha gjorts n\u00e5gon vildare version n\u00e5gonsin. Svepande linjer p\u00e5 saxofon glider s\u00f6ml\u00f6st ihop med cross-over musikerns str\u00e5kdrag. Aprop\u00e5 s\u00e4rpr\u00e4glade tolkningar sminkas en standard som <em>Here\u00b4s That Rainy Day <\/em>till n\u00e4rmast oigenk\u00e4nnlighet. Tv\u00e5 lyckade kompositioner av 27-\u00e5ringen avrundar. Dels en l\u00e5t med groove i h\u00f6gs\u00e4tet, dels  en sak som kan liknas vid en omv\u00e4xlande resa vars referens f\u00e5r bli Charlie Haden. L\u00e5ter stillsamt och kr\u00e4ngande om vartannat.<\/p>\n\n\n\n<figure class=\"wp-block-image\"><img loading=\"lazy\" decoding=\"async\" width=\"433\" height=\"650\" src=\"https:\/\/kulturbloggen.com\/wp-content\/uploads\/2019\/12\/90100943-nkKp8.jpg\" alt=\"\" class=\"wp-image-130964\" srcset=\"https:\/\/kulturbloggen.com\/wp-content\/uploads\/2019\/12\/90100943-nkKp8.jpg 433w, https:\/\/kulturbloggen.com\/wp-content\/uploads\/2019\/12\/90100943-nkKp8-200x300.jpg 200w\" sizes=\"auto, (max-width: 433px) 100vw, 433px\" \/><figcaption>foto Lina Arvidsson<\/figcaption><\/figure>\n\n\n\n<p>Karolina Almgren \u00e4r en mycket duktig saxofonist och en intressant komposit\u00f6r, n\u00e5gon som inte v\u00e4jer f\u00f6r att utmana. F\u00f6r mina \u00f6ron blir det stundtals ovant med s\u00e5 m\u00e5nga g\u00e4lla toner i samlad form. Hade \u00f6nskat att hon inte bara spelat sopran. D\u00e5 jag lyssnade igenom skivan i h\u00f6rlurar, framstod den inte lika tillg\u00e4nglig som vid uruppf\u00f6randet i Ystad. F\u00f6rmodligen kan min mottaglighet tr\u00e4nas upp.<\/p>\n\n\n\n<p> Obestridligen har vi att g\u00f6ra rikhaltig musik som erbjuder m\u00e5nga delikatesser, skapad av en kvinna uppv\u00e4xt i M\u00f6lnlycke. Anm\u00e4rkningsv\u00e4rt att trumspelet inte tar \u00f6ver, ist\u00e4llet dynamiskt och flerskiktat. Samspelet \u00e4r finemang, ljudbilden oklanderlig och alla instrument ges utrymme i framkant. Och somliga l\u00e5tar\/ arrangemang b\u00f6r definitivt kallas m\u00e4sterverk.<\/p>\n\n\n\n<p><\/p>\n","protected":false},"excerpt":{"rendered":"<p>Artist: Karolina Almgren Project Titel: Live i Ume\u00e5 Betyg: 4 Inspelad 22\/11 2018 under Ume\u00e5 jazzfestival Mixning &amp; mastring: Henrik Als\u00e9r Producerad och utgiven av Oh Yeah Records 57:11 Releasedatum: 6\/12 2019 Ett debutalbum vars uruppf\u00f6rande jag h\u00f6rde i Ystad 2017, fast d\u00e5 med annan cellist. Tyckte om musiken som var en best\u00e4llning fr\u00e5n ledningen [&hellip;]<\/p>\n","protected":false},"author":34,"featured_media":0,"comment_status":"closed","ping_status":"closed","sticky":false,"template":"","format":"standard","meta":{"_genesis_hide_title":false,"_genesis_hide_breadcrumbs":false,"_genesis_hide_singular_image":false,"_genesis_hide_footer_widgets":false,"_genesis_custom_body_class":"","_genesis_custom_post_class":"","_genesis_layout":"","footnotes":""},"categories":[16,20,22],"tags":[],"class_list":{"0":"post-130947","1":"post","2":"type-post","3":"status-publish","4":"format-standard","6":"category-recension","7":"category-film","8":"category-skivor","9":"entry"},"_links":{"self":[{"href":"https:\/\/kulturbloggen.com\/index.php?rest_route=\/wp\/v2\/posts\/130947","targetHints":{"allow":["GET"]}}],"collection":[{"href":"https:\/\/kulturbloggen.com\/index.php?rest_route=\/wp\/v2\/posts"}],"about":[{"href":"https:\/\/kulturbloggen.com\/index.php?rest_route=\/wp\/v2\/types\/post"}],"author":[{"embeddable":true,"href":"https:\/\/kulturbloggen.com\/index.php?rest_route=\/wp\/v2\/users\/34"}],"replies":[{"embeddable":true,"href":"https:\/\/kulturbloggen.com\/index.php?rest_route=%2Fwp%2Fv2%2Fcomments&post=130947"}],"version-history":[{"count":19,"href":"https:\/\/kulturbloggen.com\/index.php?rest_route=\/wp\/v2\/posts\/130947\/revisions"}],"predecessor-version":[{"id":130970,"href":"https:\/\/kulturbloggen.com\/index.php?rest_route=\/wp\/v2\/posts\/130947\/revisions\/130970"}],"wp:attachment":[{"href":"https:\/\/kulturbloggen.com\/index.php?rest_route=%2Fwp%2Fv2%2Fmedia&parent=130947"}],"wp:term":[{"taxonomy":"category","embeddable":true,"href":"https:\/\/kulturbloggen.com\/index.php?rest_route=%2Fwp%2Fv2%2Fcategories&post=130947"},{"taxonomy":"post_tag","embeddable":true,"href":"https:\/\/kulturbloggen.com\/index.php?rest_route=%2Fwp%2Fv2%2Ftags&post=130947"}],"curies":[{"name":"wp","href":"https:\/\/api.w.org\/{rel}","templated":true}]}}