{"id":130633,"date":"2019-12-10T02:30:49","date_gmt":"2019-12-10T00:30:49","guid":{"rendered":"https:\/\/kulturbloggen.com\/?p=130633"},"modified":"2019-12-10T16:07:34","modified_gmt":"2019-12-10T14:07:34","slug":"upplyftande-soare-prioriterar-komiska-aspekten-nya-friska-tage-med-kalle-lind-mimi-terris-pa-nefertiti","status":"publish","type":"post","link":"https:\/\/kulturbloggen.com\/?p=130633","title":{"rendered":"Upplyftande soar\u00e9 prioriterar komiska aspekten &#8211; Nya friska Tage med Kalle Lind &amp; Mimi Terris p\u00e5 Nefertiti"},"content":{"rendered":"\n<figure class=\"wp-block-image\"><img loading=\"lazy\" decoding=\"async\" width=\"488\" height=\"650\" src=\"https:\/\/kulturbloggen.com\/wp-content\/uploads\/2019\/12\/78585077_10156767127031966_194919995442987008_o.jpg\" alt=\"\" class=\"wp-image-130634\" srcset=\"https:\/\/kulturbloggen.com\/wp-content\/uploads\/2019\/12\/78585077_10156767127031966_194919995442987008_o.jpg 488w, https:\/\/kulturbloggen.com\/wp-content\/uploads\/2019\/12\/78585077_10156767127031966_194919995442987008_o-225x300.jpg 225w\" sizes=\"auto, (max-width: 488px) 100vw, 488px\" \/><figcaption>foto Claes Decker<\/figcaption><\/figure>\n\n\n\n<p>Kalle Lind &amp; Mimi Terris plus musiker<\/p>\n\n\n\n<p>Nya friska Tage &#8211; program om Hasse &amp; Tage<\/p>\n\n\n\n<p>Nefertiti i G\u00f6teborg<\/p>\n\n\n\n<p>8\/12 2019<\/p>\n\n\n\n<p>5<\/p>\n\n\n\n<p>G\u00f6teborgs \u00e4ldsta livescen \u00e4r v\u00e4lfylld en s\u00f6ndagskv\u00e4ll. Inte alls konstigt eftersom \u00e4mnet lockar och den som h\u00e5ller i tr\u00e5darna \u00e4r en oefterh\u00e4rmligt verbal mediak\u00e4ndis. Andra halvan av vad manus- och bokf\u00f6rfattaren  kallar  soar\u00e9 \u00e4r vikt \u00e5t \u00e4lskade s\u00e5nger signerade enheten Hasse Alfredsson och Tage Danielsson. De framf\u00f6rs med ackuratess av Mimi Terris, uppv\u00e4xt i G\u00f6teborg. Ackompanjerar  j\u00e4mte k\u00f6rar p\u00e5 ett full\u00e4ndat s\u00e4tt g\u00f6r Olof L\u00f6fgren vid flygeln, Mats Ingvarsson p\u00e5 bas samt M\u00e5ns Wikenmo bakom trumsetet. Ord och toner varvas f\u00f6rtj\u00e4nstfullt under cirka tv\u00e5 timmar utan avbrott. Publiken \u00e4r f\u00f6ga f\u00f6rv\u00e5nande med p\u00e5 noterna, skrattar hj\u00e4rtligt och ih\u00e5llande upprepade g\u00e5nger. Tillst\u00e4llningen artar sig omg\u00e5ende till en s\u00e4llsynt lyckad liveh\u00e4ndelse, l\u00e5ngt bortom  att dra igenom ett uppgjort schema p\u00e5 rutin. Flera g\u00e5nger  korrigerar en exalterad Lind sig sj\u00e4lv, genom att utbrista &#8221;<em>det var ju inte det h\u00e4r jag skulle prata om<\/em>.&#8221; N\u00e4r h\u00e4nryckning \u00f6vermannar honom f\u00f6rvandlas han till en impro-m\u00e4stare.  Precis nu sl\u00e5r det mig att jag nog aldrig haft s\u00e5 genuint roligt p\u00e5 Nef tidigare. <\/p>\n\n\n\n<p>Egna f\u00f6rhandskunskaper? Bland annat sett s\u00e5 gott som samtliga  filmer Svenska Ord gjorde, bes\u00f6kt det pyttelilla museet i Tomelilla, l\u00e4st biografi om Tage Danielsson, \u00e4ger <em>Samlade tankar fr\u00e5n roten <\/em>och <em>En ond man, <\/em>garvat \u00e5t Lindemans ordvr\u00e4ngeri samt slukat biografi om Monica Z. Tyv\u00e4rr s\u00e5g jag aldrig p\u00e5 plats n\u00e5gon av de klassiska revyerna. Kalle Lind ber\u00e4ttar p\u00e5 Nef dr\u00e5pliga anekdoter om sammantr\u00e4ffanden med Tage Danielssons \u00e4nka, son samt med Hasse Alfredsson  under hans period som chef f\u00f6r Skansen. <\/p>\n\n\n\n<p>Att Hasse Alfredsson trots rubriken hamnat i manus, beror sannolikt p\u00e5 Jane Magnussons aktuella dokument\u00e4r om ab Svenska Ord d\u00e4r Kalle Lind p\u00e5 ett h\u00f6rn agerar ciceron. Ett annat  tungt v\u00e4gande sk\u00e4l \u00e4r f\u00f6rst\u00e5s den nyligen utkomna biografin om  det andra geniet i duon, som den v\u00e4ltalige n\u00f6jesarkeologen skrivit. Publiken f\u00e5 reda p\u00e5 att Kalle Linds livsl\u00e5nga besatthet av Hasse &amp; Tage b\u00f6rjade redan tidigt i barndomen, n\u00e4r han kommer i kontakt med den freestylande Lindeman. Och upprinnelsen till formatet uppstod n\u00e4r  s\u00e4llskapet Tage Danielssons v\u00e4nner ville ha hans kunskaper plus n\u00e5got mer, varvid podden Snedt\u00e4nkts grundare f\u00f6reslog att han kunde ta med sig Mimi Terris. En jazzig singer song writer utrustad med guldstrupe, vars konserter jag tv\u00e5 ggr recenserat. <\/p>\n\n\n\n<figure class=\"wp-block-image\"><img loading=\"lazy\" decoding=\"async\" width=\"650\" height=\"326\" src=\"https:\/\/kulturbloggen.com\/wp-content\/uploads\/2019\/12\/thumbnail_Kalle20C.jpg\" alt=\"\" class=\"wp-image-130650\" srcset=\"https:\/\/kulturbloggen.com\/wp-content\/uploads\/2019\/12\/thumbnail_Kalle20C.jpg 650w, https:\/\/kulturbloggen.com\/wp-content\/uploads\/2019\/12\/thumbnail_Kalle20C-300x150.jpg 300w\" sizes=\"auto, (max-width: 650px) 100vw, 650px\" \/><figcaption>teckning Lennart Carlsson<\/figcaption><\/figure>\n\n\n\n<p>Bortsett fr\u00e5n Mats Ingvarsson (Sofi Hellborg, Anders Bergcrantz, Fredrik Kronkvist, Almaz Yebio\u2026) var musikerna f\u00f6r mig nya bekantskaper. Olof L\u00f6fgren har haft sin hemvist p\u00e5 Operan i Malm\u00f6, medan M\u00e5ns Wikenmo uppb\u00e4r anst\u00e4llning p\u00e5 hippa Tambourine Studios. Trion hade noll problem med att m\u00f6tas p\u00e5 gemensam planhalva,  imponerade storligen oavsett om de spelade spanskklingande i <em>Donna Juanita<\/em>, i valstakt i <em>Var blev ni av, ljuva dr\u00f6mmar?<\/em> (&#8221;s\u00e5ng om ursp\u00e5rad socialdemokrati och amerikansk imperialism.&#8221;)  eller jazzl\u00e5t f\u00f6rknippad med Sonya Hedenbratt. Pianisten ger sig tidigt h\u00e4n i ett solo, vilket f\u00f6rst\u00e5s kommenteras av Lind. F\u00e4ster mig alldeles s\u00e4rskilt vid trumslagarens f\u00f6rehavanden, vars  p\u00e5tagliga briljans sk\u00f6nt nog inte  omvandlas till excesser.  Ska vidare understrykas hur beg\u00e5vade m\u00e4nnen var p\u00e5  k\u00f6rst\u00e4mmor, mycket snarlikt Gals &amp; Pals p\u00e5 originalen. <\/p>\n\n\n\n<p>P\u00e5 sina egna premisser kan Kalle Lind beskrivas som en nutida motsvarighet till Uno Myggan Ericsson. &#8221;Barfotaforskaren&#8221; \u00e4r f\u00f6rvisso mer lagd \u00e5t det n\u00f6rdiga triviavetandet. Ger g\u00e4rna roande exempel p\u00e5 egen knappologi, till viss del p\u00e5 bekostnad av stora, svepande linjer. En huvudtes han f\u00f6rf\u00e4ktar \u00e4r emellertid, att Hasse &amp; Tage (teamet som aldrig svikit honom) alltid \u00e4gnade sig \u00e5t under-b\u00e4ltet-humor, s\u00e5 till den grad att duon var det roligaste som existerat i svensk n\u00f6jeshistoria. Vidare tillst\u00e5r Lind ett oundvikligt faktum, att somliga sketcher m\u00e5 k\u00e4nnas pass\u00e9 n\u00e4r de s\u00e4tts in i nutidens kontext.  En annan st\u00e5ndpunkt avser  inst\u00e4llningen. De ville g\u00f6ra n\u00e5got annorlunda, t\u00e4nka utanf\u00f6r boxen.45-\u00e5ringen \u00e4r van vid  mikrofon, lives\u00e4ndningar och att f\u00f6reta sig lagom l\u00e5nga utvikningar. Kommer inte av sig och k\u00e4nner av n\u00e4r han gr\u00e4nsar till att bli l\u00e5ngrandig. Han \u00f6msom k\u00e5serar slagkraftigt, \u00f6msom ber\u00e4ttar sj\u00e4lvupplevda anekdoter. Som h\u00f6jdpunkt f\u00e5r vi en talking blues, som sig b\u00f6r arrad av Mats Ingvarsson.  En homage p\u00e5 temat du har r\u00e4tt att m\u00e5 bra, som sticker h\u00e5l p\u00e5  uppbl\u00e5sthet med fyndiga rim. <\/p>\n\n\n\n<figure class=\"wp-block-image\"><img loading=\"lazy\" decoding=\"async\" width=\"650\" height=\"433\" src=\"https:\/\/kulturbloggen.com\/wp-content\/uploads\/2019\/12\/71265383_2552991114796206_318652308114112512_o.jpg\" alt=\"\" class=\"wp-image-130659\" srcset=\"https:\/\/kulturbloggen.com\/wp-content\/uploads\/2019\/12\/71265383_2552991114796206_318652308114112512_o.jpg 650w, https:\/\/kulturbloggen.com\/wp-content\/uploads\/2019\/12\/71265383_2552991114796206_318652308114112512_o-300x200.jpg 300w\" sizes=\"auto, (max-width: 650px) 100vw, 650px\" \/><figcaption>Fr\u00e5n arrangerande Nefertitis hemsida &#8211; fotograf ok\u00e4nd<\/figcaption><\/figure>\n\n\n\n<p>Aftonens clou, den som sk\u00e4nker  euforisk publik en gnutta vemod och mycket gl\u00e4dje, \u00e4r sj\u00e4lvfallet Mimi Terris.  Fortfarande os\u00e4ker p\u00e5 om musik\u00e4lskare fattat vilken plat\u00e5 hon befinner sig p\u00e5. Tack vare hennes vokalkonst med lysande frasering som fr\u00e4msta k\u00e4nnetecken, kommer jag h\u00e4danefter att klumpa ihop med blytunga kollegor som Rigmor, Isabella, Vivian, Ebba, Nina, Sofia, Lena, Irma, Sarah och Pernilla. Varje nyans g\u00e5r fram naturligt perfekt. Ur ett intelligent och underh\u00e5llande program som slipats p\u00e5 efter tio-femton framtr\u00e4danden, p\u00e5tr\u00e4ffas \u00e5tskilliga juveler.<\/p>\n\n\n\n<p> F\u00f6rutom n\u00e4mnda alster m\u00e4rks bluesigt gungande <em>Hej, man! <\/em>som Tage skrev \u00e5t Monica Zetterlund , fram\u00e5tblickande extranumret  <em>Ett glas \u00f6l, <\/em>ett obskyrt guldkorn om livet som en obekv\u00e4m t\u00e5gresa,  s\u00e5ng fr\u00e5n -64 f\u00f6rknippad med Birgitta Andersson vars rytm utvecklas till ett jublande crescendo. Terris pappa Mikael Karlsson tillh\u00f6r tr\u00e4bl\u00e5ssektionen i Bohusl\u00e4n Big Band. Han  g\u00e4star p\u00e5 sammetslen saxofon i ledmotivet till Karl-Bertil Jonssons julafton, kopierar med bravur Dompans of\u00f6rgl\u00f6mliga harmonier. I en str\u00e5lande soar\u00e9  om tv\u00e5 o\u00f6vertr\u00e4ffade n\u00f6jesikoner, ber\u00f6r dessa minuter allra mest i  ytterst v\u00e4lkomponerad underbar tillst\u00e4llning. Eftersom begivenheten genomf\u00f6rs p\u00e5 en s\u00f6ndag, t\u00f6ms lokalen osedvanligt snabbt. Man kan anta att den blandade publiken somnar med samma inre tillfredsst\u00e4llelse som julens hj\u00e4lte Karl-Bertil. Fullpo\u00e4ngaren \u00e4r given!<\/p>\n\n\n\n<p><\/p>\n\n\n\n<p><\/p>\n\n\n\n<p><\/p>\n\n\n\n<p><\/p>\n\n\n\n<p><\/p>\n\n\n\n<p><\/p>\n\n\n\n<p><\/p>\n\n\n\n<p><\/p>\n","protected":false},"excerpt":{"rendered":"<p>Kalle Lind &amp; Mimi Terris plus musiker Nya friska Tage &#8211; program om Hasse &amp; Tage Nefertiti i G\u00f6teborg 8\/12 2019 5 G\u00f6teborgs \u00e4ldsta livescen \u00e4r v\u00e4lfylld en s\u00f6ndagskv\u00e4ll. Inte alls konstigt eftersom \u00e4mnet lockar och den som h\u00e5ller i tr\u00e5darna \u00e4r en oefterh\u00e4rmligt verbal mediak\u00e4ndis. Andra halvan av vad manus- och bokf\u00f6rfattaren kallar soar\u00e9 [&hellip;]<\/p>\n","protected":false},"author":34,"featured_media":0,"comment_status":"closed","ping_status":"closed","sticky":false,"template":"","format":"standard","meta":{"_genesis_hide_title":false,"_genesis_hide_breadcrumbs":false,"_genesis_hide_singular_image":false,"_genesis_hide_footer_widgets":false,"_genesis_custom_body_class":"","_genesis_custom_post_class":"","_genesis_layout":"","footnotes":""},"categories":[20],"tags":[],"class_list":{"0":"post-130633","1":"post","2":"type-post","3":"status-publish","4":"format-standard","6":"category-film","7":"entry"},"_links":{"self":[{"href":"https:\/\/kulturbloggen.com\/index.php?rest_route=\/wp\/v2\/posts\/130633","targetHints":{"allow":["GET"]}}],"collection":[{"href":"https:\/\/kulturbloggen.com\/index.php?rest_route=\/wp\/v2\/posts"}],"about":[{"href":"https:\/\/kulturbloggen.com\/index.php?rest_route=\/wp\/v2\/types\/post"}],"author":[{"embeddable":true,"href":"https:\/\/kulturbloggen.com\/index.php?rest_route=\/wp\/v2\/users\/34"}],"replies":[{"embeddable":true,"href":"https:\/\/kulturbloggen.com\/index.php?rest_route=%2Fwp%2Fv2%2Fcomments&post=130633"}],"version-history":[{"count":27,"href":"https:\/\/kulturbloggen.com\/index.php?rest_route=\/wp\/v2\/posts\/130633\/revisions"}],"predecessor-version":[{"id":130672,"href":"https:\/\/kulturbloggen.com\/index.php?rest_route=\/wp\/v2\/posts\/130633\/revisions\/130672"}],"wp:attachment":[{"href":"https:\/\/kulturbloggen.com\/index.php?rest_route=%2Fwp%2Fv2%2Fmedia&parent=130633"}],"wp:term":[{"taxonomy":"category","embeddable":true,"href":"https:\/\/kulturbloggen.com\/index.php?rest_route=%2Fwp%2Fv2%2Fcategories&post=130633"},{"taxonomy":"post_tag","embeddable":true,"href":"https:\/\/kulturbloggen.com\/index.php?rest_route=%2Fwp%2Fv2%2Ftags&post=130633"}],"curies":[{"name":"wp","href":"https:\/\/api.w.org\/{rel}","templated":true}]}}