{"id":130587,"date":"2019-12-09T05:12:46","date_gmt":"2019-12-09T03:12:46","guid":{"rendered":"https:\/\/kulturbloggen.com\/?p=130587"},"modified":"2019-12-09T22:47:51","modified_gmt":"2019-12-09T20:47:51","slug":"knasig-och-oengagerande-problematisering-om-kon-vem-ar-schmitz-pa-goteborgs-stadsteater","status":"publish","type":"post","link":"https:\/\/kulturbloggen.com\/?p=130587","title":{"rendered":"Knasig och oengagerande problematisering om k\u00f6n &#8211; Vem \u00e4r Schmitz? p\u00e5 G\u00f6teborgs Stadsteater"},"content":{"rendered":"\n<figure class=\"wp-block-image\"><img loading=\"lazy\" decoding=\"async\" width=\"650\" height=\"433\" src=\"https:\/\/kulturbloggen.com\/wp-content\/uploads\/2019\/12\/07-vem-ar-schmitz-pressbild-fotoolakjelbye-2019-2020.jpg\" alt=\"\" class=\"wp-image-130588\" srcset=\"https:\/\/kulturbloggen.com\/wp-content\/uploads\/2019\/12\/07-vem-ar-schmitz-pressbild-fotoolakjelbye-2019-2020.jpg 650w, https:\/\/kulturbloggen.com\/wp-content\/uploads\/2019\/12\/07-vem-ar-schmitz-pressbild-fotoolakjelbye-2019-2020-300x200.jpg 300w\" sizes=\"auto, (max-width: 650px) 100vw, 650px\" \/><figcaption>foto Ola Kjelbye<\/figcaption><\/figure>\n\n\n\n<p>Av: Lukas B\u00e4rfuss<\/p>\n\n\n\n<p>\u00d6vers\u00e4ttning: Marc Matthiesen<\/p>\n\n\n\n<p>Regi: Ildik\u00f3 G\u00e1sp\u00e1r<\/p>\n\n\n\n<p>Scenografi, kostym: Lili Is\u00e1k<\/p>\n\n\n\n<p>Mask: Katrin Lind<\/p>\n\n\n\n<p>Ljus: Tamas B\u00e1nyai<\/p>\n\n\n\n<p>Komposition, ljud: Tam\u00e1s Matk\u00f3<\/p>\n\n\n\n<p>Video: Andr\u00e1s Juh\u00e1sz<\/p>\n\n\n\n<p>I rollerna: Karin De Frumerie, Fredrik Evers, Ylva Olaison, Carl-Marcus Wickstr\u00f6m, Emelie Strandberg, Jesper S\u00f6derblom, Victoria Dyrstad och Josefin Ljungman<\/p>\n\n\n\n<p>Spelas p\u00e5 Studion, G\u00f6teborgs Stadsteater till och med 8\/2 2020<\/p>\n\n\n\n<p>Nordenpremi\u00e4r 6\/12 2019<\/p>\n\n\n\n<p>Lukas B\u00e4rfuss fr\u00e5n Schweiz \u00e4r en ansedd f\u00f6rfattare som bel\u00f6nats med ett flertal priser.  I \u00e5r erh\u00f6ll han exempelvis det prestigefyllda och penningstinna Georg B\u00fcchner &#8211; priset. Dramatikern har f\u00e5ngat den ungerska regiss\u00f6rens intresse av flera sk\u00e4l, varav jag studsar inf\u00f6r p\u00e5st\u00e5endet  att B\u00e4rfuss  skildrar sina karakt\u00e4rer med b\u00e5de empati och sarkasm. Diffust samtidskommenterande <em>Vem \u00e4r Schmitz? (<\/em>originaltitel <em>Frau Schmitz) <\/em>hade urpremi\u00e4r 2016. Utg\u00e5ngspunkten \u00e4r att ett europeiskt f\u00f6retag f\u00e5tt ett problem p\u00e5 halsen med en underleverant\u00f6r i Pakistan. Enda m\u00f6jliga kandidat att skicka r\u00e5kar vara Schmitz (Karin De Frumerie), som f\u00f6r uppdraget m\u00e5ste g\u00f6ras till man. <\/p>\n\n\n\n<p>Egentligen on\u00f6digt att f\u00f6rs\u00f6ka beskriva intrigen och alla sceners avsiktligt groteska inslag. Tveksamt om man blir s\u00e5 mycket klokare av att  l\u00e4sa in  sig p\u00e5 teaterns hemsida. Den kvinnliga regiss\u00f6ren och hennes team har haft som m\u00e5ls\u00e4ttning att skapa en k\u00e4nsla av sit-com i <em>Twin Peaks<\/em>-influerad milj\u00f6 d\u00e4r liknande, eller snarlika h\u00e4ndelser, \u00e5terkommer. G\u00e1sp\u00e1r menar i sin handledning att vi spelar v\u00e5ra roller i livet och om n\u00e5gon inte passar in rubbas systemet, varf\u00f6r l\u00e4ngtan att duga blir centralt motiv i pj\u00e4sen, liksom \u00f6nskan att inte st\u00e4ndigt definieras av andra.  Stoffet \u00e4r dock s\u00e5  mystiskt eller otroligt skruvat, att det tyv\u00e4rr blir st\u00f6rt om\u00f6jligt att engagera sig i rollfigurerna och hur de relaterar till varandra. Min analys stannar vid att pj\u00e4sen handlar om i vilken utstr\u00e4ckning k\u00f6n kan definieras som social konstruktion.  En omhuldad queerteoretisk uppfattning som tr\u00e5nsjuka rollfigurer, mest manliga, i sina beteenden kraftfullt mots\u00e4ger. <\/p>\n\n\n\n<figure class=\"wp-block-image\"><img loading=\"lazy\" decoding=\"async\" width=\"650\" height=\"433\" src=\"https:\/\/kulturbloggen.com\/wp-content\/uploads\/2019\/12\/02-vem-ar-schmitz-pressbild-fotoolakjelbye-2019-2020.jpg\" alt=\"\" class=\"wp-image-130594\" srcset=\"https:\/\/kulturbloggen.com\/wp-content\/uploads\/2019\/12\/02-vem-ar-schmitz-pressbild-fotoolakjelbye-2019-2020.jpg 650w, https:\/\/kulturbloggen.com\/wp-content\/uploads\/2019\/12\/02-vem-ar-schmitz-pressbild-fotoolakjelbye-2019-2020-300x200.jpg 300w\" sizes=\"auto, (max-width: 650px) 100vw, 650px\" \/><figcaption>foto Ola Kjelbye<\/figcaption><\/figure>\n\n\n\n<p>De \u00e5tta sk\u00e5despelarna utv\u00e4xlar sina rappa repliker och utf\u00f6r sina slapstickartade krumbukter i f\u00f6retagets personalmatsal. H\u00e4r paraderar vd i cowboymundering (Fredrik Evers),  frustrerat flaxande personalchef (Ylva Olaison), den misslyckade projektledaren ( Carl-Marcus Wickstr\u00f6m) och den besynnerlige vaktm\u00e4staren <em>(<\/em>Jesper S\u00f6derblom) med flera. \u00c4ven om det finns en underliggande symbolik i synen p\u00e5 Schmitz, hennes k\u00f6ns\u00f6verskridande, f\u00e5 reaktioner hon tilldelats och slutlig &#8221;demaskering&#8221;; har regiss\u00f6ren insett att det inte r\u00e4cker f\u00f6r att uppeh\u00e5lla intresset.  Har d\u00e4rf\u00f6r infogat en \u00f6verdriven spelstil vars lustiga koreografi och kl\u00e4dbyten ger extra tillskott. N\u00e5got annat man fokuserat intensivt p\u00e5 \u00e4r videoprojektioner och monitorer inklusive platt -tv och mobilsk\u00e4rm.  Att publiken kan ta in vad som h\u00e4nder backstage genom att f\u00e4sta blicken ovanf\u00f6r scen, inf\u00f6rlivar m\u00f6jligen n\u00e5got av den poetiska pr\u00e4gel som efterstr\u00e4vats. <\/p>\n\n\n\n<p>En speltid p\u00e5 en bit \u00f6ver tv\u00e5 timmar nonstop m\u00e5ste betecknas som ett v\u00e5gspel, framf\u00f6r allt n\u00e4r linj\u00e4r story saknas. Trots ovanst\u00e5ende grepp och vidh\u00e4ngande lustiga detaljer n\u00e4r m\u00e4nskliga egenheter exponeras,  hamnar man  fel, utmanar publiken p\u00e5 ett sv\u00e5rf\u00f6rklarligt s\u00e4tt. Efter\u00e5t undrar jag vilka som ska lockas att se denna flopp. Snappar i samma stund upp ett omd\u00f6me ur publiken l\u00e4tt att inst\u00e4mma i: &#8221;Men sk\u00e5despelarna var bra&#8221;.  Ensemblen infriar n\u00e4mligen t\u00e4mligen h\u00f6gt st\u00e4llda f\u00f6rv\u00e4ntningar. Fast vad hj\u00e4lper det n\u00e4r de tilldelats en om\u00f6jlig uppgift? <\/p>\n\n\n\n<p>Varje g\u00e5ng scenkonst g\u00f6r en besviken k\u00e4nns det obekv\u00e4mt , vill hellre avst\u00e5. Erk\u00e4nner att fler argument om varf\u00f6r upps\u00e4ttningen fallerar borde vara med. F\u00e5r skylla p\u00e5 of\u00f6rm\u00e5ga att ta in n\u00e5got som skulle vara grotesk humor parat med en diskussion om genus och n\u00e5got om l\u00f6nsamhet. Tar avsev\u00e4rt l\u00e4ngre tid att formulera sig n\u00e4r en produktion inte n\u00e5r mig.  Timmar spenderade p\u00e5 premi\u00e4ren och \u00e4nnu fler timmar n\u00e5gra dygn senare i skrivande stund upplevda som bortkastade (vars resultat ytterst f\u00e5 kommer l\u00e4sa och ingen citera), v\u00e4nds f\u00f6rhoppningsvis i sin motsats vid n\u00e4sta premi\u00e4r. <\/p>\n\n\n\n<figure class=\"wp-block-image\"><img loading=\"lazy\" decoding=\"async\" width=\"650\" height=\"432\" src=\"https:\/\/kulturbloggen.com\/wp-content\/uploads\/2019\/12\/03-vem-ar-schmitz-pressbild-fotoolakjelbye-2019-2020.jpg\" alt=\"\" class=\"wp-image-130595\" srcset=\"https:\/\/kulturbloggen.com\/wp-content\/uploads\/2019\/12\/03-vem-ar-schmitz-pressbild-fotoolakjelbye-2019-2020.jpg 650w, https:\/\/kulturbloggen.com\/wp-content\/uploads\/2019\/12\/03-vem-ar-schmitz-pressbild-fotoolakjelbye-2019-2020-300x199.jpg 300w\" sizes=\"auto, (max-width: 650px) 100vw, 650px\" \/><figcaption>foto Ola Kjelbye<\/figcaption><\/figure>\n\n\n\n<p><\/p>\n\n\n\n<p><\/p>\n\n\n\n<p>  <\/p>\n\n\n\n<p><\/p>\n","protected":false},"excerpt":{"rendered":"<p>Av: Lukas B\u00e4rfuss \u00d6vers\u00e4ttning: Marc Matthiesen Regi: Ildik\u00f3 G\u00e1sp\u00e1r Scenografi, kostym: Lili Is\u00e1k Mask: Katrin Lind Ljus: Tamas B\u00e1nyai Komposition, ljud: Tam\u00e1s Matk\u00f3 Video: Andr\u00e1s Juh\u00e1sz I rollerna: Karin De Frumerie, Fredrik Evers, Ylva Olaison, Carl-Marcus Wickstr\u00f6m, Emelie Strandberg, Jesper S\u00f6derblom, Victoria Dyrstad och Josefin Ljungman Spelas p\u00e5 Studion, G\u00f6teborgs Stadsteater till och med 8\/2 [&hellip;]<\/p>\n","protected":false},"author":34,"featured_media":0,"comment_status":"closed","ping_status":"closed","sticky":false,"template":"","format":"standard","meta":{"_genesis_hide_title":false,"_genesis_hide_breadcrumbs":false,"_genesis_hide_singular_image":false,"_genesis_hide_footer_widgets":false,"_genesis_custom_body_class":"","_genesis_custom_post_class":"","_genesis_layout":"","footnotes":""},"categories":[20,30,31],"tags":[],"class_list":{"0":"post-130587","1":"post","2":"type-post","3":"status-publish","4":"format-standard","6":"category-film","7":"category-teater","8":"category-teaterrecension","9":"entry"},"_links":{"self":[{"href":"https:\/\/kulturbloggen.com\/index.php?rest_route=\/wp\/v2\/posts\/130587","targetHints":{"allow":["GET"]}}],"collection":[{"href":"https:\/\/kulturbloggen.com\/index.php?rest_route=\/wp\/v2\/posts"}],"about":[{"href":"https:\/\/kulturbloggen.com\/index.php?rest_route=\/wp\/v2\/types\/post"}],"author":[{"embeddable":true,"href":"https:\/\/kulturbloggen.com\/index.php?rest_route=\/wp\/v2\/users\/34"}],"replies":[{"embeddable":true,"href":"https:\/\/kulturbloggen.com\/index.php?rest_route=%2Fwp%2Fv2%2Fcomments&post=130587"}],"version-history":[{"count":9,"href":"https:\/\/kulturbloggen.com\/index.php?rest_route=\/wp\/v2\/posts\/130587\/revisions"}],"predecessor-version":[{"id":130648,"href":"https:\/\/kulturbloggen.com\/index.php?rest_route=\/wp\/v2\/posts\/130587\/revisions\/130648"}],"wp:attachment":[{"href":"https:\/\/kulturbloggen.com\/index.php?rest_route=%2Fwp%2Fv2%2Fmedia&parent=130587"}],"wp:term":[{"taxonomy":"category","embeddable":true,"href":"https:\/\/kulturbloggen.com\/index.php?rest_route=%2Fwp%2Fv2%2Fcategories&post=130587"},{"taxonomy":"post_tag","embeddable":true,"href":"https:\/\/kulturbloggen.com\/index.php?rest_route=%2Fwp%2Fv2%2Ftags&post=130587"}],"curies":[{"name":"wp","href":"https:\/\/api.w.org\/{rel}","templated":true}]}}