{"id":130564,"date":"2019-12-06T15:57:16","date_gmt":"2019-12-06T13:57:16","guid":{"rendered":"https:\/\/kulturbloggen.com\/?p=130564"},"modified":"2019-12-08T10:45:21","modified_gmt":"2019-12-08T08:45:21","slug":"kanslosamt-nar-varldsartister-hyllar-musikgeniet-avicii","status":"publish","type":"post","link":"https:\/\/kulturbloggen.com\/?p=130564","title":{"rendered":"K\u00e4nslosamt n\u00e4r v\u00e4rldsartisterna hyllar houselegenden Avicii"},"content":{"rendered":"<figure id=\"attachment_130568\" aria-describedby=\"caption-attachment-130568\" style=\"width: 300px\" class=\"wp-caption alignnone\"><img loading=\"lazy\" decoding=\"async\" class=\"size-medium wp-image-130568\" src=\"https:\/\/kulturbloggen.com\/wp-content\/uploads\/2019\/12\/LenaLarsson_Avicii0014-300x200.jpg\" alt=\"\" width=\"300\" height=\"200\" srcset=\"https:\/\/kulturbloggen.com\/wp-content\/uploads\/2019\/12\/LenaLarsson_Avicii0014-300x200.jpg 300w, https:\/\/kulturbloggen.com\/wp-content\/uploads\/2019\/12\/LenaLarsson_Avicii0014.jpg 650w\" sizes=\"auto, (max-width: 300px) 100vw, 300px\" \/><figcaption id=\"caption-attachment-130568\" class=\"wp-caption-text\">Pressbild: Aloe Blacc<\/figcaption><\/figure>\n<p>Avici Tribute Concert med Aloe Blacc, Rita Ora, David Guetta med flera<br \/>\nBetyg 4<br \/>\nFriends Arena<\/p>\n<p>Inte ett \u00f6ga var torrt n\u00e4r v\u00e4rldsartister, v\u00e4nner till den avlidna musiklegenden och dj:n, hyllade Tim \u201cAvicii\u201d Bergling med en storslagen minneskonsert. Friends Arena slog publikrekord med drygt 58 000 m\u00e4nniskor som, sittandes som st\u00e5endes, nj\u00f6t av en magisk kv\u00e4ll i nostalgins tecken.<\/p>\n<figure id=\"attachment_130569\" aria-describedby=\"caption-attachment-130569\" style=\"width: 300px\" class=\"wp-caption alignnone\"><img loading=\"lazy\" decoding=\"async\" class=\"size-medium wp-image-130569\" src=\"https:\/\/kulturbloggen.com\/wp-content\/uploads\/2019\/12\/LenaLarsson_Avicii0006-300x200.jpg\" alt=\"\" width=\"300\" height=\"200\" srcset=\"https:\/\/kulturbloggen.com\/wp-content\/uploads\/2019\/12\/LenaLarsson_Avicii0006-300x200.jpg 300w, https:\/\/kulturbloggen.com\/wp-content\/uploads\/2019\/12\/LenaLarsson_Avicii0006.jpg 650w\" sizes=\"auto, (max-width: 300px) 100vw, 300px\" \/><figcaption id=\"caption-attachment-130569\" class=\"wp-caption-text\">Pressbild Lena Larsson<\/figcaption><\/figure>\n<p>Han var 20-\u00e5ringen med en vilja av st\u00e5l, dj-jockeyn som omdefinierade en genre fr\u00e5n grunden med sin egensinniga country-inspirerade housemusik. P\u00e5 grund av stor press efter \u00e5ratal av v\u00e4rldsturnerande och ett m\u00e5ende som pendlade enormt tog han i april f\u00f6rra \u00e5ret tragiskt nog sitt liv, bara 28 \u00e5r gammal.<\/p>\n<p>Avicii Tribute Concert vid Friends Arena \u00e4r en makal\u00f6s hyllningshymn. V\u00e4rldsber\u00f6mda dj:s som Kygo, David Guetta, Laidback Luke, Nicky Romero, Dimitri Vegas och Like Mike v\u00e4rmer upp publiken med dansarna hits fr\u00e5n den egna och Aviciis katalog. Kygo \u00f6verraskar med att ber\u00e4tta om en osl\u00e4ppt l\u00e5t han gjort tillsammans med Tim. \u201cDet \u00e4r en l\u00e5t som jag jobbade p\u00e5 med Tim, men som vi aldrig avslutade. Den heter &#8221;For Believers&#8221;, s\u00e4ger s\u00e5ngaren Sandro Cavazza strax innan den framf\u00f6rs inf\u00f6r en jublande publik.<\/p>\n<p>Tims pappa inleder med ett stark tal till sonen &#8211; \u201cVi saknar Tim, men han finns h\u00e4r hos oss genom sin musik\u201d. I samma k\u00e4nslosamma ton forts\u00e4tter kv\u00e4llen d\u00e4r v\u00e4rldsartist efter v\u00e4rldsartist avl\u00f6ser varandra och hyllar Tim via egna tolkningar av hits som &#8221;Wake Me Up&#8221;, &#8221;Tough Love&#8221;, &#8221;Waiting for Love&#8221; och f\u00f6rst\u00e5s &#8221;Hey Brother&#8221;, Tims Magum Opus &#8211; f\u00f6r att n\u00e4mna n\u00e5gra l\u00e5tar.<\/p>\n<figure id=\"attachment_130570\" aria-describedby=\"caption-attachment-130570\" style=\"width: 300px\" class=\"wp-caption alignnone\"><img loading=\"lazy\" decoding=\"async\" class=\"size-medium wp-image-130570\" src=\"https:\/\/kulturbloggen.com\/wp-content\/uploads\/2019\/12\/LenaLarsson_Avicii0010-300x200.jpg\" alt=\"\" width=\"300\" height=\"200\" srcset=\"https:\/\/kulturbloggen.com\/wp-content\/uploads\/2019\/12\/LenaLarsson_Avicii0010-300x200.jpg 300w, https:\/\/kulturbloggen.com\/wp-content\/uploads\/2019\/12\/LenaLarsson_Avicii0010.jpg 650w\" sizes=\"auto, (max-width: 300px) 100vw, 300px\" \/><figcaption id=\"caption-attachment-130570\" class=\"wp-caption-text\">Pressbild Lena Larsson<\/figcaption><\/figure>\n<p>Hans dr\u00f6m var att en dag inf\u00f6r en miljonpublik f\u00e5 framtr\u00e4da med ett stort band. &#8221;Det \u00e4r nu verklighet&#8221;,\u00a0 ber\u00e4ttar v\u00e4nnen Vincent Pontare. Orkestern best\u00e5ende av ett trettiotal musiker &#8211; fiolister, cellister, trummisar, pianister, gitarrister och bakgrundss\u00e5ngare &#8211; inkapslar snyggt Tims musik och lyckas ta den till nya, ov\u00e4ntade h\u00f6jder. Vi h\u00f6r ett tjugo-trettio tal l\u00e5tar med giganter som Rita Ora, Adam Lambert, Rita Ora, Alex Ebert och Amanda Wilson vid mikrofonstativet. Aloe Blacc har tidigare samarbetat med Avicii i samband med mastondontverket &#8211; \u201cWake me Up\u201d. Till fyrverkeri och eldshow sjunger han radiov\u00e4nliga SOS,\u00a0 ett desperat rop p\u00e5 hj\u00e4lp d\u00e4r Tim sjunger &#8221;Can you hear me? S.O.S. Help me put my mind to rest&#8221;. Det blir Hallelujah moment n\u00e4r Cappella-k\u00f6ren framf\u00f6r &#8221;Last Dance&#8221; och hela stadion lyfter minst tio meter \u00f6ver mark. Konserten pendlar mellan k\u00e4nslol\u00e4gen och tempon. B\u00e5de den festprisige, dansante och sorgsne Bergling f\u00e5r ta plats.<\/p>\n<figure id=\"attachment_130571\" aria-describedby=\"caption-attachment-130571\" style=\"width: 300px\" class=\"wp-caption alignnone\"><img loading=\"lazy\" decoding=\"async\" class=\"size-medium wp-image-130571\" src=\"https:\/\/kulturbloggen.com\/wp-content\/uploads\/2019\/12\/LenaLarsson_Avicii0001-300x200.jpg\" alt=\"\" width=\"300\" height=\"200\" srcset=\"https:\/\/kulturbloggen.com\/wp-content\/uploads\/2019\/12\/LenaLarsson_Avicii0001-300x200.jpg 300w, https:\/\/kulturbloggen.com\/wp-content\/uploads\/2019\/12\/LenaLarsson_Avicii0001.jpg 650w\" sizes=\"auto, (max-width: 300px) 100vw, 300px\" \/><figcaption id=\"caption-attachment-130571\" class=\"wp-caption-text\">Pressbild Lena Larsson<\/figcaption><\/figure>\n<p>Det \u00e4r k\u00e4nselspr\u00f6ten ut\u00e5t n\u00e4r Salem Al Fakir och Vincent Pontare tolkar &#8221;Friend of Mine&#8221; med rullande minnesbilder i svart och vit p\u00e5 Tim i bakgrunden. D\u00e4r och d\u00e5 lyser publikhavet upp av lysande mobiler likt eldflugor i natten. Det \u00e4r en vacker stund som ger oss ett v\u00e4lbeh\u00f6vligt andrum i tumultet av intryck. Flera av v\u00e4nnerna talar ut om Tims fina personlighet &#8211; \u201c Jag \u00e4lskar hans vilja att hela tiden l\u00e4ra sig nytt och hans generositet mot sina v\u00e4nner. Jag saknar dig varje dag\u201d, s\u00e4ger en av hans n\u00e4rmaste.<\/p>\n<p>Jag lyckas sj\u00e4lv hyfsat bra fram till sista l\u00e5ten med att h\u00e5lla tillbaka gr\u00e5ten.\u00a0 Men n\u00e4r Vincent, Salem med flera sjunger \u201c I Went to Heaven\u201d med en bakgrundsfond av en Tim Bergling i helprofil st\u00e5endes p\u00e5 en \u00f6de strand, stirrandes ut\u00e5t i skyn &#8211; som ett fragmentariskt minne fr\u00e5n f\u00f6rr &#8211; d\u00e5 kan jag inte l\u00e4ngre h\u00e5lla tillbaka t\u00e5rarna.<\/p>\n<p>Det h\u00e4r \u00e4r en magisk kv\u00e4ll till\u00e4gnad en av v\u00e5ra verkligt stora &#8211; i storleksgrad med ABBA, Robyn och Astrid Lindgren. Och Tim kunde knappast f\u00e5tt en b\u00e4ttre hyllning. Jag s\u00e4ger som pappan &#8211; Tim \u00e4r saknad men han finns h\u00e4r med oss via sin musik. Med musikens kraft kan vi hela kroppar och skapa hopp hos m\u00e5nga vilsna sj\u00e4lar. Avicii \u00e4r en lysande stj\u00e4rna vars lyskraft aldrig skola tyna ut och slockna.<\/p>\n<figure id=\"attachment_130572\" aria-describedby=\"caption-attachment-130572\" style=\"width: 300px\" class=\"wp-caption alignnone\"><img loading=\"lazy\" decoding=\"async\" class=\"size-medium wp-image-130572\" src=\"https:\/\/kulturbloggen.com\/wp-content\/uploads\/2019\/12\/LenaLarsson_Avicii0031-300x200.jpg\" alt=\"\" width=\"300\" height=\"200\" srcset=\"https:\/\/kulturbloggen.com\/wp-content\/uploads\/2019\/12\/LenaLarsson_Avicii0031-300x200.jpg 300w, https:\/\/kulturbloggen.com\/wp-content\/uploads\/2019\/12\/LenaLarsson_Avicii0031.jpg 650w\" sizes=\"auto, (max-width: 300px) 100vw, 300px\" \/><figcaption id=\"caption-attachment-130572\" class=\"wp-caption-text\">Pressbild Lena Larsson<\/figcaption><\/figure>\n<p>Konsertens arrang\u00f6r Tim Bergling Foundation startades bland annat av hans pappa. Stiftelsen arbetar med f\u00f6rebyggande insatser f\u00f6r personer med sj\u00e4lvmordstankar och psykisk oh\u00e4lsa. Konsertens inkomster g\u00e5r oavkortat till Tim Bergling Foundation.<\/p>\n<figure id=\"attachment_130573\" aria-describedby=\"caption-attachment-130573\" style=\"width: 300px\" class=\"wp-caption alignnone\"><img loading=\"lazy\" decoding=\"async\" class=\"size-medium wp-image-130573\" src=\"https:\/\/kulturbloggen.com\/wp-content\/uploads\/2019\/12\/LenaLarsson_Avicii0039-300x200.jpg\" alt=\"\" width=\"300\" height=\"200\" srcset=\"https:\/\/kulturbloggen.com\/wp-content\/uploads\/2019\/12\/LenaLarsson_Avicii0039-300x200.jpg 300w, https:\/\/kulturbloggen.com\/wp-content\/uploads\/2019\/12\/LenaLarsson_Avicii0039.jpg 650w\" sizes=\"auto, (max-width: 300px) 100vw, 300px\" \/><figcaption id=\"caption-attachment-130573\" class=\"wp-caption-text\">Pressbild Lena Larsson<\/figcaption><\/figure>\n<p>Petter Stjernstedt<\/p>\n","protected":false},"excerpt":{"rendered":"<p>Avici Tribute Concert med Aloe Blacc, Rita Ora, David Guetta med flera Betyg 4 Friends Arena Inte ett \u00f6ga var torrt n\u00e4r v\u00e4rldsartister, v\u00e4nner till den avlidna musiklegenden och dj:n, hyllade Tim \u201cAvicii\u201d Bergling med en storslagen minneskonsert. Friends Arena slog publikrekord med drygt 58 000 m\u00e4nniskor som, sittandes som st\u00e5endes, nj\u00f6t av en magisk [&hellip;]<\/p>\n","protected":false},"author":40,"featured_media":0,"comment_status":"closed","ping_status":"closed","sticky":false,"template":"","format":"standard","meta":{"_genesis_hide_title":false,"_genesis_hide_breadcrumbs":false,"_genesis_hide_singular_image":false,"_genesis_hide_footer_widgets":false,"_genesis_custom_body_class":"","_genesis_custom_post_class":"","_genesis_layout":"","footnotes":""},"categories":[7,20,13624],"tags":[],"class_list":{"0":"post-130564","1":"post","2":"type-post","3":"status-publish","4":"format-standard","6":"category-musik","7":"category-film","8":"category-toppnytt","9":"entry"},"_links":{"self":[{"href":"https:\/\/kulturbloggen.com\/index.php?rest_route=\/wp\/v2\/posts\/130564","targetHints":{"allow":["GET"]}}],"collection":[{"href":"https:\/\/kulturbloggen.com\/index.php?rest_route=\/wp\/v2\/posts"}],"about":[{"href":"https:\/\/kulturbloggen.com\/index.php?rest_route=\/wp\/v2\/types\/post"}],"author":[{"embeddable":true,"href":"https:\/\/kulturbloggen.com\/index.php?rest_route=\/wp\/v2\/users\/40"}],"replies":[{"embeddable":true,"href":"https:\/\/kulturbloggen.com\/index.php?rest_route=%2Fwp%2Fv2%2Fcomments&post=130564"}],"version-history":[{"count":12,"href":"https:\/\/kulturbloggen.com\/index.php?rest_route=\/wp\/v2\/posts\/130564\/revisions"}],"predecessor-version":[{"id":130585,"href":"https:\/\/kulturbloggen.com\/index.php?rest_route=\/wp\/v2\/posts\/130564\/revisions\/130585"}],"wp:attachment":[{"href":"https:\/\/kulturbloggen.com\/index.php?rest_route=%2Fwp%2Fv2%2Fmedia&parent=130564"}],"wp:term":[{"taxonomy":"category","embeddable":true,"href":"https:\/\/kulturbloggen.com\/index.php?rest_route=%2Fwp%2Fv2%2Fcategories&post=130564"},{"taxonomy":"post_tag","embeddable":true,"href":"https:\/\/kulturbloggen.com\/index.php?rest_route=%2Fwp%2Fv2%2Ftags&post=130564"}],"curies":[{"name":"wp","href":"https:\/\/api.w.org\/{rel}","templated":true}]}}