{"id":13047,"date":"2009-09-21T20:52:11","date_gmt":"2009-09-21T18:52:11","guid":{"rendered":"http:\/\/kulturbloggen.com\/?p=13047"},"modified":"2011-12-12T14:33:28","modified_gmt":"2011-12-12T13:33:28","slug":"i-familjens-budget-tar-vi-hansyn-till-att-babyn-inte-kan-jobba","status":"publish","type":"post","link":"https:\/\/kulturbloggen.com\/?p=13047","title":{"rendered":"I familjens budget tar vi h\u00e4nsyn till att babyn inte kan jobba"},"content":{"rendered":"<p>Under sedvanlig massmedial uppm\u00e4rksamhet har h\u00f6gerregeringen idag, m\u00e5ndag 21 september, presenterat budget inf\u00f6r 2010.<br \/>\nHuvudinriktningen kan sammanfattas: resurser till kommuner, landsting och start av en m\u00e4ngd extra utbildningsplatser plus ytterligare s\u00e4nkt skatt f\u00f6r de som jobbar.<br \/>\nDet finns en m\u00e4ngd f\u00f6rlorare i budgeten, som <a href=\"http:\/\/www.aftonbladet.se\/nyheter\/article5831500.ab\">Aftonbladet tar upp<\/a>:<\/p>\n<blockquote><p>Regeringen satsar stort p\u00e5 s\u00e4nkta skatter och st\u00f6d till kommunerna. Helt fel tycker l\u00e4sarna som vill att arbetsmarknadspolitik och skola ska f\u00e5 mest pengar.<\/p><\/blockquote>\n<p>Det finns alltid vinnare och f\u00f6rlorare i en budget. Men en sak som slog mig s\u00e5 starkt under presskonferens och budgetm\u00f6ten idag:<br \/>\nN\u00e4r vi g\u00f6r en budget i familjen tar vi h\u00e4nsyn till att en del inte kan arbeta, som en sjuk pensionerad sl\u00e4kting, bebisar, sm\u00e5barn och vi tar h\u00e4nsyn till och r\u00e4knar med att ocks\u00e5 vi som arbetar kommer att ha sjukperioder. F\u00f6r vi tror att \u00e5ldrande och sjukdom och perioder av svaghet (som att vara sm\u00e5barn) \u00e4r naturliga delar i livet.<br \/>\nMen den budget som svenska staten nu ska vila p\u00e5 bygger p\u00e5 att alla ska arbeta.<br \/>\nDen tar inte h\u00e4nsyn till perioder av mindre arbetsf\u00f6rm\u00e5ga.<\/p>\n<p>Det \u00e4r det s\u00e4msta med budgeten: vad den baseras p\u00e5: en bild av att svaghet \u00e4r samma sak som lathet.<br \/>\nHar en regeringen den grundinst\u00e4llningen \u00e4r det klart att resultatet kan bli som dagens budget.<\/p>\n<p>F\u00f6r \u00f6vrigt anv\u00e4nder h\u00f6gerregeringen av nysprp\u00e5ksmetoden n\u00e4r den s\u00e4ger att den inf\u00f6r r\u00e4ttvisa skatter. Det \u00e4r inte r\u00e4ttvist att en m\u00e4nniska har jobbavdrag ena dagen och n\u00e4r han\/hon blir sjuk, arbetsl\u00f6s eller pensioner f\u00f6rsvinner det avdraget och skatten blir h\u00f6gre.<\/p>\n<p>Att samma person f\u00e5r h\u00f6gre skatt n\u00e4r han\/hon \u00e4r sjuk, det \u00e4r inte r\u00e4ttvisa.<\/p>\n<p>Anders Borg tar l\u00e4tt p\u00e5 sanningen i andra fall ocks\u00e5, som n\u00e4r han sade att \u201dS-regeringen l\u00e5nade ocks\u00e5 n\u00e4r de tog bort arvs- och g\u00e5voskatten 2005\u201d<\/p>\n<p>Nej, det gjorde S inte. N\u00e4r S avskaffade arvs- och g\u00e5voskatten 2005 var den reformen fullt ut finansierad, genom \u00e4ndrade regler f\u00f6r periodiseringsfonder. <a href=\"http:\/\/www.s-buzz.se\/2009\/09\/nej-vi-lanade-inte-till-att-ta-bort.html\">S-buzz redog\u00f6r mer kring detta.<\/a><\/p>\n<p>Och f\u00f6r att inte prata om den s\u00e5 kallade minskade skatten f\u00f6r pension\u00e4rer. Det blir typ en hundralapp i m\u00e5naden och t\u00e4cker knappt den f\u00f6rdyring som redan blir p\u00e5 grund av andra omst\u00e4llningar.<br \/>\nOch studiemedlen som h\u00f6js \u00e4r i princip bara l\u00e5nedelen. Studenterna f\u00e5r l\u00e5na mer.<\/p>\n<p>Relaterat:<br \/>\n<a href=\"http:\/\/www.dn.se\/ekonomi\/vinnare-och-forlorare-i-hostbudgeten-1.956979\">Dagens Nyheter<\/a>, <a href=\"http:\/\/veronica-palm.blogspot.com\/2009\/09\/regeringens-fixa-jobben-ar-nu-ett.html\">Veronica Palm<\/a>, <a href=\"http:\/\/alliansfrittsverige.nu\/2009\/09\/september-20-2009-budgten-presenterad.html\">Alliansfritt Sverige<\/a>,<br \/>\n<a href=\"http:\/\/s-info.se\/page\/blogg.asp?id=1312&#038;blogg=35876\">Roger J\u00f6nsson<\/a>, <a href=\"http:\/\/peterlandersson.blogspot.com\/2009\/09\/arbetsloshet-114-logiskt-satt-har.html \">Peter Andersson<\/a>, <a href=\"http:\/\/www.svd.se\/nyheter\/inrikes\/artikel_3554183.svd\">Svenska Dagbladet<\/a>, <a href=\"http:\/\/gp.se\/gp\/jsp\/Crosslink.jsp?d=913&#038;a=518703\">G\u00f6teborgsposten<\/a>, <a href=\"http:\/\/www.expressen.se\/ekonomi\/1.1714818\/ostros-regeringen-borde-be-pensionarerna-om-ursakt#\">Expressen<\/a>.<\/p>\n<p>L\u00e4s \u00e4ven andra bloggares \u00e5sikter om <a href=\"http:\/\/bloggar.se\/om\/h%F6gerregeringen\" rel=\"tag\">h\u00f6gerregeringen<\/a>, <a href=\"http:\/\/bloggar.se\/om\/ekonomi\" rel=\"tag\">ekonomi<\/a>, <a href=\"http:\/\/bloggar.se\/om\/politik\" rel=\"tag\">politik<\/a>, <a href=\"http:\/\/bloggar.se\/om\/BP10\" rel=\"tag\">BP10<\/a>, <a href=\"http:\/\/bloggar.se\/om\/h%F6stbudget\" rel=\"tag\">h\u00f6stbudget<\/a>, <a href=\"http:\/\/bloggar.se\/om\/budget\" rel=\"tag\">budget<\/a>, <a href=\"http:\/\/bloggar.se\/om\/skatter\" rel=\"tag\">skatter<\/a>, <a href=\"http:\/\/bloggar.se\/om\/skattepolitik\" rel=\"tag\">skattepolitik<\/a>, <a href=\"http:\/\/bloggar.se\/om\/jobbavdrag\" rel=\"tag\">jobbavdrag<\/a><\/p>\n","protected":false},"excerpt":{"rendered":"<p>Under sedvanlig massmedial uppm\u00e4rksamhet har h\u00f6gerregeringen idag, m\u00e5ndag 21 september, presenterat budget inf\u00f6r 2010. Huvudinriktningen kan sammanfattas: resurser till kommuner, landsting och start av en m\u00e4ngd extra utbildningsplatser plus ytterligare s\u00e4nkt skatt f\u00f6r de som jobbar. Det finns en m\u00e4ngd f\u00f6rlorare i budgeten, som Aftonbladet tar upp: Regeringen satsar stort p\u00e5 s\u00e4nkta skatter och st\u00f6d [&hellip;]<\/p>\n","protected":false},"author":2,"featured_media":0,"comment_status":"open","ping_status":"open","sticky":false,"template":"","format":"standard","meta":{"_genesis_hide_title":false,"_genesis_hide_breadcrumbs":false,"_genesis_hide_singular_image":false,"_genesis_hide_footer_widgets":false,"_genesis_custom_body_class":"","_genesis_custom_post_class":"","_genesis_layout":"","footnotes":""},"categories":[20],"tags":[1463,2385,12284],"class_list":{"0":"post-13047","1":"post","2":"type-post","3":"status-publish","4":"format-standard","6":"category-film","7":"tag-ekonomi","8":"tag-hogerregeringen","9":"tag-politik","10":"entry"},"_links":{"self":[{"href":"https:\/\/kulturbloggen.com\/index.php?rest_route=\/wp\/v2\/posts\/13047","targetHints":{"allow":["GET"]}}],"collection":[{"href":"https:\/\/kulturbloggen.com\/index.php?rest_route=\/wp\/v2\/posts"}],"about":[{"href":"https:\/\/kulturbloggen.com\/index.php?rest_route=\/wp\/v2\/types\/post"}],"author":[{"embeddable":true,"href":"https:\/\/kulturbloggen.com\/index.php?rest_route=\/wp\/v2\/users\/2"}],"replies":[{"embeddable":true,"href":"https:\/\/kulturbloggen.com\/index.php?rest_route=%2Fwp%2Fv2%2Fcomments&post=13047"}],"version-history":[{"count":1,"href":"https:\/\/kulturbloggen.com\/index.php?rest_route=\/wp\/v2\/posts\/13047\/revisions"}],"predecessor-version":[{"id":45667,"href":"https:\/\/kulturbloggen.com\/index.php?rest_route=\/wp\/v2\/posts\/13047\/revisions\/45667"}],"wp:attachment":[{"href":"https:\/\/kulturbloggen.com\/index.php?rest_route=%2Fwp%2Fv2%2Fmedia&parent=13047"}],"wp:term":[{"taxonomy":"category","embeddable":true,"href":"https:\/\/kulturbloggen.com\/index.php?rest_route=%2Fwp%2Fv2%2Fcategories&post=13047"},{"taxonomy":"post_tag","embeddable":true,"href":"https:\/\/kulturbloggen.com\/index.php?rest_route=%2Fwp%2Fv2%2Ftags&post=13047"}],"curies":[{"name":"wp","href":"https:\/\/api.w.org\/{rel}","templated":true}]}}