{"id":130388,"date":"2019-11-30T01:13:15","date_gmt":"2019-11-29T23:13:15","guid":{"rendered":"https:\/\/kulturbloggen.com\/?p=130388"},"modified":"2019-11-30T01:13:17","modified_gmt":"2019-11-29T23:13:17","slug":"lars-winnerback-pa-globen-stralande-avslutning-pa-en-stralande-turne","status":"publish","type":"post","link":"https:\/\/kulturbloggen.com\/?p=130388","title":{"rendered":"Lars Winnerb\u00e4ck p\u00e5 Globen &#8211; Str\u00e5lande avslutning p\u00e5 en str\u00e5lande turn\u00e9."},"content":{"rendered":"\n<figure class=\"wp-block-image\"><img loading=\"lazy\" decoding=\"async\" width=\"488\" height=\"650\" src=\"https:\/\/kulturbloggen.com\/wp-content\/uploads\/2019\/11\/P1010445.jpg\" alt=\"\" class=\"wp-image-130389\" srcset=\"https:\/\/kulturbloggen.com\/wp-content\/uploads\/2019\/11\/P1010445.jpg 488w, https:\/\/kulturbloggen.com\/wp-content\/uploads\/2019\/11\/P1010445-225x300.jpg 225w\" sizes=\"auto, (max-width: 488px) 100vw, 488px\" \/><figcaption>Lars Winnerb\u00e4ck p\u00e5 Globen Foto: Thomas Johansson<\/figcaption><\/figure>\n\n\n\n<p>Lars Winnerb\u00e4ck <br>Globen<br>Betyg: 5<\/p>\n\n\n\n<p>Lars Winnerb\u00e4ck p\u00e5 scen 2019, \u00e4r nog ett av de roligaste du kan uppleva just nu. Lars har verkligen tinat upp, och de nya l\u00e5tarna fungerar alldeles live. Bakom sig p\u00e5 scenen har han ett urstarkt band, med Joanna L\u00f6fgren som stj\u00e4rnan och publikens favorit. N\u00e4r Lars presenterar bandet, s\u00e5 n\u00e4r han ska komma till Joanna p\u00e5 trummor, f\u00e5r hon en l\u00e5ng appl\u00e5d redan innan hon n\u00e4mnts med namn. Just Joannas spel p\u00e5 trummorna lyfter vissa av l\u00e5tarna inte bara ett sn\u00e4pp utan tv\u00e5. Joannas energi ger faktiskt konserten det d\u00e4r lyftet som motsvarar betyg fem eller fyra. <\/p>\n\n\n\n<p>Det var f\u00f6rsta g\u00e5ngen Lars Winnerb\u00e4ck spelade p\u00e5 Globen, och han ber\u00e4ttade om en anekdot n\u00e4r han var d\u00e4r f\u00f6r f\u00f6rsta g\u00e5ngen, p\u00e5 en Guns n roses-konsert 1991. Att han som femton\u00e5ring \u00e4lskade det, &#8221;I am at a fucking paradise&#8221;, ska han ha t\u00e4nkt d\u00e5.<\/p>\n\n\n\n<p>Kv\u00e4llen p\u00e5 Globen var ett paradis f\u00f6r m\u00e5nga av oss som var d\u00e4r. Vi bj\u00f6ds p\u00e5 tv\u00e5 timmar och en kvart musik av h\u00f6g kvalit\u00e9. &#8221;Krille&#8221; som varit med p\u00e5 alla turne\u00e9r fick till ett str\u00e5lande ljud. <br>Ni f\u00e5r mina l\u00e5tar att bli viktiga, verkliga och angel\u00e4gna, sa Lars Winnerb\u00e4ck fr\u00e5n scenen och det var n\u00e5got som k\u00e4ndes p\u00e5 riktigt. <\/p>\n\n\n\n<p>Detta var nionde g\u00e5ngen jag s\u00e5g Lars Winnerb\u00e4ck, och jag har aldrig sett honom le s\u00e5 mycket p\u00e5 scenen som p\u00e5 Globen ikv\u00e4ll. Det var dessutom v\u00e4ldigt fina presentationer av bandet. N\u00e5got som k\u00e4ndes att han har trivts p\u00e5 denna sv\u00e4ng med konserter. Nu n\u00e4r det var sista kv\u00e4llen med g\u00e4nget, s\u00e5 hade \u00e4ven de nya l\u00e5tarna laddats med mer energi och n\u00e4rvaro, \u00e4n vad som finns p\u00e5 skivan &#8221;Eldtuppen&#8221;. <\/p>\n\n\n\n<figure class=\"wp-block-image\"><img loading=\"lazy\" decoding=\"async\" width=\"650\" height=\"488\" src=\"https:\/\/kulturbloggen.com\/wp-content\/uploads\/2019\/11\/P1010395.jpg\" alt=\"\" class=\"wp-image-130390\" srcset=\"https:\/\/kulturbloggen.com\/wp-content\/uploads\/2019\/11\/P1010395.jpg 650w, https:\/\/kulturbloggen.com\/wp-content\/uploads\/2019\/11\/P1010395-300x225.jpg 300w\" sizes=\"auto, (max-width: 650px) 100vw, 650px\" \/><\/figure>\n\n\n\n<figure class=\"wp-block-image\"><img loading=\"lazy\" decoding=\"async\" width=\"650\" height=\"488\" src=\"https:\/\/kulturbloggen.com\/wp-content\/uploads\/2019\/11\/P1010443.jpg\" alt=\"\" class=\"wp-image-130391\" srcset=\"https:\/\/kulturbloggen.com\/wp-content\/uploads\/2019\/11\/P1010443.jpg 650w, https:\/\/kulturbloggen.com\/wp-content\/uploads\/2019\/11\/P1010443-300x225.jpg 300w\" sizes=\"auto, (max-width: 650px) 100vw, 650px\" \/><\/figure>\n\n\n\n<figure class=\"wp-block-image\"><img loading=\"lazy\" decoding=\"async\" width=\"650\" height=\"488\" src=\"https:\/\/kulturbloggen.com\/wp-content\/uploads\/2019\/11\/P1010466.jpg\" alt=\"\" class=\"wp-image-130392\" srcset=\"https:\/\/kulturbloggen.com\/wp-content\/uploads\/2019\/11\/P1010466.jpg 650w, https:\/\/kulturbloggen.com\/wp-content\/uploads\/2019\/11\/P1010466-300x225.jpg 300w\" sizes=\"auto, (max-width: 650px) 100vw, 650px\" \/><\/figure>\n","protected":false},"excerpt":{"rendered":"<p>Lars Winnerb\u00e4ck GlobenBetyg: 5 Lars Winnerb\u00e4ck p\u00e5 scen 2019, \u00e4r nog ett av de roligaste du kan uppleva just nu. Lars har verkligen tinat upp, och de nya l\u00e5tarna fungerar alldeles live. Bakom sig p\u00e5 scenen har han ett urstarkt band, med Joanna L\u00f6fgren som stj\u00e4rnan och publikens favorit. N\u00e4r Lars presenterar bandet, s\u00e5 n\u00e4r [&hellip;]<\/p>\n","protected":false},"author":12,"featured_media":0,"comment_status":"closed","ping_status":"closed","sticky":false,"template":"","format":"standard","meta":{"_genesis_hide_title":false,"_genesis_hide_breadcrumbs":false,"_genesis_hide_singular_image":false,"_genesis_hide_footer_widgets":false,"_genesis_custom_body_class":"","_genesis_custom_post_class":"","_genesis_layout":"","footnotes":""},"categories":[7,16,13624],"tags":[],"class_list":{"0":"post-130388","1":"post","2":"type-post","3":"status-publish","4":"format-standard","6":"category-musik","7":"category-recension","8":"category-toppnytt","9":"entry"},"_links":{"self":[{"href":"https:\/\/kulturbloggen.com\/index.php?rest_route=\/wp\/v2\/posts\/130388","targetHints":{"allow":["GET"]}}],"collection":[{"href":"https:\/\/kulturbloggen.com\/index.php?rest_route=\/wp\/v2\/posts"}],"about":[{"href":"https:\/\/kulturbloggen.com\/index.php?rest_route=\/wp\/v2\/types\/post"}],"author":[{"embeddable":true,"href":"https:\/\/kulturbloggen.com\/index.php?rest_route=\/wp\/v2\/users\/12"}],"replies":[{"embeddable":true,"href":"https:\/\/kulturbloggen.com\/index.php?rest_route=%2Fwp%2Fv2%2Fcomments&post=130388"}],"version-history":[{"count":1,"href":"https:\/\/kulturbloggen.com\/index.php?rest_route=\/wp\/v2\/posts\/130388\/revisions"}],"predecessor-version":[{"id":130393,"href":"https:\/\/kulturbloggen.com\/index.php?rest_route=\/wp\/v2\/posts\/130388\/revisions\/130393"}],"wp:attachment":[{"href":"https:\/\/kulturbloggen.com\/index.php?rest_route=%2Fwp%2Fv2%2Fmedia&parent=130388"}],"wp:term":[{"taxonomy":"category","embeddable":true,"href":"https:\/\/kulturbloggen.com\/index.php?rest_route=%2Fwp%2Fv2%2Fcategories&post=130388"},{"taxonomy":"post_tag","embeddable":true,"href":"https:\/\/kulturbloggen.com\/index.php?rest_route=%2Fwp%2Fv2%2Ftags&post=130388"}],"curies":[{"name":"wp","href":"https:\/\/api.w.org\/{rel}","templated":true}]}}