{"id":130382,"date":"2019-11-29T09:02:16","date_gmt":"2019-11-29T07:02:16","guid":{"rendered":"https:\/\/kulturbloggen.com\/?p=130382"},"modified":"2019-11-29T09:02:17","modified_gmt":"2019-11-29T07:02:17","slug":"p3-guld-har-ar-alla-nominerande-och-en-saknad","status":"publish","type":"post","link":"https:\/\/kulturbloggen.com\/?p=130382","title":{"rendered":"P3 Guld &#8211; h\u00e4r \u00e4r alla nominerande och en saknad"},"content":{"rendered":"\n<figure class=\"wp-block-image\"><img loading=\"lazy\" decoding=\"async\" width=\"650\" height=\"488\" src=\"https:\/\/kulturbloggen.com\/wp-content\/uploads\/2019\/11\/P1010282.jpg\" alt=\"\" class=\"wp-image-130385\" srcset=\"https:\/\/kulturbloggen.com\/wp-content\/uploads\/2019\/11\/P1010282.jpg 650w, https:\/\/kulturbloggen.com\/wp-content\/uploads\/2019\/11\/P1010282-300x225.jpg 300w\" sizes=\"auto, (max-width: 650px) 100vw, 650px\" \/><figcaption>Isle of You, nominerade till Framtidens artist<\/figcaption><\/figure>\n\n\n\n<p><strong>Ett bra \u00e5r med m\u00e5nga sp\u00e4nnande artister.\u00a0<\/strong>Tre olika artister har f\u00e5tt tre nomineringar. Molly Sand\u00e9n Kan bli P3 Gulds drottning med tre nomineringar, \u00c5rets artist, \u00c5rets p\u00e5 och Guldmicken.\u00a0<\/p>\n\n\n\n<p>Veronica Maggio har tre nomineringar, \u00c5rets artist, \u00c5rets l\u00e5t och \u00c5rets pop. Avicci har ocks\u00e5 f\u00e5tt tre nomineringar, \u00c5rets artist, \u00c5rets l\u00e5t och \u00c5rets dans. <\/p>\n\n\n\n<p>En nominering som saknades var att Ein\u00e1r inte \u00e4r nominerad i \u00e5rets hiphop, men han kan tr\u00f6sta sig med sina tv\u00e5 nomineringar i Framtidens artist och \u00c5rets l\u00e5t. <\/p>\n\n\n\n<p><strong>\u00c5rets artist&nbsp;<br>\n<\/strong>Avicii: Tim&nbsp;<br>\nMolly Sand\u00e9n: Det b\u00e4sta kanske inte h\u00e4nt \u00e4n&nbsp;<br>\nTove Lo: Sunshine kitty&nbsp;<br>\nVeronica Maggio: Fiender \u00e4r tr\u00e5kigt&nbsp;<br>\nZ.E: samlad produktion&nbsp;<\/p>\n\n\n\n<p><strong>\u00c5rets grupp&nbsp;<br>\n<\/strong>Aden x Asme: samlad produktion&nbsp;<br>\nEstraden: samlad produktion&nbsp;<br>\nGalantis: samlad produktion&nbsp;<br>\nGammal: samlad produktion&nbsp;<br>\nHov1: Vindar p\u00e5 Mars&nbsp;<\/p>\n\n\n\n<p><strong>\u00c5rets l\u00e5t&nbsp;<br>\n<\/strong>Don\u2019t call me up \u2013 Mabel (text &amp; musik: Mabel McVey, Camille Purcell, Steve Mac)&nbsp;<br>\nKatten i trakten \u2013 Ein\u00e1r (text &amp; musik: Nils Gr\u00f6nberg, Jeremy Kerbel, Raphael Kerbel)&nbsp;<br>\nSOS \u2013 Avicii &amp; Aloe Blacc (text &amp; musik: Tim Bergling, Albin Nedler, Kandi Burruss, Kevin Briggs, Kristoffer Fogelmark, Tameka Cottle)&nbsp;<br>\nSunnanvind \u2013 Mares (text &amp; musik: Albin Egrelius Fredlund, Fredrik Danfors, Fredrik Nilsson, Johan Eckeborn, Michael Dahnberg, Olof W\u00e4rend Rylander, Theodor Arvidsson Kylin)&nbsp;<br>\nTillf\u00e4lligheter \u2013 Veronica Maggio (text &amp; musik: Veronica Maggio, Agrin Rahmani, Joakim Berg, Simon Hassle)&nbsp;<\/p>\n\n\n\n<p><strong>Framtidens Artist&nbsp;<br>\n<\/strong>Dree Low: samlad produktion&nbsp;<br>\nEin\u00e1r: samlad produktion&nbsp;<br>\nIsle of You: Party until we\u2019re in love&nbsp;<br>\nVictor Leksell: samlad produktion&nbsp;<br>\nWinona Oak: samlad produktion&nbsp;<\/p>\n\n\n\n<p><strong>Guldmicken&nbsp;<br>\n<\/strong>Imenella&nbsp;<br>\nMiriam Bryant&nbsp;<br>\nMolly Sand\u00e9n&nbsp;<br>\nRobyn&nbsp;<br>\nViagra Boys&nbsp;<\/p>\n\n\n\n<p><strong>\u00c5rets hiphop\/r\u2019n\u2019b&nbsp;<br>\n<\/strong>Ant Wan: samlad production&nbsp;<br>\nDree Low: Flawless&nbsp;<br>\nGuleed: 50 grader i februari&nbsp;<br>\nHenok Achido: Bror utan sol (bland r\u00f6k och stearin)&nbsp;<br>\nSnoh Aalegra: Ugh, those feels again&nbsp;<\/p>\n\n\n\n<p><strong>\u00c5rets dans&nbsp;<br>\n<\/strong>Avicii: Tim&nbsp;<br>\nBella Boo: samlad produktion&nbsp;<br>\nBottenvikens Silverkyrka: samlad produktion&nbsp;<br>\nKorn\u00e9l Kov\u00e1cs: Stockholm Marathon&nbsp;<br>\nPer Hammar: samlad produktion&nbsp;<\/p>\n\n\n\n<p><strong>\u00c5rets rock\/metal&nbsp;<br>\n<\/strong>Arre! Arre!: Tell me all about them&nbsp;<br>\nOpeth: In cauda venenum&nbsp;<br>\nSkraeckoedlan: Earth&nbsp;<br>\n\u015etiu Nu \u015etiu: Sick sad love&nbsp;<br>\nWormwood: Nattarvet&nbsp;<\/p>\n\n\n\n<p><strong>\u00c5rets pop&nbsp;<br>\n<\/strong>Augustine: samlad produktion&nbsp;<br>\nLova: A gentleman\u2019s guide&nbsp;<br>\nMares: Sunnanvind&nbsp;<br>\nMolly Sand\u00e9n: samlad produktion&nbsp;<br>\nVeronica Maggio: Fiender \u00e4r tr\u00e5kigt&nbsp;<\/p>\n\n\n\n<p>Galan upplevs b\u00e4st med egna \u00f6gon p\u00e5 Partille Arena i utkanten av G\u00f6teborg, 18 januari. Kan du inte ta dig till galan, finns det en uppsj\u00f6 m\u00f6jligheter att f\u00f6lja den p\u00e5 avst\u00e5nd.P3 Guld live s\u00e4nds i P3, SVT2, SVT Play och p\u00e5 Sveriges Radio Play.<\/p>\n","protected":false},"excerpt":{"rendered":"<p>Ett bra \u00e5r med m\u00e5nga sp\u00e4nnande artister.\u00a0Tre olika artister har f\u00e5tt tre nomineringar. Molly Sand\u00e9n Kan bli P3 Gulds drottning med tre nomineringar, \u00c5rets artist, \u00c5rets p\u00e5 och Guldmicken.\u00a0 Veronica Maggio har tre nomineringar, \u00c5rets artist, \u00c5rets l\u00e5t och \u00c5rets pop. Avicci har ocks\u00e5 f\u00e5tt tre nomineringar, \u00c5rets artist, \u00c5rets l\u00e5t och \u00c5rets dans. En [&hellip;]<\/p>\n","protected":false},"author":12,"featured_media":0,"comment_status":"closed","ping_status":"closed","sticky":false,"template":"","format":"standard","meta":{"_genesis_hide_title":false,"_genesis_hide_breadcrumbs":false,"_genesis_hide_singular_image":false,"_genesis_hide_footer_widgets":false,"_genesis_custom_body_class":"","_genesis_custom_post_class":"","_genesis_layout":"","footnotes":""},"categories":[7,13624],"tags":[],"class_list":{"0":"post-130382","1":"post","2":"type-post","3":"status-publish","4":"format-standard","6":"category-musik","7":"category-toppnytt","8":"entry"},"_links":{"self":[{"href":"https:\/\/kulturbloggen.com\/index.php?rest_route=\/wp\/v2\/posts\/130382","targetHints":{"allow":["GET"]}}],"collection":[{"href":"https:\/\/kulturbloggen.com\/index.php?rest_route=\/wp\/v2\/posts"}],"about":[{"href":"https:\/\/kulturbloggen.com\/index.php?rest_route=\/wp\/v2\/types\/post"}],"author":[{"embeddable":true,"href":"https:\/\/kulturbloggen.com\/index.php?rest_route=\/wp\/v2\/users\/12"}],"replies":[{"embeddable":true,"href":"https:\/\/kulturbloggen.com\/index.php?rest_route=%2Fwp%2Fv2%2Fcomments&post=130382"}],"version-history":[{"count":3,"href":"https:\/\/kulturbloggen.com\/index.php?rest_route=\/wp\/v2\/posts\/130382\/revisions"}],"predecessor-version":[{"id":130386,"href":"https:\/\/kulturbloggen.com\/index.php?rest_route=\/wp\/v2\/posts\/130382\/revisions\/130386"}],"wp:attachment":[{"href":"https:\/\/kulturbloggen.com\/index.php?rest_route=%2Fwp%2Fv2%2Fmedia&parent=130382"}],"wp:term":[{"taxonomy":"category","embeddable":true,"href":"https:\/\/kulturbloggen.com\/index.php?rest_route=%2Fwp%2Fv2%2Fcategories&post=130382"},{"taxonomy":"post_tag","embeddable":true,"href":"https:\/\/kulturbloggen.com\/index.php?rest_route=%2Fwp%2Fv2%2Ftags&post=130382"}],"curies":[{"name":"wp","href":"https:\/\/api.w.org\/{rel}","templated":true}]}}