{"id":13038,"date":"2009-09-21T08:44:33","date_gmt":"2009-09-21T06:44:33","guid":{"rendered":"http:\/\/kulturbloggen.com\/?p=13038"},"modified":"2009-09-21T08:44:33","modified_gmt":"2009-09-21T06:44:33","slug":"anders-borg-kan-inte-svara-pa-fragan","status":"publish","type":"post","link":"https:\/\/kulturbloggen.com\/?p=13038","title":{"rendered":"Anders Borg kan inte svara p\u00e5 fr\u00e5gan"},"content":{"rendered":"<p><img loading=\"lazy\" decoding=\"async\" src=\"http:\/\/sodergren.com\/kulturbloggen\/wp-content\/uploads\/2009\/09\/anders_borg-201x300.jpg\" alt=\"anders_borg\" title=\"anders_borg\" width=\"201\" height=\"300\" class=\"aligncenter size-medium wp-image-13039\" \/><br \/>\nAnders Borg kan inte svara p\u00e5 fr\u00e5gan. Om och om igen fick han samma fr\u00e5ga av reportern i Agenda:<br \/>\n&#8221;P\u00e5 vilket s\u00e4tt \u00e4r det r\u00e4ttvist att du f\u00e5tt 2.000 kronor i skattes\u00e4nkning per m\u00e5nad och pension\u00e4rerna inte f\u00e5tt n\u00e5got och nu ska f\u00e5 n\u00e5gon hundralapp&#8221;.<\/p>\n<p>Moderaterna h\u00e4vdar i reklamen f\u00f6r sig sj\u00e4lv att de st\u00e5r f\u00f6r r\u00e4ttvisa, sade reportern. Moderaterna skulle troligen f\u00e4llas om man anm\u00e4lde dem f\u00f6r falsk marknadsf\u00f6ring. F\u00f6r det finns ingen r\u00e4ttvisa i att den som blir sjuk, gammal eller arbetsl\u00f6s genast f\u00e5r h\u00f6gre skatt.<\/p>\n<p>Fast n\u00e4r jag tittade p\u00e5 Moderaternas hemsida nu stod det inget om r\u00e4ttvisa. Kanske har det tagit bort det ordet i rubrikerna, v\u00e4l medvetna om att det faktiskt inte alls \u00e4r n\u00e5got som st\u00e4mmer in p\u00e5 deras politik.<\/p>\n<p>Ett tecken p\u00e5 \u00e4rlighet i alla fall?<\/p>\n<p><a href=\"http:\/\/www.svd.se\/nyheter\/politik\/artikel_3549883.svd\">Svenska Dagbladet<\/a> st\u00e4ller v\u00e4l dessutom den h\u00f6gst relevanta fr\u00e5gan om budgeten som Anders Borg presenterar idag, m\u00e5ndag: Valfl\u00e4sk eller krisbudget?<br \/>\nOch kliickar man d\u00e4r f\u00e5r man n\u00e4sta rubrik, som v\u00e4l \u00e4r svaret d\u00e5:<br \/>\nEn budget med doft av valfl\u00e4sk<\/p>\n<p>Relaterat: <a href=\"http:\/\/www.dn.se\/nyheter\/politik\/stigande-arbetsloshet-ocksa-framat-1.956632\">Dagens Nyheter om budgetproppen.<\/a><br \/>\n<a href=\"http:\/\/www.aftonbladet.se\/ekonomi\/article5826295.ab\">Aftonbladet<\/a>, <a href=\"http:\/\/www.expressen.se\/ekonomi\/1.1714158\/borg-nobbar-foretagarna#\">Expressen 1<\/a>, <a href=\"http:\/\/www.expressen.se\/ekonomi\/1.1714190\/rodgron-ilska-over-budgetkuppen\">Expressen 2<\/a>.<\/p>\n<p>L\u00e4s \u00e4ven andra bloggares \u00e5sikter om <a href=\"http:\/\/bloggar.se\/om\/politik\" rel=\"tag\">politik<\/a>, <a href=\"http:\/\/bloggar.se\/om\/ekonomi\" rel=\"tag\">ekonomi<\/a>, <a href=\"http:\/\/bloggar.se\/om\/h%F6gerregeringen\" rel=\"tag\">h\u00f6gerregeringen<\/a>, <a href=\"http:\/\/bloggar.se\/om\/Anders+Borg\" rel=\"tag\">Anders Borg<\/a><\/p>\n","protected":false},"excerpt":{"rendered":"<p>Anders Borg kan inte svara p\u00e5 fr\u00e5gan. Om och om igen fick han samma fr\u00e5ga av reportern i Agenda: &#8221;P\u00e5 vilket s\u00e4tt \u00e4r det r\u00e4ttvist att du f\u00e5tt 2.000 kronor i skattes\u00e4nkning per m\u00e5nad och pension\u00e4rerna inte f\u00e5tt n\u00e5got och nu ska f\u00e5 n\u00e5gon hundralapp&#8221;. Moderaterna h\u00e4vdar i reklamen f\u00f6r sig sj\u00e4lv att de st\u00e5r [&hellip;]<\/p>\n","protected":false},"author":2,"featured_media":0,"comment_status":"open","ping_status":"open","sticky":false,"template":"","format":"standard","meta":{"_genesis_hide_title":false,"_genesis_hide_breadcrumbs":false,"_genesis_hide_singular_image":false,"_genesis_hide_footer_widgets":false,"_genesis_custom_body_class":"","_genesis_custom_post_class":"","_genesis_layout":"","footnotes":""},"categories":[20],"tags":[1463,2385,12284],"class_list":{"0":"post-13038","1":"post","2":"type-post","3":"status-publish","4":"format-standard","6":"category-film","7":"tag-ekonomi","8":"tag-hogerregeringen","9":"tag-politik","10":"entry"},"_links":{"self":[{"href":"https:\/\/kulturbloggen.com\/index.php?rest_route=\/wp\/v2\/posts\/13038","targetHints":{"allow":["GET"]}}],"collection":[{"href":"https:\/\/kulturbloggen.com\/index.php?rest_route=\/wp\/v2\/posts"}],"about":[{"href":"https:\/\/kulturbloggen.com\/index.php?rest_route=\/wp\/v2\/types\/post"}],"author":[{"embeddable":true,"href":"https:\/\/kulturbloggen.com\/index.php?rest_route=\/wp\/v2\/users\/2"}],"replies":[{"embeddable":true,"href":"https:\/\/kulturbloggen.com\/index.php?rest_route=%2Fwp%2Fv2%2Fcomments&post=13038"}],"version-history":[{"count":0,"href":"https:\/\/kulturbloggen.com\/index.php?rest_route=\/wp\/v2\/posts\/13038\/revisions"}],"wp:attachment":[{"href":"https:\/\/kulturbloggen.com\/index.php?rest_route=%2Fwp%2Fv2%2Fmedia&parent=13038"}],"wp:term":[{"taxonomy":"category","embeddable":true,"href":"https:\/\/kulturbloggen.com\/index.php?rest_route=%2Fwp%2Fv2%2Fcategories&post=13038"},{"taxonomy":"post_tag","embeddable":true,"href":"https:\/\/kulturbloggen.com\/index.php?rest_route=%2Fwp%2Fv2%2Ftags&post=13038"}],"curies":[{"name":"wp","href":"https:\/\/api.w.org\/{rel}","templated":true}]}}