{"id":130376,"date":"2019-11-28T18:58:34","date_gmt":"2019-11-28T16:58:34","guid":{"rendered":"https:\/\/kulturbloggen.com\/?p=130376"},"modified":"2019-11-28T18:58:35","modified_gmt":"2019-11-28T16:58:35","slug":"vem-ar-schmitz-en-skruvad-komedi-om-identitet-och-konsroller-har-nordenpremiar-pa-goteborgs-stadsteater","status":"publish","type":"post","link":"https:\/\/kulturbloggen.com\/?p=130376","title":{"rendered":"Vem \u00e4r Schmitz? &#8211; En skruvad komedi om identitet och k\u00f6nsroller har Nordenpremi\u00e4r p\u00e5 G\u00f6teborgs stadsteater"},"content":{"rendered":"<figure id=\"attachment_130379\" aria-describedby=\"caption-attachment-130379\" style=\"width: 599px\" class=\"wp-caption aligncenter\"><img loading=\"lazy\" decoding=\"async\" class=\"size-full wp-image-130379\" src=\"https:\/\/kulturbloggen.com\/wp-content\/uploads\/2019\/11\/unnamed.jpg\" alt=\"\" width=\"599\" height=\"337\" srcset=\"https:\/\/kulturbloggen.com\/wp-content\/uploads\/2019\/11\/unnamed.jpg 599w, https:\/\/kulturbloggen.com\/wp-content\/uploads\/2019\/11\/unnamed-300x169.jpg 300w\" sizes=\"auto, (max-width: 599px) 100vw, 599px\" \/><figcaption id=\"caption-attachment-130379\" class=\"wp-caption-text\">Vem \u00e4r Schmitz? har premi\u00e4r p\u00e5 G\u00f6teborgs Stadsteater den 6 december. Foto Ines Sebalj.<\/figcaption><\/figure>\n<p>Vad \u00e4r manligt och vad \u00e4r kvinnligt? Hur identifierar vi en person i den roll hen spelar? Det handlar om f\u00f6rdomar, f\u00f6rv\u00e4ntningar, illusioner och missuppfattningar.<br \/>\n\u2013 Vem \u00e4r Schmitz? \u00e4r en skruvad komedi, lite som en sitcom faktiskt. Men med ett tragiskt slut, s\u00e4ger regiss\u00f6ren Ildik\u00f3 G\u00e1sp\u00e1r. Pj\u00e4sen \u00e4r skriven av den schweiziska dramatikern Lukas B\u00e4rfuss. Nordenpremi\u00e4r 6 december p\u00e5 Studion p\u00e5 G\u00f6teborgs stadsteater.<\/p>\n<p>Ett pressmeddelande:<br \/>\nDet \u00e4r oroligt bland leverant\u00f6rerna i Pakistan och bara Schmitz kan r\u00e4dda situationen. P\u00e5 best\u00e4llning f\u00f6rvandlas hen fr\u00e5n kvinna till man f\u00f6r att f\u00f6rhandla om bolagets intressen. Men vem \u00e4r Schmitz? En man som f\u00f6ddes i fel kropp? En kvinna som poserar som man? Vilka \u00e4r f\u00f6rv\u00e4ntningarna? Och hur l\u00e5ngt kan f\u00f6retaget g\u00e5 i sin exploatering av personalen?<\/p>\n<p>\u2013 Vi spelar alla v\u00e5ra roller och om n\u00e5gon inte passar in rubbar det ordningen. Pj\u00e4sen handlar om det om\u00f6jliga att inte ha f\u00f6rdomar och om en l\u00e4ngtan att duga inf\u00f6r andra utan att bli definierad som n\u00e5got annat \u00e4n en m\u00e4nniska, s\u00e4ger Ildik\u00f3 G\u00e1sp\u00e1r, som kommit hit fr\u00e5n Ungern f\u00f6r att regissera p\u00e5 G\u00f6teborgs Stadsteater.<\/p>\n<p>Vem \u00e4r Schmitz? \u00e4r skriven av den schweiziska f\u00f6rfattaren och dramatikern Lukas B\u00e4rfuss, som nyligen fick Georg B\u00fcchner-priset, det st\u00f6rsta tyskspr\u00e5kiga litteraturpriset.<\/p>\n<p>\u2013 Jag tycker om Lukas B\u00e4rfuss pj\u00e4ser. Han \u00e4r v\u00e4ldigt lyh\u00f6rd f\u00f6r sociala fr\u00e5gor och f\u00f6rs\u00f6ker f\u00e5 oss att \u00f6ppna \u00f6gonen f\u00f6r problem som vi inte vill ta itu med. Han g\u00f6r det smart och alltid med en stor portion humor.<\/p>\n<p>\u2013 Vem \u00e4r Schmitz? betraktar nutidsm\u00e4nniskan, med sina tillkortakommanden, sin anpassningsf\u00f6rm\u00e5ga och sin desperata jakt p\u00e5 framg\u00e5ng, och det i den absurda komedins namn. Lukas B\u00e4rfuss \u00e4r en av Europas vassaste dramatiker och Ildik\u00f3 G\u00e1sp\u00e1r \u00e4r en av Ungerns nya beg\u00e5vade regiss\u00f6rer, s\u00e4ger Pontus Stensh\u00e4ll, konstn\u00e4rlig ledare f\u00f6r G\u00f6teborgs Stadsteater.<\/p>\n<p>Ildik\u00f3 G\u00e1sp\u00e1r \u00e4r en ungersk regiss\u00f6r som arbetat p\u00e5 de st\u00f6rsta ungerska teatrarna. Hon har \u00e4ven regisserat i Tyskland, Litauen och Serbien. Bland upps\u00e4ttningar kan n\u00e4mnas Josef och hans br\u00f6der av Thomas Mann, Maria Stuart av Friedrich Schiller, Macbeth av Shakespeare och The Fatherless av Csaba Mik\u00f3.<\/p>\n<p>Vem \u00e4r Schmitz?<br \/>\nOriginaltitel: Frau Schmitz (urpremi\u00e4r 2016 i Z\u00fcrich)<br \/>\nNordenpremi\u00e4r 6 december p\u00e5 Studion<\/p>\n<p>Av: Lukas B\u00e4rfuss<br \/>\n\u00d6vers\u00e4ttning: Marc Matthiesen<br \/>\nRegi: Ildik\u00f3 G\u00e1sp\u00e1r<\/p>\n<p>Med: Victoria Dyrstad, Fredrik Evers, Karin de Frumerie, Josefin Ljungman, Ylva Olaison, Emilie Strandberg, Jesper S\u00f6derblom, Carl-Markus Wickstr\u00f6m<\/p>\n<p>Scenografi och kostym: Lili Izs\u00e1k<br \/>\nMask: Katrin Lind<br \/>\nLjus: Tam\u00e1s B\u00e1nyai<br \/>\nKomposit\u00f6r: Tam\u00e1s Matk\u00f3<br \/>\nLjud: Marcus Lilja<br \/>\nVideo: Andr\u00e1s Juh\u00e1sz<br \/>\nDramaturg: Joel Nordstr\u00f6m<br \/>\nTeaterf\u00f6rlag: Nordiska ApS K\u00f6penhamn<\/p>\n","protected":false},"excerpt":{"rendered":"<p>Vad \u00e4r manligt och vad \u00e4r kvinnligt? Hur identifierar vi en person i den roll hen spelar? Det handlar om f\u00f6rdomar, f\u00f6rv\u00e4ntningar, illusioner och missuppfattningar. \u2013 Vem \u00e4r Schmitz? \u00e4r en skruvad komedi, lite som en sitcom faktiskt. Men med ett tragiskt slut, s\u00e4ger regiss\u00f6ren Ildik\u00f3 G\u00e1sp\u00e1r. Pj\u00e4sen \u00e4r skriven av den schweiziska dramatikern Lukas [&hellip;]<\/p>\n","protected":false},"author":13,"featured_media":0,"comment_status":"closed","ping_status":"closed","sticky":false,"template":"","format":"standard","meta":{"_genesis_hide_title":false,"_genesis_hide_breadcrumbs":false,"_genesis_hide_singular_image":false,"_genesis_hide_footer_widgets":false,"_genesis_custom_body_class":"","_genesis_custom_post_class":"","_genesis_layout":"","footnotes":""},"categories":[20,30,13624],"tags":[2163,2984,12288],"class_list":{"0":"post-130376","1":"post","2":"type-post","3":"status-publish","4":"format-standard","6":"category-film","7":"category-teater","8":"category-toppnytt","9":"tag-goteborgs-stadsteater","10":"tag-komedi","11":"tag-teater","12":"entry"},"_links":{"self":[{"href":"https:\/\/kulturbloggen.com\/index.php?rest_route=\/wp\/v2\/posts\/130376","targetHints":{"allow":["GET"]}}],"collection":[{"href":"https:\/\/kulturbloggen.com\/index.php?rest_route=\/wp\/v2\/posts"}],"about":[{"href":"https:\/\/kulturbloggen.com\/index.php?rest_route=\/wp\/v2\/types\/post"}],"author":[{"embeddable":true,"href":"https:\/\/kulturbloggen.com\/index.php?rest_route=\/wp\/v2\/users\/13"}],"replies":[{"embeddable":true,"href":"https:\/\/kulturbloggen.com\/index.php?rest_route=%2Fwp%2Fv2%2Fcomments&post=130376"}],"version-history":[{"count":3,"href":"https:\/\/kulturbloggen.com\/index.php?rest_route=\/wp\/v2\/posts\/130376\/revisions"}],"predecessor-version":[{"id":130380,"href":"https:\/\/kulturbloggen.com\/index.php?rest_route=\/wp\/v2\/posts\/130376\/revisions\/130380"}],"wp:attachment":[{"href":"https:\/\/kulturbloggen.com\/index.php?rest_route=%2Fwp%2Fv2%2Fmedia&parent=130376"}],"wp:term":[{"taxonomy":"category","embeddable":true,"href":"https:\/\/kulturbloggen.com\/index.php?rest_route=%2Fwp%2Fv2%2Fcategories&post=130376"},{"taxonomy":"post_tag","embeddable":true,"href":"https:\/\/kulturbloggen.com\/index.php?rest_route=%2Fwp%2Fv2%2Ftags&post=130376"}],"curies":[{"name":"wp","href":"https:\/\/api.w.org\/{rel}","templated":true}]}}