{"id":130297,"date":"2019-11-25T14:25:30","date_gmt":"2019-11-25T12:25:30","guid":{"rendered":"https:\/\/kulturbloggen.com\/?p=130297"},"modified":"2019-11-25T14:25:31","modified_gmt":"2019-11-25T12:25:31","slug":"helsingborgs-konserthus-satter-upp-tunstroms-roman-till-toner-av-bachs-juloratorium","status":"publish","type":"post","link":"https:\/\/kulturbloggen.com\/?p=130297","title":{"rendered":"Helsingborgs Konserthus  s\u00e4tter upp Tunstr\u00f6ms roman till toner av Bachs Juloratorium"},"content":{"rendered":"<p><img loading=\"lazy\" decoding=\"async\" class=\"aligncenter size-full wp-image-130299\" src=\"https:\/\/kulturbloggen.com\/wp-content\/uploads\/2019\/11\/unnamed-2-2.jpg\" alt=\"\" width=\"600\" height=\"257\" srcset=\"https:\/\/kulturbloggen.com\/wp-content\/uploads\/2019\/11\/unnamed-2-2.jpg 600w, https:\/\/kulturbloggen.com\/wp-content\/uploads\/2019\/11\/unnamed-2-2-300x129.jpg 300w\" sizes=\"auto, (max-width: 600px) 100vw, 600px\" \/><\/p>\n<p>Den andra advent m\u00f6ts tv\u00e5 klassiska verk p\u00e5 Helsingborgs Konserthus \u2013 ett musikaliskt och ett litter\u00e4rt. Helsingborgs Symfoniorkester och Konserthusk\u00f6r presenterar en konsert d\u00e4r Tunstr\u00f6ms roman Juloratoriet m\u00f6ter delar ur Bachs h\u00f6gtidsverk. Det blir ocks\u00e5 musik ur ett nyskrivet juloratorium av den danske tons\u00e4ttaren Thomas Agerfeldt Olesen.<\/p>\n<p>Ett pressmeddelande ber\u00e4ttar:<\/p>\n<p>I Helsingborgs Konserthus Romanserie framf\u00f6rs musikaliska verk med koppling till olika bokklassiker. Lagom till jul \u00e4r det dags f\u00f6r Juloratoriet och ett m\u00f6te mellan Johann Sebastian Bach och G\u00f6ran Tunstr\u00f6m. Vid konserten 8 december varvas urval av Juloratoriets storslagna musik med uppl\u00e4sning fr\u00e5n G\u00f6ran Tunstr\u00f6ms roman med samma namn. Musiken framf\u00f6rs av Helsingborgs Symfoniorkester, Konserthusk\u00f6ren och solister. Uppl\u00e4sare \u00e4r J\u00f6rgen D\u00fcberg som \u00e4r en v\u00e4lk\u00e4nd sk\u00e5despelare p\u00e5 Helsingborgs stadsteater.<\/p>\n<p>G\u00f6ran Tunstr\u00f6ms genombrottsroman fr\u00e5n 1983 sp\u00e4nner \u00f6ver tre generationer i v\u00e4rml\u00e4ndska Sunne och handlar om k\u00e4rlek och d\u00f6d, och om f\u00e4der och s\u00f6ner som \u00e5terf\u00f6renas till tonerna av Johann Sebastian Bachs musik. Den 8 december kommer b\u00e5de Bachs ursprungliga version och Thomas Agerfeldt Olesens nyskrivna verk att ackompanjera Tunstr\u00f6ms ber\u00e4ttelse.<\/p>\n<p>Kv\u00e4llens dirigent \u00e4r Ragnar Bohlin, chefsdirigent f\u00f6r San Francisco Symphony Chorus. Svenskf\u00f6dde Ragnar Bohlin \u00e4r en internationellt efterfr\u00e5gad dirigent som regelbundet g\u00e4stdirigerar i Europa. I Sverige har han bland annat lett Uppsala Vokalensemble, Kungliga Operan och Radiok\u00f6ren.<\/p>\n<p>N\u00c4R: S\u00f6ndag 8 december kl. 18.00<br \/>\nVAR: Helsingborgs Konserthus<\/p>\n<p>JOHANN SEBASTIAN BACH urval ur Juloratoriet<br \/>\nTHOMAS AGERFELDT OLESEN urval ur Juloratoriet<\/p>\n","protected":false},"excerpt":{"rendered":"<p>Den andra advent m\u00f6ts tv\u00e5 klassiska verk p\u00e5 Helsingborgs Konserthus \u2013 ett musikaliskt och ett litter\u00e4rt. Helsingborgs Symfoniorkester och Konserthusk\u00f6r presenterar en konsert d\u00e4r Tunstr\u00f6ms roman Juloratoriet m\u00f6ter delar ur Bachs h\u00f6gtidsverk. Det blir ocks\u00e5 musik ur ett nyskrivet juloratorium av den danske tons\u00e4ttaren Thomas Agerfeldt Olesen. Ett pressmeddelande ber\u00e4ttar: I Helsingborgs Konserthus Romanserie framf\u00f6rs [&hellip;]<\/p>\n","protected":false},"author":13,"featured_media":0,"comment_status":"closed","ping_status":"closed","sticky":false,"template":"","format":"standard","meta":{"_genesis_hide_title":false,"_genesis_hide_breadcrumbs":false,"_genesis_hide_singular_image":false,"_genesis_hide_footer_widgets":false,"_genesis_custom_body_class":"","_genesis_custom_post_class":"","_genesis_layout":"","footnotes":""},"categories":[7,13624],"tags":[],"class_list":{"0":"post-130297","1":"post","2":"type-post","3":"status-publish","4":"format-standard","6":"category-musik","7":"category-toppnytt","8":"entry"},"_links":{"self":[{"href":"https:\/\/kulturbloggen.com\/index.php?rest_route=\/wp\/v2\/posts\/130297","targetHints":{"allow":["GET"]}}],"collection":[{"href":"https:\/\/kulturbloggen.com\/index.php?rest_route=\/wp\/v2\/posts"}],"about":[{"href":"https:\/\/kulturbloggen.com\/index.php?rest_route=\/wp\/v2\/types\/post"}],"author":[{"embeddable":true,"href":"https:\/\/kulturbloggen.com\/index.php?rest_route=\/wp\/v2\/users\/13"}],"replies":[{"embeddable":true,"href":"https:\/\/kulturbloggen.com\/index.php?rest_route=%2Fwp%2Fv2%2Fcomments&post=130297"}],"version-history":[{"count":2,"href":"https:\/\/kulturbloggen.com\/index.php?rest_route=\/wp\/v2\/posts\/130297\/revisions"}],"predecessor-version":[{"id":130300,"href":"https:\/\/kulturbloggen.com\/index.php?rest_route=\/wp\/v2\/posts\/130297\/revisions\/130300"}],"wp:attachment":[{"href":"https:\/\/kulturbloggen.com\/index.php?rest_route=%2Fwp%2Fv2%2Fmedia&parent=130297"}],"wp:term":[{"taxonomy":"category","embeddable":true,"href":"https:\/\/kulturbloggen.com\/index.php?rest_route=%2Fwp%2Fv2%2Fcategories&post=130297"},{"taxonomy":"post_tag","embeddable":true,"href":"https:\/\/kulturbloggen.com\/index.php?rest_route=%2Fwp%2Fv2%2Ftags&post=130297"}],"curies":[{"name":"wp","href":"https:\/\/api.w.org\/{rel}","templated":true}]}}